{"id":10065,"date":"2015-03-30T11:10:12","date_gmt":"2015-03-30T08:10:12","guid":{"rendered":"http:\/\/www.eoc.ee\/?p=10065"},"modified":"2015-03-30T11:58:53","modified_gmt":"2015-03-30T08:58:53","slug":"puha-platoni-seminari-tunniplaan-31-marts-2-aprill-2015-2","status":"publish","type":"post","link":"https:\/\/www.eoc.ee\/fr\/non-classifiee\/puha-platoni-seminari-tunniplaan-31-marts-2-aprill-2015-2\/","title":{"rendered":"P\u00fcha Platoni seminari tunniplaan 31.m\u00e4rts &#8211; 2. aprill 2015"},"content":{"rendered":"<p><b>Teisip\u00e4eval, 31.m\u00e4rtsil:<\/b><\/p>\n<p>10:30 &#8211; Palvus<br \/>\n11:00 &#8211; 13:00 &#8211; \u00fcpr Mattias Palli : \u201cJumaliku liturgia areng XI-XIV sajand\u201d<br \/>\n13:00 &#8211; 14:00 \u2013 l\u00f5una<br \/>\n14:00 \u2013 17:00 \u2013 pr Kristoforos Parts \u201cKirikuisad\u201d<\/p>\n<p><b>Kolmap\u00e4eval, 1. aprillil:<\/b><\/p>\n<p>10:30 &#8211; Palvus<br \/>\n11:00 &#8211; 13:00 \u2013 \u00fcpr Mattias Palli : \u201cPraktilisi k\u00fcsimusi liturgikast\u201d<br \/>\n13:00 &#8211; 14:00 &#8211; l\u00f5una<br \/>\n14:00 \u2013 17:00 \u2013\u00a0Tauri T\u00f6lpt \u201cSissejuhatus \u00f5igeusu dogmaatikasse\u201d<\/p>\n<p>&nbsp;<\/p>\n<p><b>Neljap\u00e4eval, 2. aprillil:<\/b><\/p>\n<p>10:30 &#8211; Palvus<br \/>\n11:00 \u2013 13:00 &#8211;<br \/>\n13:00\u00a0\u2013\u00a014:00 \u2013 l\u00f5una<br \/>\n14:00 \u2013 17:00 &#8211;\u00a0Tallinna ja kogu Eesti metropoliit Stefanus: \u201cUsutunnistusest\u201d ning vestlusring<\/p>\n","protected":false},"excerpt":{"rendered":"<p>Teisip\u00e4eval, 31.m\u00e4rtsil: 10:30 &#8211; Palvus 11:00 &#8211; 13:00 &#8211; \u00fcpr Mattias Palli : \u201cJumaliku liturgia areng XI-XIV sajand\u201d 13:00 &#8211; 14:00 \u2013 l\u00f5una 14:00 \u2013 17:00 \u2013 pr Kristoforos Parts \u201cKirikuisad\u201d Kolmap\u00e4eval, 1. aprillil: 10:30 &#8211; Palvus 11:00 &#8211; 13:00 \u2013 \u00fcpr Mattias Palli : \u201cPraktilisi k\u00fcsimusi liturgikast\u201d 13:00 &#8211; 14:00 &#8211; l\u00f5una 14:00 \u2013 [&hellip;]<\/p>\n","protected":false},"author":7,"featured_media":0,"comment_status":"closed","ping_status":"open","sticky":false,"template":"","format":"standard","meta":{"_exactmetrics_skip_tracking":false,"_exactmetrics_sitenote_active":false,"_exactmetrics_sitenote_note":"","_exactmetrics_sitenote_category":0,"_monsterinsights_skip_tracking":false,"_monsterinsights_sitenote_active":false,"_monsterinsights_sitenote_note":"","_monsterinsights_sitenote_category":0,"footnotes":""},"categories":[4],"tags":[],"class_list":["post-10065","post","type-post","status-publish","format-standard","hentry","category-non-classifiee"],"yoast_head":"<!-- This site is optimized with the Yoast SEO plugin v27.5 - https:\/\/yoast.com\/product\/yoast-seo-wordpress\/ -->\n<title>P\u00fcha Platoni seminari tunniplaan 31.m\u00e4rts - 2. aprill 2015 &#8211; \u00c9glise Orthodoxe d&#039;Estonie<\/title>\n<meta name=\"robots\" content=\"index, follow, max-snippet:-1, max-image-preview:large, max-video-preview:-1\" \/>\n<link rel=\"canonical\" href=\"https:\/\/www.eoc.ee\/fr\/non-classifiee\/puha-platoni-seminari-tunniplaan-31-marts-2-aprill-2015-2\/\" \/>\n<meta property=\"og:locale\" content=\"fr_FR\" \/>\n<meta property=\"og:type\" content=\"article\" \/>\n<meta property=\"og:title\" content=\"P\u00fcha Platoni seminari tunniplaan 31.m\u00e4rts - 2. aprill 2015 &#8211; \u00c9glise Orthodoxe d&#039;Estonie\" \/>\n<meta property=\"og:description\" content=\"Teisip\u00e4eval, 31.m\u00e4rtsil: 10:30 &#8211; Palvus 11:00 &#8211; 13:00 &#8211; \u00fcpr Mattias Palli : \u201cJumaliku liturgia areng XI-XIV sajand\u201d 13:00 &#8211; 14:00 \u2013 l\u00f5una 14:00 \u2013 17:00 \u2013 pr Kristoforos Parts \u201cKirikuisad\u201d Kolmap\u00e4eval, 1. aprillil: 10:30 &#8211; Palvus 11:00 &#8211; 13:00 \u2013 \u00fcpr Mattias Palli : \u201cPraktilisi k\u00fcsimusi liturgikast\u201d 13:00 &#8211; 14:00 &#8211; l\u00f5una 14:00 \u2013 [&hellip;]\" \/>\n<meta property=\"og:url\" content=\"https:\/\/www.eoc.ee\/fr\/non-classifiee\/puha-platoni-seminari-tunniplaan-31-marts-2-aprill-2015-2\/\" \/>\n<meta property=\"og:site_name\" content=\"\u00c9glise Orthodoxe d&#039;Estonie\" \/>\n<meta property=\"article:published_time\" content=\"2015-03-30T08:10:12+00:00\" \/>\n<meta property=\"article:modified_time\" content=\"2015-03-30T08:58:53+00:00\" \/>\n<meta name=\"author\" content=\"Heike H\u00e4rma\" \/>\n<meta name=\"twitter:label1\" content=\"\u00c9crit par\" \/>\n\t<meta name=\"twitter:data1\" content=\"Heike H\u00e4rma\" \/>\n<script type=\"application\/ld+json\" class=\"yoast-schema-graph\">{\"@context\":\"https:\\\/\\\/schema.org\",\"@graph\":[{\"@type\":\"Article\",\"@id\":\"https:\\\/\\\/www.eoc.ee\\\/fr\\\/non-classifiee\\\/puha-platoni-seminari-tunniplaan-31-marts-2-aprill-2015-2\\\/#article\",\"isPartOf\":{\"@id\":\"https:\\\/\\\/www.eoc.ee\\\/fr\\\/non-classifiee\\\/puha-platoni-seminari-tunniplaan-31-marts-2-aprill-2015-2\\\/\"},\"author\":{\"name\":\"Heike H\u00e4rma\",\"@id\":\"https:\\\/\\\/www.eoc.ee\\\/#\\\/schema\\\/person\\\/bfa03b2406703aa1a9256392aaa001b3\"},\"headline\":\"P\u00fcha Platoni seminari tunniplaan 31.m\u00e4rts &#8211; 2. aprill 2015\",\"datePublished\":\"2015-03-30T08:10:12+00:00\",\"dateModified\":\"2015-03-30T08:58:53+00:00\",\"mainEntityOfPage\":{\"@id\":\"https:\\\/\\\/www.eoc.ee\\\/fr\\\/non-classifiee\\\/puha-platoni-seminari-tunniplaan-31-marts-2-aprill-2015-2\\\/\"},\"wordCount\":74,\"articleSection\":[\"Non classifi\u00e9(e)\"],\"inLanguage\":\"fr-FR\"},{\"@type\":\"WebPage\",\"@id\":\"https:\\\/\\\/www.eoc.ee\\\/fr\\\/non-classifiee\\\/puha-platoni-seminari-tunniplaan-31-marts-2-aprill-2015-2\\\/\",\"url\":\"https:\\\/\\\/www.eoc.ee\\\/fr\\\/non-classifiee\\\/puha-platoni-seminari-tunniplaan-31-marts-2-aprill-2015-2\\\/\",\"name\":\"P\u00fcha Platoni seminari tunniplaan 31.m\u00e4rts - 2. aprill 2015 &#8211; \u00c9glise Orthodoxe d'Estonie\",\"isPartOf\":{\"@id\":\"https:\\\/\\\/www.eoc.ee\\\/#website\"},\"datePublished\":\"2015-03-30T08:10:12+00:00\",\"dateModified\":\"2015-03-30T08:58:53+00:00\",\"author\":{\"@id\":\"https:\\\/\\\/www.eoc.ee\\\/#\\\/schema\\\/person\\\/bfa03b2406703aa1a9256392aaa001b3\"},\"breadcrumb\":{\"@id\":\"https:\\\/\\\/www.eoc.ee\\\/fr\\\/non-classifiee\\\/puha-platoni-seminari-tunniplaan-31-marts-2-aprill-2015-2\\\/#breadcrumb\"},\"inLanguage\":\"fr-FR\",\"potentialAction\":[{\"@type\":\"ReadAction\",\"target\":[\"https:\\\/\\\/www.eoc.ee\\\/fr\\\/non-classifiee\\\/puha-platoni-seminari-tunniplaan-31-marts-2-aprill-2015-2\\\/\"]}]},{\"@type\":\"BreadcrumbList\",\"@id\":\"https:\\\/\\\/www.eoc.ee\\\/fr\\\/non-classifiee\\\/puha-platoni-seminari-tunniplaan-31-marts-2-aprill-2015-2\\\/#breadcrumb\",\"itemListElement\":[{\"@type\":\"ListItem\",\"position\":1,\"name\":\"Home\",\"item\":\"https:\\\/\\\/www.eoc.ee\\\/\"},{\"@type\":\"ListItem\",\"position\":2,\"name\":\"P\u00fcha Platoni seminari tunniplaan 31.m\u00e4rts &#8211; 2. aprill 2015\"}]},{\"@type\":\"WebSite\",\"@id\":\"https:\\\/\\\/www.eoc.ee\\\/#website\",\"url\":\"https:\\\/\\\/www.eoc.ee\\\/\",\"name\":\"\u00c9glise Orthodoxe d'Estonie\",\"description\":\"Eesti Apostlik-\u00d5igeusu Kirik\",\"potentialAction\":[{\"@type\":\"SearchAction\",\"target\":{\"@type\":\"EntryPoint\",\"urlTemplate\":\"https:\\\/\\\/www.eoc.ee\\\/?s={search_term_string}\"},\"query-input\":{\"@type\":\"PropertyValueSpecification\",\"valueRequired\":true,\"valueName\":\"search_term_string\"}}],\"inLanguage\":\"fr-FR\"},{\"@type\":\"Person\",\"@id\":\"https:\\\/\\\/www.eoc.ee\\\/#\\\/schema\\\/person\\\/bfa03b2406703aa1a9256392aaa001b3\",\"name\":\"Heike H\u00e4rma\",\"image\":{\"@type\":\"ImageObject\",\"inLanguage\":\"fr-FR\",\"@id\":\"https:\\\/\\\/secure.gravatar.com\\\/avatar\\\/8eb3cb357606a6c8ed98d4b92714824fc7d2f06e57b58d2b730a00e0199effb6?s=96&d=mm&r=g\",\"url\":\"https:\\\/\\\/secure.gravatar.com\\\/avatar\\\/8eb3cb357606a6c8ed98d4b92714824fc7d2f06e57b58d2b730a00e0199effb6?s=96&d=mm&r=g\",\"contentUrl\":\"https:\\\/\\\/secure.gravatar.com\\\/avatar\\\/8eb3cb357606a6c8ed98d4b92714824fc7d2f06e57b58d2b730a00e0199effb6?s=96&d=mm&r=g\",\"caption\":\"Heike H\u00e4rma\"},\"url\":\"https:\\\/\\\/www.eoc.ee\\\/fr\\\/author\\\/heike\\\/\"}]}<\/script>\n<!-- \/ Yoast SEO plugin. -->","yoast_head_json":{"title":"P\u00fcha Platoni seminari tunniplaan 31.m\u00e4rts - 2. aprill 2015 &#8211; \u00c9glise Orthodoxe d'Estonie","robots":{"index":"index","follow":"follow","max-snippet":"max-snippet:-1","max-image-preview":"max-image-preview:large","max-video-preview":"max-video-preview:-1"},"canonical":"https:\/\/www.eoc.ee\/fr\/non-classifiee\/puha-platoni-seminari-tunniplaan-31-marts-2-aprill-2015-2\/","og_locale":"fr_FR","og_type":"article","og_title":"P\u00fcha Platoni seminari tunniplaan 31.m\u00e4rts - 2. aprill 2015 &#8211; \u00c9glise Orthodoxe d'Estonie","og_description":"Teisip\u00e4eval, 31.m\u00e4rtsil: 10:30 &#8211; Palvus 11:00 &#8211; 13:00 &#8211; \u00fcpr Mattias Palli : \u201cJumaliku liturgia areng XI-XIV sajand\u201d 13:00 &#8211; 14:00 \u2013 l\u00f5una 14:00 \u2013 17:00 \u2013 pr Kristoforos Parts \u201cKirikuisad\u201d Kolmap\u00e4eval, 1. aprillil: 10:30 &#8211; Palvus 11:00 &#8211; 13:00 \u2013 \u00fcpr Mattias Palli : \u201cPraktilisi k\u00fcsimusi liturgikast\u201d 13:00 &#8211; 14:00 &#8211; l\u00f5una 14:00 \u2013 [&hellip;]","og_url":"https:\/\/www.eoc.ee\/fr\/non-classifiee\/puha-platoni-seminari-tunniplaan-31-marts-2-aprill-2015-2\/","og_site_name":"\u00c9glise Orthodoxe d'Estonie","article_published_time":"2015-03-30T08:10:12+00:00","article_modified_time":"2015-03-30T08:58:53+00:00","author":"Heike H\u00e4rma","twitter_misc":{"\u00c9crit par":"Heike H\u00e4rma"},"schema":{"@context":"https:\/\/schema.org","@graph":[{"@type":"Article","@id":"https:\/\/www.eoc.ee\/fr\/non-classifiee\/puha-platoni-seminari-tunniplaan-31-marts-2-aprill-2015-2\/#article","isPartOf":{"@id":"https:\/\/www.eoc.ee\/fr\/non-classifiee\/puha-platoni-seminari-tunniplaan-31-marts-2-aprill-2015-2\/"},"author":{"name":"Heike H\u00e4rma","@id":"https:\/\/www.eoc.ee\/#\/schema\/person\/bfa03b2406703aa1a9256392aaa001b3"},"headline":"P\u00fcha Platoni seminari tunniplaan 31.m\u00e4rts &#8211; 2. aprill 2015","datePublished":"2015-03-30T08:10:12+00:00","dateModified":"2015-03-30T08:58:53+00:00","mainEntityOfPage":{"@id":"https:\/\/www.eoc.ee\/fr\/non-classifiee\/puha-platoni-seminari-tunniplaan-31-marts-2-aprill-2015-2\/"},"wordCount":74,"articleSection":["Non classifi\u00e9(e)"],"inLanguage":"fr-FR"},{"@type":"WebPage","@id":"https:\/\/www.eoc.ee\/fr\/non-classifiee\/puha-platoni-seminari-tunniplaan-31-marts-2-aprill-2015-2\/","url":"https:\/\/www.eoc.ee\/fr\/non-classifiee\/puha-platoni-seminari-tunniplaan-31-marts-2-aprill-2015-2\/","name":"P\u00fcha Platoni seminari tunniplaan 31.m\u00e4rts - 2. aprill 2015 &#8211; \u00c9glise Orthodoxe d'Estonie","isPartOf":{"@id":"https:\/\/www.eoc.ee\/#website"},"datePublished":"2015-03-30T08:10:12+00:00","dateModified":"2015-03-30T08:58:53+00:00","author":{"@id":"https:\/\/www.eoc.ee\/#\/schema\/person\/bfa03b2406703aa1a9256392aaa001b3"},"breadcrumb":{"@id":"https:\/\/www.eoc.ee\/fr\/non-classifiee\/puha-platoni-seminari-tunniplaan-31-marts-2-aprill-2015-2\/#breadcrumb"},"inLanguage":"fr-FR","potentialAction":[{"@type":"ReadAction","target":["https:\/\/www.eoc.ee\/fr\/non-classifiee\/puha-platoni-seminari-tunniplaan-31-marts-2-aprill-2015-2\/"]}]},{"@type":"BreadcrumbList","@id":"https:\/\/www.eoc.ee\/fr\/non-classifiee\/puha-platoni-seminari-tunniplaan-31-marts-2-aprill-2015-2\/#breadcrumb","itemListElement":[{"@type":"ListItem","position":1,"name":"Home","item":"https:\/\/www.eoc.ee\/"},{"@type":"ListItem","position":2,"name":"P\u00fcha Platoni seminari tunniplaan 31.m\u00e4rts &#8211; 2. aprill 2015"}]},{"@type":"WebSite","@id":"https:\/\/www.eoc.ee\/#website","url":"https:\/\/www.eoc.ee\/","name":"\u00c9glise Orthodoxe d'Estonie","description":"Eesti Apostlik-\u00d5igeusu Kirik","potentialAction":[{"@type":"SearchAction","target":{"@type":"EntryPoint","urlTemplate":"https:\/\/www.eoc.ee\/?s={search_term_string}"},"query-input":{"@type":"PropertyValueSpecification","valueRequired":true,"valueName":"search_term_string"}}],"inLanguage":"fr-FR"},{"@type":"Person","@id":"https:\/\/www.eoc.ee\/#\/schema\/person\/bfa03b2406703aa1a9256392aaa001b3","name":"Heike H\u00e4rma","image":{"@type":"ImageObject","inLanguage":"fr-FR","@id":"https:\/\/secure.gravatar.com\/avatar\/8eb3cb357606a6c8ed98d4b92714824fc7d2f06e57b58d2b730a00e0199effb6?s=96&d=mm&r=g","url":"https:\/\/secure.gravatar.com\/avatar\/8eb3cb357606a6c8ed98d4b92714824fc7d2f06e57b58d2b730a00e0199effb6?s=96&d=mm&r=g","contentUrl":"https:\/\/secure.gravatar.com\/avatar\/8eb3cb357606a6c8ed98d4b92714824fc7d2f06e57b58d2b730a00e0199effb6?s=96&d=mm&r=g","caption":"Heike H\u00e4rma"},"url":"https:\/\/www.eoc.ee\/fr\/author\/heike\/"}]}},"_links":{"self":[{"href":"https:\/\/www.eoc.ee\/fr\/wp-json\/wp\/v2\/posts\/10065","targetHints":{"allow":["GET"]}}],"collection":[{"href":"https:\/\/www.eoc.ee\/fr\/wp-json\/wp\/v2\/posts"}],"about":[{"href":"https:\/\/www.eoc.ee\/fr\/wp-json\/wp\/v2\/types\/post"}],"author":[{"embeddable":true,"href":"https:\/\/www.eoc.ee\/fr\/wp-json\/wp\/v2\/users\/7"}],"replies":[{"embeddable":true,"href":"https:\/\/www.eoc.ee\/fr\/wp-json\/wp\/v2\/comments?post=10065"}],"version-history":[{"count":4,"href":"https:\/\/www.eoc.ee\/fr\/wp-json\/wp\/v2\/posts\/10065\/revisions"}],"predecessor-version":[{"id":10087,"href":"https:\/\/www.eoc.ee\/fr\/wp-json\/wp\/v2\/posts\/10065\/revisions\/10087"}],"wp:attachment":[{"href":"https:\/\/www.eoc.ee\/fr\/wp-json\/wp\/v2\/media?parent=10065"}],"wp:term":[{"taxonomy":"category","embeddable":true,"href":"https:\/\/www.eoc.ee\/fr\/wp-json\/wp\/v2\/categories?post=10065"},{"taxonomy":"post_tag","embeddable":true,"href":"https:\/\/www.eoc.ee\/fr\/wp-json\/wp\/v2\/tags?post=10065"}],"curies":[{"name":"wp","href":"https:\/\/api.w.org\/{rel}","templated":true}]}}