{"id":10434,"date":"2015-05-06T14:06:18","date_gmt":"2015-05-06T11:06:18","guid":{"rendered":"http:\/\/www.eoc.ee\/?p=10434"},"modified":"2015-05-06T14:32:26","modified_gmt":"2015-05-06T11:32:26","slug":"reportage-sur-le-xve-congres-orthodoxe-en-europe-occidentale-du-30-avril-au-3-mai-2015","status":"publish","type":"post","link":"https:\/\/www.eoc.ee\/fr\/homelie-de-la-semaine\/reportage-sur-le-xve-congres-orthodoxe-en-europe-occidentale-du-30-avril-au-3-mai-2015\/","title":{"rendered":"Reportage sur le XVe Congr\u00e8s Orthodoxe en Europe Occidentale (du 30 avril au 3 mai 2015)"},"content":{"rendered":"<p>Le M\u00e9tropolite St\u00e9phanos \u0101 particip\u00e9 au XVe Congr\u0113s Orthodoxe en Europe Occidentale organis\u00e9 par la Fraternit\u00e9 Orthodoxe.<\/p>\n<p>Vous pouvez regarder le premier reportage sur ce congr\u0113s sur le lien suivant:<\/p>\n<p><a href=\"https:\/\/www.dailymotion.com\/video\/x2osv1m_xve-congres-orthodoxe-en-europe-occidentale-jt-du-19-20-france-3-aquitaine-01-05-2015_webcam?start=15\">XVe Congr\u00e8s Orthodoxe en Europe Occidentale &#8211; JT du 19\/20 &#8211; France 3 Aquitaine (01-05-2015)<\/a><\/p>\n<p>&nbsp;<\/p>\n<p>Veuillez trouver le texte int\u00e9gral de l&rsquo;intervention du M\u00e9tropolite en cliquant sur le lien:\u00a0<a href=\"http:\/\/www.eoc.ee\/fr\/metropolite\/calendrier-liturgique\/etre-chretien-dans-ce-monde-bordeaux-1-3-mai-2015\/\" target=\"_blank\">\u00ab\u00a0\u2026\u00eatre chr\u00e9tien dans ce monde\u2026\u00a0\u00bb.<br \/>\n<\/a><\/p>\n<p>&nbsp;<\/p>\n<ul id='gallery-110434' class='list gallery-list galleryid-10434 gallery-columns-3 gallery-size-thumbnail'><li class='gallery-item'>\n\t\t\t<p class='gallery-icon'>\n\t\t\t\t<a href='https:\/\/www.eoc.ee\/wp-content\/uploads\/2015\/05\/DSC_4381-scaled.jpg'><img loading=\"lazy\" decoding=\"async\" width=\"88\" height=\"88\" src=\"https:\/\/www.eoc.ee\/wp-content\/uploads\/2015\/05\/DSC_4381-88x88.jpg\" class=\"attachment-thumbnail size-thumbnail\" alt=\"\" srcset=\"https:\/\/www.eoc.ee\/wp-content\/uploads\/2015\/05\/DSC_4381-88x88.jpg 88w, https:\/\/www.eoc.ee\/wp-content\/uploads\/2015\/05\/DSC_4381-scaled-100x100.jpg 100w\" sizes=\"auto, (max-width: 88px) 100vw, 88px\" \/><\/a>\n\t\t\t<\/p><\/li><li class='gallery-item'>\n\t\t\t<p class='gallery-icon'>\n\t\t\t\t<a href='https:\/\/www.eoc.ee\/wp-content\/uploads\/2015\/05\/DSC_4385-scaled.jpg'><img loading=\"lazy\" decoding=\"async\" width=\"88\" height=\"88\" src=\"https:\/\/www.eoc.ee\/wp-content\/uploads\/2015\/05\/DSC_4385-88x88.jpg\" class=\"attachment-thumbnail size-thumbnail\" alt=\"\" srcset=\"https:\/\/www.eoc.ee\/wp-content\/uploads\/2015\/05\/DSC_4385-88x88.jpg 88w, https:\/\/www.eoc.ee\/wp-content\/uploads\/2015\/05\/DSC_4385-scaled-100x100.jpg 100w\" sizes=\"auto, (max-width: 88px) 100vw, 88px\" \/><\/a>\n\t\t\t<\/p><\/li><li class='gallery-item'>\n\t\t\t<p class='gallery-icon'>\n\t\t\t\t<a href='https:\/\/www.eoc.ee\/wp-content\/uploads\/2015\/05\/DSC_4484-scaled.jpg'><img loading=\"lazy\" decoding=\"async\" width=\"88\" height=\"88\" src=\"https:\/\/www.eoc.ee\/wp-content\/uploads\/2015\/05\/DSC_4484-88x88.jpg\" class=\"attachment-thumbnail size-thumbnail\" alt=\"\" srcset=\"https:\/\/www.eoc.ee\/wp-content\/uploads\/2015\/05\/DSC_4484-88x88.jpg 88w, https:\/\/www.eoc.ee\/wp-content\/uploads\/2015\/05\/DSC_4484-scaled-100x100.jpg 100w\" sizes=\"auto, (max-width: 88px) 100vw, 88px\" \/><\/a>\n\t\t\t<\/p><\/li><\/ul>\n\n","protected":false},"excerpt":{"rendered":"<p>Le M\u00e9tropolite St\u00e9phanos \u0101 particip\u00e9 au XVe Congr\u0113s Orthodoxe en Europe Occidentale organis\u00e9 par la Fraternit\u00e9 Orthodoxe. Vous pouvez regarder le premier reportage sur ce congr\u0113s sur le lien suivant: XVe Congr\u00e8s Orthodoxe en Europe Occidentale &#8211; JT du 19\/20 &#8211; France 3 Aquitaine (01-05-2015) &nbsp; Veuillez trouver le texte int\u00e9gral de l&rsquo;intervention du M\u00e9tropolite [&hellip;]<\/p>\n","protected":false},"author":7,"featured_media":0,"comment_status":"closed","ping_status":"open","sticky":false,"template":"","format":"standard","meta":{"_exactmetrics_skip_tracking":false,"_exactmetrics_sitenote_active":false,"_exactmetrics_sitenote_note":"","_exactmetrics_sitenote_category":0,"_monsterinsights_skip_tracking":false,"_monsterinsights_sitenote_active":false,"_monsterinsights_sitenote_note":"","_monsterinsights_sitenote_category":0,"footnotes":""},"categories":[185],"tags":[],"class_list":["post-10434","post","type-post","status-publish","format-standard","hentry","category-homelie-de-la-semaine"],"yoast_head":"<!-- This site is optimized with the Yoast SEO plugin v27.5 - https:\/\/yoast.com\/product\/yoast-seo-wordpress\/ -->\n<title>Reportage sur le XVe Congr\u00e8s Orthodoxe en Europe Occidentale (du 30 avril au 3 mai 2015) &#8211; \u00c9glise Orthodoxe d&#039;Estonie<\/title>\n<meta name=\"robots\" content=\"index, follow, max-snippet:-1, max-image-preview:large, max-video-preview:-1\" \/>\n<link rel=\"canonical\" href=\"https:\/\/www.eoc.ee\/fr\/homelie-de-la-semaine\/reportage-sur-le-xve-congres-orthodoxe-en-europe-occidentale-du-30-avril-au-3-mai-2015\/\" \/>\n<meta property=\"og:locale\" content=\"fr_FR\" \/>\n<meta property=\"og:type\" content=\"article\" \/>\n<meta property=\"og:title\" content=\"Reportage sur le XVe Congr\u00e8s Orthodoxe en Europe Occidentale (du 30 avril au 3 mai 2015) &#8211; \u00c9glise Orthodoxe d&#039;Estonie\" \/>\n<meta property=\"og:description\" content=\"Le M\u00e9tropolite St\u00e9phanos \u0101 particip\u00e9 au XVe Congr\u0113s Orthodoxe en Europe Occidentale organis\u00e9 par la Fraternit\u00e9 Orthodoxe. Vous pouvez regarder le premier reportage sur ce congr\u0113s sur le lien suivant: XVe Congr\u00e8s Orthodoxe en Europe Occidentale &#8211; JT du 19\/20 &#8211; France 3 Aquitaine (01-05-2015) &nbsp; Veuillez trouver le texte int\u00e9gral de l&rsquo;intervention du M\u00e9tropolite [&hellip;]\" \/>\n<meta property=\"og:url\" content=\"https:\/\/www.eoc.ee\/fr\/homelie-de-la-semaine\/reportage-sur-le-xve-congres-orthodoxe-en-europe-occidentale-du-30-avril-au-3-mai-2015\/\" \/>\n<meta property=\"og:site_name\" content=\"\u00c9glise Orthodoxe d&#039;Estonie\" \/>\n<meta property=\"article:published_time\" content=\"2015-05-06T11:06:18+00:00\" \/>\n<meta property=\"article:modified_time\" content=\"2015-05-06T11:32:26+00:00\" \/>\n<meta name=\"author\" content=\"Heike H\u00e4rma\" \/>\n<meta name=\"twitter:label1\" content=\"\u00c9crit par\" \/>\n\t<meta name=\"twitter:data1\" content=\"Heike H\u00e4rma\" \/>\n<script type=\"application\/ld+json\" class=\"yoast-schema-graph\">{\"@context\":\"https:\\\/\\\/schema.org\",\"@graph\":[{\"@type\":\"Article\",\"@id\":\"https:\\\/\\\/www.eoc.ee\\\/fr\\\/homelie-de-la-semaine\\\/reportage-sur-le-xve-congres-orthodoxe-en-europe-occidentale-du-30-avril-au-3-mai-2015\\\/#article\",\"isPartOf\":{\"@id\":\"https:\\\/\\\/www.eoc.ee\\\/fr\\\/homelie-de-la-semaine\\\/reportage-sur-le-xve-congres-orthodoxe-en-europe-occidentale-du-30-avril-au-3-mai-2015\\\/\"},\"author\":{\"name\":\"Heike H\u00e4rma\",\"@id\":\"https:\\\/\\\/www.eoc.ee\\\/#\\\/schema\\\/person\\\/bfa03b2406703aa1a9256392aaa001b3\"},\"headline\":\"Reportage sur le XVe Congr\u00e8s Orthodoxe en Europe Occidentale (du 30 avril au 3 mai 2015)\",\"datePublished\":\"2015-05-06T11:06:18+00:00\",\"dateModified\":\"2015-05-06T11:32:26+00:00\",\"mainEntityOfPage\":{\"@id\":\"https:\\\/\\\/www.eoc.ee\\\/fr\\\/homelie-de-la-semaine\\\/reportage-sur-le-xve-congres-orthodoxe-en-europe-occidentale-du-30-avril-au-3-mai-2015\\\/\"},\"wordCount\":91,\"articleSection\":[\"Nouveau sur le site\"],\"inLanguage\":\"fr-FR\"},{\"@type\":\"WebPage\",\"@id\":\"https:\\\/\\\/www.eoc.ee\\\/fr\\\/homelie-de-la-semaine\\\/reportage-sur-le-xve-congres-orthodoxe-en-europe-occidentale-du-30-avril-au-3-mai-2015\\\/\",\"url\":\"https:\\\/\\\/www.eoc.ee\\\/fr\\\/homelie-de-la-semaine\\\/reportage-sur-le-xve-congres-orthodoxe-en-europe-occidentale-du-30-avril-au-3-mai-2015\\\/\",\"name\":\"Reportage sur le XVe Congr\u00e8s Orthodoxe en Europe Occidentale (du 30 avril au 3 mai 2015) &#8211; \u00c9glise Orthodoxe d'Estonie\",\"isPartOf\":{\"@id\":\"https:\\\/\\\/www.eoc.ee\\\/#website\"},\"datePublished\":\"2015-05-06T11:06:18+00:00\",\"dateModified\":\"2015-05-06T11:32:26+00:00\",\"author\":{\"@id\":\"https:\\\/\\\/www.eoc.ee\\\/#\\\/schema\\\/person\\\/bfa03b2406703aa1a9256392aaa001b3\"},\"breadcrumb\":{\"@id\":\"https:\\\/\\\/www.eoc.ee\\\/fr\\\/homelie-de-la-semaine\\\/reportage-sur-le-xve-congres-orthodoxe-en-europe-occidentale-du-30-avril-au-3-mai-2015\\\/#breadcrumb\"},\"inLanguage\":\"fr-FR\",\"potentialAction\":[{\"@type\":\"ReadAction\",\"target\":[\"https:\\\/\\\/www.eoc.ee\\\/fr\\\/homelie-de-la-semaine\\\/reportage-sur-le-xve-congres-orthodoxe-en-europe-occidentale-du-30-avril-au-3-mai-2015\\\/\"]}]},{\"@type\":\"BreadcrumbList\",\"@id\":\"https:\\\/\\\/www.eoc.ee\\\/fr\\\/homelie-de-la-semaine\\\/reportage-sur-le-xve-congres-orthodoxe-en-europe-occidentale-du-30-avril-au-3-mai-2015\\\/#breadcrumb\",\"itemListElement\":[{\"@type\":\"ListItem\",\"position\":1,\"name\":\"Home\",\"item\":\"https:\\\/\\\/www.eoc.ee\\\/\"},{\"@type\":\"ListItem\",\"position\":2,\"name\":\"Reportage sur le XVe Congr\u00e8s Orthodoxe en Europe Occidentale (du 30 avril au 3 mai 2015)\"}]},{\"@type\":\"WebSite\",\"@id\":\"https:\\\/\\\/www.eoc.ee\\\/#website\",\"url\":\"https:\\\/\\\/www.eoc.ee\\\/\",\"name\":\"\u00c9glise Orthodoxe d'Estonie\",\"description\":\"Eesti Apostlik-\u00d5igeusu Kirik\",\"potentialAction\":[{\"@type\":\"SearchAction\",\"target\":{\"@type\":\"EntryPoint\",\"urlTemplate\":\"https:\\\/\\\/www.eoc.ee\\\/?s={search_term_string}\"},\"query-input\":{\"@type\":\"PropertyValueSpecification\",\"valueRequired\":true,\"valueName\":\"search_term_string\"}}],\"inLanguage\":\"fr-FR\"},{\"@type\":\"Person\",\"@id\":\"https:\\\/\\\/www.eoc.ee\\\/#\\\/schema\\\/person\\\/bfa03b2406703aa1a9256392aaa001b3\",\"name\":\"Heike H\u00e4rma\",\"image\":{\"@type\":\"ImageObject\",\"inLanguage\":\"fr-FR\",\"@id\":\"https:\\\/\\\/secure.gravatar.com\\\/avatar\\\/8eb3cb357606a6c8ed98d4b92714824fc7d2f06e57b58d2b730a00e0199effb6?s=96&d=mm&r=g\",\"url\":\"https:\\\/\\\/secure.gravatar.com\\\/avatar\\\/8eb3cb357606a6c8ed98d4b92714824fc7d2f06e57b58d2b730a00e0199effb6?s=96&d=mm&r=g\",\"contentUrl\":\"https:\\\/\\\/secure.gravatar.com\\\/avatar\\\/8eb3cb357606a6c8ed98d4b92714824fc7d2f06e57b58d2b730a00e0199effb6?s=96&d=mm&r=g\",\"caption\":\"Heike H\u00e4rma\"},\"url\":\"https:\\\/\\\/www.eoc.ee\\\/fr\\\/author\\\/heike\\\/\"}]}<\/script>\n<!-- \/ Yoast SEO plugin. -->","yoast_head_json":{"title":"Reportage sur le XVe Congr\u00e8s Orthodoxe en Europe Occidentale (du 30 avril au 3 mai 2015) &#8211; \u00c9glise Orthodoxe d'Estonie","robots":{"index":"index","follow":"follow","max-snippet":"max-snippet:-1","max-image-preview":"max-image-preview:large","max-video-preview":"max-video-preview:-1"},"canonical":"https:\/\/www.eoc.ee\/fr\/homelie-de-la-semaine\/reportage-sur-le-xve-congres-orthodoxe-en-europe-occidentale-du-30-avril-au-3-mai-2015\/","og_locale":"fr_FR","og_type":"article","og_title":"Reportage sur le XVe Congr\u00e8s Orthodoxe en Europe Occidentale (du 30 avril au 3 mai 2015) &#8211; \u00c9glise Orthodoxe d'Estonie","og_description":"Le M\u00e9tropolite St\u00e9phanos \u0101 particip\u00e9 au XVe Congr\u0113s Orthodoxe en Europe Occidentale organis\u00e9 par la Fraternit\u00e9 Orthodoxe. Vous pouvez regarder le premier reportage sur ce congr\u0113s sur le lien suivant: XVe Congr\u00e8s Orthodoxe en Europe Occidentale &#8211; JT du 19\/20 &#8211; France 3 Aquitaine (01-05-2015) &nbsp; Veuillez trouver le texte int\u00e9gral de l&rsquo;intervention du M\u00e9tropolite [&hellip;]","og_url":"https:\/\/www.eoc.ee\/fr\/homelie-de-la-semaine\/reportage-sur-le-xve-congres-orthodoxe-en-europe-occidentale-du-30-avril-au-3-mai-2015\/","og_site_name":"\u00c9glise Orthodoxe d'Estonie","article_published_time":"2015-05-06T11:06:18+00:00","article_modified_time":"2015-05-06T11:32:26+00:00","author":"Heike H\u00e4rma","twitter_misc":{"\u00c9crit par":"Heike H\u00e4rma"},"schema":{"@context":"https:\/\/schema.org","@graph":[{"@type":"Article","@id":"https:\/\/www.eoc.ee\/fr\/homelie-de-la-semaine\/reportage-sur-le-xve-congres-orthodoxe-en-europe-occidentale-du-30-avril-au-3-mai-2015\/#article","isPartOf":{"@id":"https:\/\/www.eoc.ee\/fr\/homelie-de-la-semaine\/reportage-sur-le-xve-congres-orthodoxe-en-europe-occidentale-du-30-avril-au-3-mai-2015\/"},"author":{"name":"Heike H\u00e4rma","@id":"https:\/\/www.eoc.ee\/#\/schema\/person\/bfa03b2406703aa1a9256392aaa001b3"},"headline":"Reportage sur le XVe Congr\u00e8s Orthodoxe en Europe Occidentale (du 30 avril au 3 mai 2015)","datePublished":"2015-05-06T11:06:18+00:00","dateModified":"2015-05-06T11:32:26+00:00","mainEntityOfPage":{"@id":"https:\/\/www.eoc.ee\/fr\/homelie-de-la-semaine\/reportage-sur-le-xve-congres-orthodoxe-en-europe-occidentale-du-30-avril-au-3-mai-2015\/"},"wordCount":91,"articleSection":["Nouveau sur le site"],"inLanguage":"fr-FR"},{"@type":"WebPage","@id":"https:\/\/www.eoc.ee\/fr\/homelie-de-la-semaine\/reportage-sur-le-xve-congres-orthodoxe-en-europe-occidentale-du-30-avril-au-3-mai-2015\/","url":"https:\/\/www.eoc.ee\/fr\/homelie-de-la-semaine\/reportage-sur-le-xve-congres-orthodoxe-en-europe-occidentale-du-30-avril-au-3-mai-2015\/","name":"Reportage sur le XVe Congr\u00e8s Orthodoxe en Europe Occidentale (du 30 avril au 3 mai 2015) &#8211; \u00c9glise Orthodoxe d'Estonie","isPartOf":{"@id":"https:\/\/www.eoc.ee\/#website"},"datePublished":"2015-05-06T11:06:18+00:00","dateModified":"2015-05-06T11:32:26+00:00","author":{"@id":"https:\/\/www.eoc.ee\/#\/schema\/person\/bfa03b2406703aa1a9256392aaa001b3"},"breadcrumb":{"@id":"https:\/\/www.eoc.ee\/fr\/homelie-de-la-semaine\/reportage-sur-le-xve-congres-orthodoxe-en-europe-occidentale-du-30-avril-au-3-mai-2015\/#breadcrumb"},"inLanguage":"fr-FR","potentialAction":[{"@type":"ReadAction","target":["https:\/\/www.eoc.ee\/fr\/homelie-de-la-semaine\/reportage-sur-le-xve-congres-orthodoxe-en-europe-occidentale-du-30-avril-au-3-mai-2015\/"]}]},{"@type":"BreadcrumbList","@id":"https:\/\/www.eoc.ee\/fr\/homelie-de-la-semaine\/reportage-sur-le-xve-congres-orthodoxe-en-europe-occidentale-du-30-avril-au-3-mai-2015\/#breadcrumb","itemListElement":[{"@type":"ListItem","position":1,"name":"Home","item":"https:\/\/www.eoc.ee\/"},{"@type":"ListItem","position":2,"name":"Reportage sur le XVe Congr\u00e8s Orthodoxe en Europe Occidentale (du 30 avril au 3 mai 2015)"}]},{"@type":"WebSite","@id":"https:\/\/www.eoc.ee\/#website","url":"https:\/\/www.eoc.ee\/","name":"\u00c9glise Orthodoxe d'Estonie","description":"Eesti Apostlik-\u00d5igeusu Kirik","potentialAction":[{"@type":"SearchAction","target":{"@type":"EntryPoint","urlTemplate":"https:\/\/www.eoc.ee\/?s={search_term_string}"},"query-input":{"@type":"PropertyValueSpecification","valueRequired":true,"valueName":"search_term_string"}}],"inLanguage":"fr-FR"},{"@type":"Person","@id":"https:\/\/www.eoc.ee\/#\/schema\/person\/bfa03b2406703aa1a9256392aaa001b3","name":"Heike H\u00e4rma","image":{"@type":"ImageObject","inLanguage":"fr-FR","@id":"https:\/\/secure.gravatar.com\/avatar\/8eb3cb357606a6c8ed98d4b92714824fc7d2f06e57b58d2b730a00e0199effb6?s=96&d=mm&r=g","url":"https:\/\/secure.gravatar.com\/avatar\/8eb3cb357606a6c8ed98d4b92714824fc7d2f06e57b58d2b730a00e0199effb6?s=96&d=mm&r=g","contentUrl":"https:\/\/secure.gravatar.com\/avatar\/8eb3cb357606a6c8ed98d4b92714824fc7d2f06e57b58d2b730a00e0199effb6?s=96&d=mm&r=g","caption":"Heike H\u00e4rma"},"url":"https:\/\/www.eoc.ee\/fr\/author\/heike\/"}]}},"_links":{"self":[{"href":"https:\/\/www.eoc.ee\/fr\/wp-json\/wp\/v2\/posts\/10434","targetHints":{"allow":["GET"]}}],"collection":[{"href":"https:\/\/www.eoc.ee\/fr\/wp-json\/wp\/v2\/posts"}],"about":[{"href":"https:\/\/www.eoc.ee\/fr\/wp-json\/wp\/v2\/types\/post"}],"author":[{"embeddable":true,"href":"https:\/\/www.eoc.ee\/fr\/wp-json\/wp\/v2\/users\/7"}],"replies":[{"embeddable":true,"href":"https:\/\/www.eoc.ee\/fr\/wp-json\/wp\/v2\/comments?post=10434"}],"version-history":[{"count":7,"href":"https:\/\/www.eoc.ee\/fr\/wp-json\/wp\/v2\/posts\/10434\/revisions"}],"predecessor-version":[{"id":10446,"href":"https:\/\/www.eoc.ee\/fr\/wp-json\/wp\/v2\/posts\/10434\/revisions\/10446"}],"wp:attachment":[{"href":"https:\/\/www.eoc.ee\/fr\/wp-json\/wp\/v2\/media?parent=10434"}],"wp:term":[{"taxonomy":"category","embeddable":true,"href":"https:\/\/www.eoc.ee\/fr\/wp-json\/wp\/v2\/categories?post=10434"},{"taxonomy":"post_tag","embeddable":true,"href":"https:\/\/www.eoc.ee\/fr\/wp-json\/wp\/v2\/tags?post=10434"}],"curies":[{"name":"wp","href":"https:\/\/api.w.org\/{rel}","templated":true}]}}