{"id":11378,"date":"2015-10-07T11:31:38","date_gmt":"2015-10-07T08:31:38","guid":{"rendered":"http:\/\/www.eoc.ee\/?p=11378"},"modified":"2015-10-07T11:31:38","modified_gmt":"2015-10-07T08:31:38","slug":"pelerinage-sumela-en-turquie-le-15-aout-2015","status":"publish","type":"post","link":"https:\/\/www.eoc.ee\/fr\/homelie-de-la-semaine\/pelerinage-sumela-en-turquie-le-15-aout-2015\/","title":{"rendered":"P\u00e8lerinage \u00e0 Sumela en Turquie le 15 ao\u00fbt 2015"},"content":{"rendered":"<p align=\"center\"><b>PELERINAGE A SUMELA EN TURQUIE<\/b><\/p>\n<p align=\"center\"><b>Le 15 ao\u00fbt 2015<\/b><\/p>\n<p align=\"center\"><b>En compagnie du Patriarche Bartholom\u00e9e de Constantinople<\/b><\/p>\n<p>&nbsp;<\/p>\n<p>Le 15 ao\u00fbt 2015 notre M\u00e9tropolite a \u00e9t\u00e9 invit\u00e9 par le Patriarche \u0152cum\u00e9nique Bartholom\u00e9e de Constantinople \u00e0 participer au p\u00e8lerinage au monast\u00e8re de Sumela dans le Pont en Turquie et \u00e0 conc\u00e9l\u00e9brer avec lui la divine liturgie de la Dormition de la M\u00e8re de Dieu.<\/p>\n<p>Outre la d\u00e9l\u00e9gation patriarcale, \u00e9tait pr\u00e9sent un grand nombre de fid\u00e8les venus non seulement de Turquie et de Gr\u00e8ce, mais du monde entier.<\/p>\n<p>Le monast\u00e8re de Sumela a \u00e9t\u00e9 fond\u00e9 en 386 sous le r\u00e8gne de l\u2019empereur Th\u00e9odose le Grand, par deux moines Varnava et Sophronios, qui trouv\u00e8rent, dans une grotte, une ic\u00f4ne de la Theotokos peinte, selon la l\u00e9gende, par l\u2019\u00e9vang\u00e9liste Luc.<\/p>\n<p>Sumela vient de l\u2019expression grecque \u00ab\u00a0stou mela\u00a0\u00bb o\u00f9 \u00ab\u00a0mela\u00a0\u00bb signifie noir\u00a0\u00bb ou \u00ab\u00a0sombre\u00a0\u00bb, \u00e0 cause de la couleur de l\u2019ic\u00f4ne de la Theotokos qui renvoie \u00e0 la tradition des Vierges Noires.<\/p>\n<p style=\"text-align: center;\"><a href=\"http:\/\/www.eoc.ee\/wp-content\/uploads\/2015\/09\/sumela03.jpg\"><img loading=\"lazy\" decoding=\"async\" class=\"alignnone size-full wp-image-11283\" alt=\"sumela03\" src=\"http:\/\/www.eoc.ee\/wp-content\/uploads\/2015\/09\/sumela03.jpg\" width=\"275\" height=\"183\" \/><\/a><\/p>\n<p>Le monast\u00e8re prosp\u00e9ra gr\u00e2ce \u00e0 la g\u00e9n\u00e9rosit\u00e9 du prince Alexis lll Com\u00e8ne, de l\u2019empire de Tr\u00e9bizonde, puis de son fils Manuel lll. A l\u2019\u00e9poque ottomane, il re\u00e7ut la protection du sultan Mehmed ll puis de ses successeurs. Au XVlll\u00e8 les vo\u00efvodes de Valachie lui accord\u00e8rent \u00e9galement leur protection. L\u2019\u00e2ge d\u2019or du monast\u00e8re se situe au XlX\u00e8 si\u00e8cle o\u00f9 ses moines parcouraient l\u2019Anatolie, les Balkans et la Russie pour vendre les ic\u00f4nes du monast\u00e8re.<\/p>\n<p style=\"text-align: center;\"><a href=\"http:\/\/www.eoc.ee\/wp-content\/uploads\/2015\/09\/sumela01.jpg\"><img loading=\"lazy\" decoding=\"async\" class=\"alignnone size-full wp-image-11281\" alt=\"sumela01\" src=\"http:\/\/www.eoc.ee\/wp-content\/uploads\/2015\/09\/sumela01.jpg\" width=\"259\" height=\"194\" \/><\/a><\/p>\n<p>Le monast\u00e8re est tr\u00e8s difficile d\u2019acc\u00e8s. Il se situe au pied d\u2019une falaise abrupte face \u00e0 la vall\u00e9e de l\u2019Altindere dans la r\u00e9gion de Ma\u00e7ka dans la province de Trabzon en Turquie. Il se situe \u00e0 une altitude d\u2019environ 1200m, dominant une grande partie du paysage alpestre environnant. On acc\u00e8de \u00e0 l\u2019entr\u00e9e du monast\u00e8re par un escalier long et \u00e9troit. Depuis 2000, le gouvernement turc entreprend les travaux n\u00e9cessaires \u00e0 la restauration du site, devenu une attraction touristique majeure du Pont, en raison de sa situation spectaculaire donnant sur les for\u00eats et cours d\u2019eau environnants. Cela rend le lieu extr\u00eamement populaire tant pour la beaut\u00e9 des paysages que pour son int\u00e9r\u00eat historique et culturel mais \u00e9galement spirituel.<\/p>\n<p style=\"text-align: center;\"><a href=\"http:\/\/www.eoc.ee\/wp-content\/uploads\/2015\/09\/sumela02.jpg\"><img loading=\"lazy\" decoding=\"async\" class=\"alignnone size-full wp-image-11282\" alt=\"sumela02\" src=\"http:\/\/www.eoc.ee\/wp-content\/uploads\/2015\/09\/sumela02.jpg\" width=\"259\" height=\"194\" \/><\/a><\/p>\n<p>Le monast\u00e8re \u00e9tait un haut lieu spirituel. Chaque ann\u00e9e, le 15 ao\u00fbt, se d\u00e9roulait le p\u00e8lerinage pour la f\u00eate de la Dormition de la M\u00e8re de Dieu. Celui-ci prit de plus en plus d\u2019ampleur chaque ann\u00e9e. Il devint un grand \u00e9v\u00e9nement autour du monast\u00e8re. Ce p\u00e8lerinage s\u2019arr\u00eata lors de l\u2019abandon du monast\u00e8re faisant suite au trait\u00e9 de Lausanne en 1923 qui amena un \u00e9change de population entre la Gr\u00e8ce et la Turquie. Il tomba en ruine et f\u00fbt pill\u00e9.<\/p>\n<p>Depuis 2010, chaque ann\u00e9e le Patriarche \u0152cum\u00e9nique Bartholom\u00e9e peut, de nouveau, y c\u00e9l\u00e9brer la Divine Liturgie pour le p\u00e8lerinage du 15 ao\u00fbt. Cela montre le long travail (silencieux et patient) entrepris par le Patriarcat \u0152cum\u00e9nique et le gouvernement turc, pour normaliser leurs relations. Cela montre \u00e9galement le travail pastoral accompli par le Patriarche \u0152cum\u00e9nique sur ses communaut\u00e9s en Turquie et le regain d\u2019int\u00e9r\u00eat de la soci\u00e9t\u00e9 turque pour la personnalit\u00e9 du Patriarche \u0152cum\u00e9nique Bartholom\u00e9e. C\u2019est un travail minutieux, patient et soutenu, que le Patriarcat \u0152cum\u00e9nique de Constantinople, de par la personnalit\u00e9 du Patriarche Bartholom\u00e9e, accomplit loin des lumi\u00e8res m\u00e9diatiques. C\u2019est un travail en profondeur qui ancre le Patriarcat \u0152cum\u00e9nique de Constantinople tant \u00e0 l\u2019int\u00e9rieur de la Turquie, qu\u2019au niveau international, dans son r\u00f4le de Premier parmi les \u00e9gaux.<\/p>\n<p style=\"text-align: center;\"><a href=\"http:\/\/www.eoc.ee\/wp-content\/uploads\/2015\/09\/sumela05.jpg\"><img loading=\"lazy\" decoding=\"async\" class=\"alignnone size-full wp-image-11285\" alt=\"sumela05\" src=\"http:\/\/www.eoc.ee\/wp-content\/uploads\/2015\/09\/sumela05.jpg\" width=\"968\" height=\"644\" srcset=\"https:\/\/www.eoc.ee\/wp-content\/uploads\/2015\/09\/sumela05.jpg 1200w, https:\/\/www.eoc.ee\/wp-content\/uploads\/2015\/09\/sumela05-600x400.jpg 600w, https:\/\/www.eoc.ee\/wp-content\/uploads\/2015\/09\/sumela05-310x206.jpg 310w, https:\/\/www.eoc.ee\/wp-content\/uploads\/2015\/09\/sumela05-1024x681.jpg 1024w\" sizes=\"auto, (max-width: 968px) 100vw, 968px\" \/><\/a><\/p>\n","protected":false},"excerpt":{"rendered":"<p>PELERINAGE A SUMELA EN TURQUIE Le 15 ao\u00fbt 2015 En compagnie du Patriarche Bartholom\u00e9e de Constantinople &nbsp; Le 15 ao\u00fbt 2015 notre M\u00e9tropolite a \u00e9t\u00e9 invit\u00e9 par le Patriarche \u0152cum\u00e9nique Bartholom\u00e9e de Constantinople \u00e0 participer au p\u00e8lerinage au monast\u00e8re de Sumela dans le Pont en Turquie et \u00e0 conc\u00e9l\u00e9brer avec lui la divine liturgie de [&hellip;]<\/p>\n","protected":false},"author":4,"featured_media":0,"comment_status":"closed","ping_status":"closed","sticky":false,"template":"","format":"standard","meta":{"_exactmetrics_skip_tracking":false,"_exactmetrics_sitenote_active":false,"_exactmetrics_sitenote_note":"","_exactmetrics_sitenote_category":0,"_monsterinsights_skip_tracking":false,"_monsterinsights_sitenote_active":false,"_monsterinsights_sitenote_note":"","_monsterinsights_sitenote_category":0,"footnotes":""},"categories":[185],"tags":[201],"class_list":["post-11378","post","type-post","status-publish","format-standard","hentry","category-homelie-de-la-semaine","tag-sumela"],"yoast_head":"<!-- This site is optimized with the Yoast SEO plugin v27.5 - https:\/\/yoast.com\/product\/yoast-seo-wordpress\/ -->\n<title>P\u00e8lerinage \u00e0 Sumela en Turquie le 15 ao\u00fbt 2015 &#8211; \u00c9glise Orthodoxe d&#039;Estonie<\/title>\n<meta name=\"robots\" content=\"index, follow, max-snippet:-1, max-image-preview:large, max-video-preview:-1\" \/>\n<link rel=\"canonical\" href=\"https:\/\/www.eoc.ee\/fr\/homelie-de-la-semaine\/pelerinage-sumela-en-turquie-le-15-aout-2015\/\" \/>\n<meta property=\"og:locale\" content=\"fr_FR\" \/>\n<meta property=\"og:type\" content=\"article\" \/>\n<meta property=\"og:title\" content=\"P\u00e8lerinage \u00e0 Sumela en Turquie le 15 ao\u00fbt 2015 &#8211; \u00c9glise Orthodoxe d&#039;Estonie\" \/>\n<meta property=\"og:description\" content=\"PELERINAGE A SUMELA EN TURQUIE Le 15 ao\u00fbt 2015 En compagnie du Patriarche Bartholom\u00e9e de Constantinople &nbsp; Le 15 ao\u00fbt 2015 notre M\u00e9tropolite a \u00e9t\u00e9 invit\u00e9 par le Patriarche \u0152cum\u00e9nique Bartholom\u00e9e de Constantinople \u00e0 participer au p\u00e8lerinage au monast\u00e8re de Sumela dans le Pont en Turquie et \u00e0 conc\u00e9l\u00e9brer avec lui la divine liturgie de [&hellip;]\" \/>\n<meta property=\"og:url\" content=\"https:\/\/www.eoc.ee\/fr\/homelie-de-la-semaine\/pelerinage-sumela-en-turquie-le-15-aout-2015\/\" \/>\n<meta property=\"og:site_name\" content=\"\u00c9glise Orthodoxe d&#039;Estonie\" \/>\n<meta property=\"article:published_time\" content=\"2015-10-07T08:31:38+00:00\" \/>\n<meta property=\"og:image\" content=\"https:\/\/www.eoc.ee\/wp-content\/uploads\/2015\/09\/sumela03.jpg\" \/>\n\t<meta property=\"og:image:width\" content=\"275\" \/>\n\t<meta property=\"og:image:height\" content=\"183\" \/>\n\t<meta property=\"og:image:type\" content=\"image\/jpeg\" \/>\n<meta name=\"author\" content=\"Michel Rossi\" \/>\n<meta name=\"twitter:label1\" content=\"\u00c9crit par\" \/>\n\t<meta name=\"twitter:data1\" content=\"Michel Rossi\" \/>\n\t<meta name=\"twitter:label2\" content=\"Dur\u00e9e de lecture estim\u00e9e\" \/>\n\t<meta name=\"twitter:data2\" content=\"3 minutes\" \/>\n<script type=\"application\/ld+json\" class=\"yoast-schema-graph\">{\"@context\":\"https:\\\/\\\/schema.org\",\"@graph\":[{\"@type\":\"Article\",\"@id\":\"https:\\\/\\\/www.eoc.ee\\\/fr\\\/homelie-de-la-semaine\\\/pelerinage-sumela-en-turquie-le-15-aout-2015\\\/#article\",\"isPartOf\":{\"@id\":\"https:\\\/\\\/www.eoc.ee\\\/fr\\\/homelie-de-la-semaine\\\/pelerinage-sumela-en-turquie-le-15-aout-2015\\\/\"},\"author\":{\"name\":\"Michel Rossi\",\"@id\":\"https:\\\/\\\/www.eoc.ee\\\/#\\\/schema\\\/person\\\/cee841d36b171bbfa603a158bb91d5e4\"},\"headline\":\"P\u00e8lerinage \u00e0 Sumela en Turquie le 15 ao\u00fbt 2015\",\"datePublished\":\"2015-10-07T08:31:38+00:00\",\"mainEntityOfPage\":{\"@id\":\"https:\\\/\\\/www.eoc.ee\\\/fr\\\/homelie-de-la-semaine\\\/pelerinage-sumela-en-turquie-le-15-aout-2015\\\/\"},\"wordCount\":653,\"image\":{\"@id\":\"https:\\\/\\\/www.eoc.ee\\\/fr\\\/homelie-de-la-semaine\\\/pelerinage-sumela-en-turquie-le-15-aout-2015\\\/#primaryimage\"},\"thumbnailUrl\":\"http:\\\/\\\/www.eoc.ee\\\/wp-content\\\/uploads\\\/2015\\\/09\\\/sumela03.jpg\",\"keywords\":[\"sumela\"],\"articleSection\":[\"Nouveau sur le site\"],\"inLanguage\":\"fr-FR\"},{\"@type\":\"WebPage\",\"@id\":\"https:\\\/\\\/www.eoc.ee\\\/fr\\\/homelie-de-la-semaine\\\/pelerinage-sumela-en-turquie-le-15-aout-2015\\\/\",\"url\":\"https:\\\/\\\/www.eoc.ee\\\/fr\\\/homelie-de-la-semaine\\\/pelerinage-sumela-en-turquie-le-15-aout-2015\\\/\",\"name\":\"P\u00e8lerinage \u00e0 Sumela en Turquie le 15 ao\u00fbt 2015 &#8211; \u00c9glise Orthodoxe d'Estonie\",\"isPartOf\":{\"@id\":\"https:\\\/\\\/www.eoc.ee\\\/#website\"},\"primaryImageOfPage\":{\"@id\":\"https:\\\/\\\/www.eoc.ee\\\/fr\\\/homelie-de-la-semaine\\\/pelerinage-sumela-en-turquie-le-15-aout-2015\\\/#primaryimage\"},\"image\":{\"@id\":\"https:\\\/\\\/www.eoc.ee\\\/fr\\\/homelie-de-la-semaine\\\/pelerinage-sumela-en-turquie-le-15-aout-2015\\\/#primaryimage\"},\"thumbnailUrl\":\"http:\\\/\\\/www.eoc.ee\\\/wp-content\\\/uploads\\\/2015\\\/09\\\/sumela03.jpg\",\"datePublished\":\"2015-10-07T08:31:38+00:00\",\"author\":{\"@id\":\"https:\\\/\\\/www.eoc.ee\\\/#\\\/schema\\\/person\\\/cee841d36b171bbfa603a158bb91d5e4\"},\"breadcrumb\":{\"@id\":\"https:\\\/\\\/www.eoc.ee\\\/fr\\\/homelie-de-la-semaine\\\/pelerinage-sumela-en-turquie-le-15-aout-2015\\\/#breadcrumb\"},\"inLanguage\":\"fr-FR\",\"potentialAction\":[{\"@type\":\"ReadAction\",\"target\":[\"https:\\\/\\\/www.eoc.ee\\\/fr\\\/homelie-de-la-semaine\\\/pelerinage-sumela-en-turquie-le-15-aout-2015\\\/\"]}]},{\"@type\":\"ImageObject\",\"inLanguage\":\"fr-FR\",\"@id\":\"https:\\\/\\\/www.eoc.ee\\\/fr\\\/homelie-de-la-semaine\\\/pelerinage-sumela-en-turquie-le-15-aout-2015\\\/#primaryimage\",\"url\":\"http:\\\/\\\/www.eoc.ee\\\/wp-content\\\/uploads\\\/2015\\\/09\\\/sumela03.jpg\",\"contentUrl\":\"http:\\\/\\\/www.eoc.ee\\\/wp-content\\\/uploads\\\/2015\\\/09\\\/sumela03.jpg\"},{\"@type\":\"BreadcrumbList\",\"@id\":\"https:\\\/\\\/www.eoc.ee\\\/fr\\\/homelie-de-la-semaine\\\/pelerinage-sumela-en-turquie-le-15-aout-2015\\\/#breadcrumb\",\"itemListElement\":[{\"@type\":\"ListItem\",\"position\":1,\"name\":\"Home\",\"item\":\"https:\\\/\\\/www.eoc.ee\\\/\"},{\"@type\":\"ListItem\",\"position\":2,\"name\":\"P\u00e8lerinage \u00e0 Sumela en Turquie le 15 ao\u00fbt 2015\"}]},{\"@type\":\"WebSite\",\"@id\":\"https:\\\/\\\/www.eoc.ee\\\/#website\",\"url\":\"https:\\\/\\\/www.eoc.ee\\\/\",\"name\":\"\u00c9glise Orthodoxe d'Estonie\",\"description\":\"Eesti Apostlik-\u00d5igeusu Kirik\",\"potentialAction\":[{\"@type\":\"SearchAction\",\"target\":{\"@type\":\"EntryPoint\",\"urlTemplate\":\"https:\\\/\\\/www.eoc.ee\\\/?s={search_term_string}\"},\"query-input\":{\"@type\":\"PropertyValueSpecification\",\"valueRequired\":true,\"valueName\":\"search_term_string\"}}],\"inLanguage\":\"fr-FR\"},{\"@type\":\"Person\",\"@id\":\"https:\\\/\\\/www.eoc.ee\\\/#\\\/schema\\\/person\\\/cee841d36b171bbfa603a158bb91d5e4\",\"name\":\"Michel Rossi\",\"image\":{\"@type\":\"ImageObject\",\"inLanguage\":\"fr-FR\",\"@id\":\"https:\\\/\\\/secure.gravatar.com\\\/avatar\\\/6de5f5d4ba42c6fd3fb5f1a91537d8aeb663946c0d1a3d166f384a1c8d0e3b03?s=96&d=mm&r=g\",\"url\":\"https:\\\/\\\/secure.gravatar.com\\\/avatar\\\/6de5f5d4ba42c6fd3fb5f1a91537d8aeb663946c0d1a3d166f384a1c8d0e3b03?s=96&d=mm&r=g\",\"contentUrl\":\"https:\\\/\\\/secure.gravatar.com\\\/avatar\\\/6de5f5d4ba42c6fd3fb5f1a91537d8aeb663946c0d1a3d166f384a1c8d0e3b03?s=96&d=mm&r=g\",\"caption\":\"Michel Rossi\"},\"url\":\"https:\\\/\\\/www.eoc.ee\\\/fr\\\/author\\\/michel\\\/\"}]}<\/script>\n<!-- \/ Yoast SEO plugin. -->","yoast_head_json":{"title":"P\u00e8lerinage \u00e0 Sumela en Turquie le 15 ao\u00fbt 2015 &#8211; \u00c9glise Orthodoxe d'Estonie","robots":{"index":"index","follow":"follow","max-snippet":"max-snippet:-1","max-image-preview":"max-image-preview:large","max-video-preview":"max-video-preview:-1"},"canonical":"https:\/\/www.eoc.ee\/fr\/homelie-de-la-semaine\/pelerinage-sumela-en-turquie-le-15-aout-2015\/","og_locale":"fr_FR","og_type":"article","og_title":"P\u00e8lerinage \u00e0 Sumela en Turquie le 15 ao\u00fbt 2015 &#8211; \u00c9glise Orthodoxe d'Estonie","og_description":"PELERINAGE A SUMELA EN TURQUIE Le 15 ao\u00fbt 2015 En compagnie du Patriarche Bartholom\u00e9e de Constantinople &nbsp; Le 15 ao\u00fbt 2015 notre M\u00e9tropolite a \u00e9t\u00e9 invit\u00e9 par le Patriarche \u0152cum\u00e9nique Bartholom\u00e9e de Constantinople \u00e0 participer au p\u00e8lerinage au monast\u00e8re de Sumela dans le Pont en Turquie et \u00e0 conc\u00e9l\u00e9brer avec lui la divine liturgie de [&hellip;]","og_url":"https:\/\/www.eoc.ee\/fr\/homelie-de-la-semaine\/pelerinage-sumela-en-turquie-le-15-aout-2015\/","og_site_name":"\u00c9glise Orthodoxe d'Estonie","article_published_time":"2015-10-07T08:31:38+00:00","og_image":[{"width":275,"height":183,"url":"https:\/\/www.eoc.ee\/wp-content\/uploads\/2015\/09\/sumela03.jpg","type":"image\/jpeg"}],"author":"Michel Rossi","twitter_misc":{"\u00c9crit par":"Michel Rossi","Dur\u00e9e de lecture estim\u00e9e":"3 minutes"},"schema":{"@context":"https:\/\/schema.org","@graph":[{"@type":"Article","@id":"https:\/\/www.eoc.ee\/fr\/homelie-de-la-semaine\/pelerinage-sumela-en-turquie-le-15-aout-2015\/#article","isPartOf":{"@id":"https:\/\/www.eoc.ee\/fr\/homelie-de-la-semaine\/pelerinage-sumela-en-turquie-le-15-aout-2015\/"},"author":{"name":"Michel Rossi","@id":"https:\/\/www.eoc.ee\/#\/schema\/person\/cee841d36b171bbfa603a158bb91d5e4"},"headline":"P\u00e8lerinage \u00e0 Sumela en Turquie le 15 ao\u00fbt 2015","datePublished":"2015-10-07T08:31:38+00:00","mainEntityOfPage":{"@id":"https:\/\/www.eoc.ee\/fr\/homelie-de-la-semaine\/pelerinage-sumela-en-turquie-le-15-aout-2015\/"},"wordCount":653,"image":{"@id":"https:\/\/www.eoc.ee\/fr\/homelie-de-la-semaine\/pelerinage-sumela-en-turquie-le-15-aout-2015\/#primaryimage"},"thumbnailUrl":"http:\/\/www.eoc.ee\/wp-content\/uploads\/2015\/09\/sumela03.jpg","keywords":["sumela"],"articleSection":["Nouveau sur le site"],"inLanguage":"fr-FR"},{"@type":"WebPage","@id":"https:\/\/www.eoc.ee\/fr\/homelie-de-la-semaine\/pelerinage-sumela-en-turquie-le-15-aout-2015\/","url":"https:\/\/www.eoc.ee\/fr\/homelie-de-la-semaine\/pelerinage-sumela-en-turquie-le-15-aout-2015\/","name":"P\u00e8lerinage \u00e0 Sumela en Turquie le 15 ao\u00fbt 2015 &#8211; \u00c9glise Orthodoxe d'Estonie","isPartOf":{"@id":"https:\/\/www.eoc.ee\/#website"},"primaryImageOfPage":{"@id":"https:\/\/www.eoc.ee\/fr\/homelie-de-la-semaine\/pelerinage-sumela-en-turquie-le-15-aout-2015\/#primaryimage"},"image":{"@id":"https:\/\/www.eoc.ee\/fr\/homelie-de-la-semaine\/pelerinage-sumela-en-turquie-le-15-aout-2015\/#primaryimage"},"thumbnailUrl":"http:\/\/www.eoc.ee\/wp-content\/uploads\/2015\/09\/sumela03.jpg","datePublished":"2015-10-07T08:31:38+00:00","author":{"@id":"https:\/\/www.eoc.ee\/#\/schema\/person\/cee841d36b171bbfa603a158bb91d5e4"},"breadcrumb":{"@id":"https:\/\/www.eoc.ee\/fr\/homelie-de-la-semaine\/pelerinage-sumela-en-turquie-le-15-aout-2015\/#breadcrumb"},"inLanguage":"fr-FR","potentialAction":[{"@type":"ReadAction","target":["https:\/\/www.eoc.ee\/fr\/homelie-de-la-semaine\/pelerinage-sumela-en-turquie-le-15-aout-2015\/"]}]},{"@type":"ImageObject","inLanguage":"fr-FR","@id":"https:\/\/www.eoc.ee\/fr\/homelie-de-la-semaine\/pelerinage-sumela-en-turquie-le-15-aout-2015\/#primaryimage","url":"http:\/\/www.eoc.ee\/wp-content\/uploads\/2015\/09\/sumela03.jpg","contentUrl":"http:\/\/www.eoc.ee\/wp-content\/uploads\/2015\/09\/sumela03.jpg"},{"@type":"BreadcrumbList","@id":"https:\/\/www.eoc.ee\/fr\/homelie-de-la-semaine\/pelerinage-sumela-en-turquie-le-15-aout-2015\/#breadcrumb","itemListElement":[{"@type":"ListItem","position":1,"name":"Home","item":"https:\/\/www.eoc.ee\/"},{"@type":"ListItem","position":2,"name":"P\u00e8lerinage \u00e0 Sumela en Turquie le 15 ao\u00fbt 2015"}]},{"@type":"WebSite","@id":"https:\/\/www.eoc.ee\/#website","url":"https:\/\/www.eoc.ee\/","name":"\u00c9glise Orthodoxe d'Estonie","description":"Eesti Apostlik-\u00d5igeusu Kirik","potentialAction":[{"@type":"SearchAction","target":{"@type":"EntryPoint","urlTemplate":"https:\/\/www.eoc.ee\/?s={search_term_string}"},"query-input":{"@type":"PropertyValueSpecification","valueRequired":true,"valueName":"search_term_string"}}],"inLanguage":"fr-FR"},{"@type":"Person","@id":"https:\/\/www.eoc.ee\/#\/schema\/person\/cee841d36b171bbfa603a158bb91d5e4","name":"Michel Rossi","image":{"@type":"ImageObject","inLanguage":"fr-FR","@id":"https:\/\/secure.gravatar.com\/avatar\/6de5f5d4ba42c6fd3fb5f1a91537d8aeb663946c0d1a3d166f384a1c8d0e3b03?s=96&d=mm&r=g","url":"https:\/\/secure.gravatar.com\/avatar\/6de5f5d4ba42c6fd3fb5f1a91537d8aeb663946c0d1a3d166f384a1c8d0e3b03?s=96&d=mm&r=g","contentUrl":"https:\/\/secure.gravatar.com\/avatar\/6de5f5d4ba42c6fd3fb5f1a91537d8aeb663946c0d1a3d166f384a1c8d0e3b03?s=96&d=mm&r=g","caption":"Michel Rossi"},"url":"https:\/\/www.eoc.ee\/fr\/author\/michel\/"}]}},"_links":{"self":[{"href":"https:\/\/www.eoc.ee\/fr\/wp-json\/wp\/v2\/posts\/11378","targetHints":{"allow":["GET"]}}],"collection":[{"href":"https:\/\/www.eoc.ee\/fr\/wp-json\/wp\/v2\/posts"}],"about":[{"href":"https:\/\/www.eoc.ee\/fr\/wp-json\/wp\/v2\/types\/post"}],"author":[{"embeddable":true,"href":"https:\/\/www.eoc.ee\/fr\/wp-json\/wp\/v2\/users\/4"}],"replies":[{"embeddable":true,"href":"https:\/\/www.eoc.ee\/fr\/wp-json\/wp\/v2\/comments?post=11378"}],"version-history":[{"count":1,"href":"https:\/\/www.eoc.ee\/fr\/wp-json\/wp\/v2\/posts\/11378\/revisions"}],"predecessor-version":[{"id":11380,"href":"https:\/\/www.eoc.ee\/fr\/wp-json\/wp\/v2\/posts\/11378\/revisions\/11380"}],"wp:attachment":[{"href":"https:\/\/www.eoc.ee\/fr\/wp-json\/wp\/v2\/media?parent=11378"}],"wp:term":[{"taxonomy":"category","embeddable":true,"href":"https:\/\/www.eoc.ee\/fr\/wp-json\/wp\/v2\/categories?post=11378"},{"taxonomy":"post_tag","embeddable":true,"href":"https:\/\/www.eoc.ee\/fr\/wp-json\/wp\/v2\/tags?post=11378"}],"curies":[{"name":"wp","href":"https:\/\/api.w.org\/{rel}","templated":true}]}}