{"id":21941,"date":"2016-06-14T12:35:55","date_gmt":"2016-06-14T09:35:55","guid":{"rendered":"http:\/\/www.eoc.ee\/?p=21941"},"modified":"2016-06-14T12:38:19","modified_gmt":"2016-06-14T09:38:19","slug":"message-du-metropolite-a-l-assemblee-generale-de-l-eglise","status":"publish","type":"post","link":"https:\/\/www.eoc.ee\/fr\/metropolite\/message-du-metropolite-a-l-assemblee-generale-de-l-eglise\/","title":{"rendered":"MESSAGE DU METROPOLITE A L\u2019ASSEMBLEE GENERALE DE L\u2019EGLISE"},"content":{"rendered":"<p>Fr\u00e8res tr\u00e8s aim\u00e9s en Christ, les Ev\u00eaques de Tartu Elias, de P\u00e4rnu-Saare Alexandre et de Christopolis Makarios,<\/p>\n<p>Tr\u00e8s respect\u00e9s Archontes,<\/p>\n<p>Bien-aim\u00e9s Pr\u00eatres et Diacres de notre Eglise,<\/p>\n<p>Ch\u00e8res S\u0153urs de la Skite Saint Jean,<\/p>\n<p>Estimables D\u00e9l\u00e9gu\u00e9s de nos Paroisses,<\/p>\n<p>&nbsp;<\/p>\n<p>Une fois encore, comme nous le faisons r\u00e9guli\u00e8rement depuis juin 1999, nous voici r\u00e9unis ici, dans la communion du Saint Esprit et sous le regard de Saint Platon, notre Saint Ev\u00eaque Martyr, pour rendre compte de notre gestion annuelle. Quand je dis que nous avons pour obligation de nous r\u00e9unir dans la communion du Saint Esprit, c\u2019est pour bien souligner devant vous ce qui semble avoir \u00e9t\u00e9 perdu de vue ces derniers temps, \u00e0 savoir la dimension sacramentelle qui devrait \u00eatre prioritaire et r\u00e9gir toutes nos actions et tous nos engagements. Dans ce sens, la mise en pratique de nos statuts actuels (qui, d\u00e8s leur origine, ont, selon moi, puis\u00e9 leurs racines dans une vision \u00e0 tendance plut\u00f4t s\u00e9cularis\u00e9e de la soci\u00e9t\u00e9 ), fait appara\u00eetre des disfonctionnements \u00e9vidents, lesquels ali\u00e8nent notre v\u00e9cu eccl\u00e9sial et spirituel parce que non-conformes par moments \u00e0 la juste pratique (<em>orthopraxie\u00a0<\/em>) eccl\u00e9siale de l\u2019Eglise Orthodoxe.<\/p>\n<p>Nous sommes certes de ce monde et nous nous plions aux lois de la soci\u00e9t\u00e9 au sein de laquelle nous \u00e9voluons et nous faisons le n\u00e9cessaire, tous autant que nous sommes, pour \u00a0g\u00e9rer notre maison \u00ab\u00a0en bons p\u00e8res de famille\u00a0\u00bb, avec intelligence, diligence et parcimonie . Mais aussi nous ne sommes pas de ce monde et \u00e0 cause de cela nous ne pouvons pas ne pas agir d\u2019abord selon la volont\u00e9 de Dieu, selon ce que nous demande le Seigneur dans son Evangile. Ce lien entre les choses de ce monde et les choses \u00e0 venir dans le Royaume de Dieu semble n\u2019avoir pas \u00e9t\u00e9 suffisamment compris par les membres de notre Eglise, \u00e0 quelque poste de responsabilit\u00e9s pastorales ou administratives o\u00f9 ils s\u2019y trouvent. Pour cette raison, il arrive que les rapports entre les personnes se soldent par des conflits et non selon ce qui est propre \u00e0 l\u2019Eglise du Christ, c\u2019est-\u00e0-dire dans la concorde et l\u2019amour.<\/p>\n<p>Pour corriger ce dysfonctionnement entre le spirituel et le temporel, j\u2019ai d\u00e9cid\u00e9 qu\u2019un nouveau chantier de r\u00e9vision de nos statuts sera mis en place d\u00e8s le mois d\u2019octobre prochain. Il se d\u00e9roulera en trois \u00e9tapes\u00a0: une premi\u00e8re avec une commission de pr\u00eatres au mois d\u2019octobre prochain sous la responsabilit\u00e9 de notre Vicaire G\u00e9n\u00e9ral le R\u00e9v\u00e9rend Archipr\u00eatre Matthias Palli\u00a0; une deuxi\u00e8me en d\u00e9cembre au cours de laquelle notre Saint Synode \u00e9tudiera les propositions de la dite commission\u00a0; une troisi\u00e8me en mars 2017 avec tout le clerg\u00e9 et les membres la\u00efcs des conseils \u00e9piscopaux en vue d\u2019un dernier ajustement du texte r\u00e9vis\u00e9 de nos statuts. Esp\u00e9rons qu\u2019il sera pr\u00eat \u00e0 \u00eatre discut\u00e9 et adopt\u00e9 au prochain Taiskogu de 2017.<\/p>\n<p>Nous parlons et nous agissons comme si nous \u00e9tions totalement \u00e9trangers au fait que dans l\u2019Eglise tout est v\u00e9cu au nom de la Sainte Trinit\u00e9 et sous la guidance du Saint Esprit. Encore une fois\u00a0: sans chercher \u00e0 fermer les yeux sur un minimum de moyens mat\u00e9riels qui sont \u00e0 notre disposition dans le seul but de faciliter notre t\u00e2che ici bas, je rappelle avec force que la mission premi\u00e8re de l\u2019Eglise ne peut \u00eatre que spirituelle afin d\u2019unir le corps des fid\u00e8les, de le soutenir, de l\u2019 \u00e9duquer, de l\u2019 \u00e9lever dans tous les moments de son existence, de le mettre sur le chemin de la v\u00e9rit\u00e9, de le gu\u00e9rir de toutes les d\u00e9viations spirituelles et morales qui r\u00e9gissent chaque \u00e9poque terrestre\u00a0; d\u2019offrir au monde son t\u00e9moignage \u00e9vang\u00e9lique propre, en d\u2019autres termes de manifester la seule v\u00e9rit\u00e9 de Dieu \u00e0 \u00ab\u00a0toutes les nations\u00a0\u00bb, ainsi que nous le demande le Christ ressuscit\u00e9 dans Matthieu 28,29-30\u00a0: \u00ab\u00a0Allez, nous dit-il, enseignez toutes les nations\u00a0; baptisez-les au nom du P\u00e8re et du Fils et du Saint-Esprit. Apprenez- leur \u00e0 observer tout ce que je vous ai prescrit\u00a0\u00bb.<\/p>\n<p>Le monde a soif de v\u00e9rit\u00e9, d\u2019esp\u00e9rance, de lumi\u00e8re, de vie, d\u2019authenticit\u00e9. Rester dans la communion du Saint-Esprit, c\u2019est lui assurer et lui garantir un statut d\u2019existence libre de tout mensonge, de faux compromis, d\u2019opportunit\u00e9s douteuses, de d\u00e9monstrations et de fanfaronnades aussi inutiles qu\u2019idiotes. Vivre dans la communion du Saint Esprit, c\u2019est refuser de s\u2019installer dans une religion fig\u00e9e pour ne pas dire morte\u00a0 et de professer des exag\u00e9rations religieuses sans contenu, superficielles et hypocrites ; c\u2019est tourner le dos \u00e0 une foi ti\u00e8de et sans personnalit\u00e9 aucune, sous le pr\u00e9texte bien connu et sans fondement qu\u2019on ne peut pas ne pas faire \u00ab\u00a0comme les autres puisqu\u2019il en a toujours \u00e9t\u00e9 ainsi\u00a0\u00bb.<\/p>\n<p>Aussi, je vous laisse \u00e0 votre propre examen de conscience. A chacun d\u2019entre nous sans exception je pose cette question\u00a0avec force et insistance : qu\u2019avons-nous fait jusqu\u2019\u00e0 pr\u00e9sent de notre Eglise? Surtout, qu\u2019allons-nous faire d\u2019Elle \u00e0 l\u2019avenir?&#8230;<\/p>\n<p>Et je ne puis vous cacher que, lorsque je jette r\u00e9guli\u00e8rement mon regard sur toute l\u2019\u00e9tendue de notre territoire eccl\u00e9siastique,\u00a0il m\u2019arrive par moments de me demander pourquoi mon \u00e2me est \u00e0 ce point \u00ab\u00a0triste \u00e0 en mourir\u00a0\u00bb? Est-ce parce que nous nous laissons s\u00e9duire si facilement par l\u2019emprise de plus en plus prenante de la s\u00e9cularisation\u00a0? Est-ce parce que, au lieu d\u2019avoir le courage d\u2019affirmer notre foi, nous cherchons \u00e0 nous justifier par notre ti\u00e9deur de c\u0153ur et d\u2019esprit, par notre tendance \u00e0 utiliser le double langage, par l\u2019ali\u00e9nation de notre th\u00e9ologie et sa pr\u00e9sentation non pas comme l\u2019expression de la seule et unique V\u00e9rit\u00e9 mais comme un amalgame d\u2019un enseignement religieux sous l\u2019influence de la seule logique sans aucune dimension du myst\u00e8re de la Foi, sous la justification du compromis et sous le signe d\u2019une orientation pastorale purement temporelle? Il y a sans doute du vrai dans tout cela mais il y a aussi plus que cela.<\/p>\n<p>Ce plus, c\u2019est le c\u0153ur de l\u2019homme. Je ne me hasarderai pas de le violer. Voil\u00e0 pourquoi j\u2019ai dit\u00a0: je vous laisse \u00e0 votre propre examen de conscience.<\/p>\n<p>Pour moi, n\u2019est pas \u00ab\u00a0Orthodoxe\u00a0\u00bb qui veut ou qui pr\u00e9tend l\u2019\u00eatre. Sans une foi v\u00e9ritable, sans une asc\u00e8se authentique, il n\u2019y a pas de v\u00e9cu \u00ab\u00a0orthodoxe\u00a0\u00bb. Cela s\u2019apprend par la pri\u00e8re, la pr\u00e9sence assidue aux offices liturgiques, la participation r\u00e9guli\u00e8re aux sacrements, surtout de la confession et de l\u2019eucharistie, l\u2019ob\u00e9issance aux commandements de Dieu, le respect et la prise en compte de son prochain, l\u2019effort permanent pour que r\u00e8gne partout o\u00f9 nous nous trouvons, la paix, la concorde, l\u2019amour, et le respect des saints canons promulgu\u00e9s par les Saints Conciles \u0152cum\u00e9niques. Cela se gagne par l\u2019esp\u00e9rance et la certitude de la vie \u00e9ternelle en Christ ressuscit\u00e9 et non pas par la tentation de l\u2019argent, de la vaine gloire et du pouvoir, dont la seule cons\u00e9quence est la division.<\/p>\n<p>C\u2019est bien cela notre affaire \u00e0 tous. Elle nous concerne tous et plus particuli\u00e8rement nous, les membres du clerg\u00e9 et vous, les d\u00e9l\u00e9gu\u00e9s des communaut\u00e9s paroissiales, qui \u00eates les garants et les \u00e9dificateurs de cette vie en Christ, l\u00e0 o\u00f9 vous avez \u00e9t\u00e9 choisis et \u00e9lus par vos membres pour cette mission sp\u00e9cifique et prioritairement spirituelle et eccl\u00e9siastique.<\/p>\n<p>Pour terminer cette r\u00e9flexion, dont la seule pr\u00e9tention est de se vouloir comme un nouveau point de d\u00e9part pour un vrai changement collectif de mentalit\u00e9 &#8211; un changement total de mentalit\u00e9 sans lequel tout ne restera que lettre morte &#8211; je d\u00e9sire adresser quelques mots \u00e0 notre Clerg\u00e9 en guise de conclusion.<\/p>\n<p>Le sacerdoce est le plus \u00e9lev\u00e9 et l\u2019unique Minist\u00e8re au monde qui d\u00e9coule directement de l\u2019\u00e9conomie et de la condescendance de Dieu. Il a pour raison et pour cause la sanctification et le salut de tout \u00eatre qui vient au monde.<\/p>\n<p>-Parce que le pr\u00eatre accorde le pardon de Dieu \u00e0 ceux qui se repentent,<\/p>\n<p>-parce qu\u2019il c\u00e9l\u00e8bre la Divine Liturgie \u00ab\u00a0pour la r\u00e9mission des p\u00e9ch\u00e9s et la vie \u00e9ternelle\u00a0\u00bb,<\/p>\n<p>-parce qu\u2019il ne cesse de prier pour tous et qu\u2019il aide chacun dans son difficile combat spirituel,<\/p>\n<p>-parce qu\u2019il annonce au monde la v\u00e9rit\u00e9 vivifiante du Christ,<\/p>\n<p>-parce qu\u2019il accueille et visite le pauvre, le faible, le mis\u00e9reux, le prisonnier, le malade et toute personne dans la souffrance et la n\u00e9cessit\u00e9 spirituelles, morales ou mat\u00e9rielles,<\/p>\n<p>-parce qu\u2019il est celui qui distribue sans limite la gr\u00e2ce, la b\u00e9n\u00e9diction et l\u2019amour du Christ autour de lui,<\/p>\n<p>il faut\u00a0:<\/p>\n<p>-qu\u2019il soit saisi par la crainte de Dieu, qui est avant tout respect et confiance\u00a0;<\/p>\n<p>-qu\u2019il d\u00e9borde d\u2019humilit\u00e9, d\u2019amour, de foi, de pi\u00e9t\u00e9, de puret\u00e9, de saintet\u00e9 de vie\u00a0;<\/p>\n<p>-qu\u2019il gagne le c\u0153ur des ses ouailles et des autres surtout par son exemple de vie, son z\u00e8le, ses bonnes dispositions, son attachement et sa fid\u00e9lit\u00e9 envers son Eglise et son enseignement.<\/p>\n<p>Si le plus grand don de gr\u00e2ce qui est fait par Dieu \u00e0 l\u2019homme est bien celui du sacerdoce, il n\u2019en est pas moins vrai que le pr\u00eatre est aussi marqu\u00e9, comme chacun d\u2019entre nous, par ses propres faiblesses. Je dis cela pour souligner plus fortement que, peu importe les capacit\u00e9s ou les d\u00e9ficiences personnelles, les connaissances et les dipl\u00f4mes, le sacerdoce est essentiellement un don du Christ et non pas une acquisition li\u00e9e \u00e0 l\u2019aptitude personnelle de l\u2019homme. Ceci parce que la pr\u00eatrise ne s\u2019acquiert pas par un quelconque effort ou tentative de se l\u2019approprier soi-m\u00eame. Le seul effort valable c\u2019est celui de la purification du c\u0153ur en vue de l\u2019acquisition du don du Christ. L\u2019appel vient donc du seul Christ, libre \u00e0 l\u2019homme de l\u2019accueillir ou de le refuser. Aussi, le v\u00e9ritable pr\u00eatre n\u2019agira jamais comme un bureaucrate ou un fonctionnaire institutionnel\u00a0; son r\u00f4le et sa mission ne sont pas ceux d\u2019un fonctionnaire\u00a0; les crit\u00e8res de son engagement ne se fondent pas sur des r\u00e9sultats de rentabilit\u00e9, sur des certitudes mat\u00e9rielles ou sur des titres honorifiques. Tout simplement, tout naturellement, le pr\u00eatre ne peut \u00eatre qu\u2019amour, comme Dieu l\u2019est. C\u2019est bien cela que ne cesse de nous dire si bien l\u2019Evangile\u00a0: Dieu n\u2019a pas seulement de l\u2019amour\u00a0; il est amour.<\/p>\n<p>Fr\u00e8res et S\u0153urs bien-aim\u00e9s en Christ, Seigneur et Sauveur,<\/p>\n<p>Membres de notre Clerg\u00e9, Peuple de Dieu, Moines et Moniales,<\/p>\n<p>Je vous remercie du fond du c\u0153ur pour votre contribution si pr\u00e9cieuse au d\u00e9veloppement de nos paroisses respectives. Tout ce que vous entreprenez pour notre Eglise est immense. Je le sais, je le vois et je vous en f\u00e9licite.<\/p>\n<p>Je vous invite \u00e0 continuer votre \u0153uvre avec un esprit d\u2019humble \u00e9veil, dans une attitude permanente de pri\u00e8re et de conversion int\u00e9rieure afin que tous ensemble, nous menions le bon combat dans la gr\u00e2ce de Notre-Seigneur J\u00e9sus-Christ, l\u2019amour de Dieu le P\u00e8re et la communion du Saint Esprit. Notre Eglise en a tant besoin, comme nous tous et comme le monde entier. C\u2019est seulement ainsi que nous La ferons grandir dans la saintet\u00e9 en vue du Royaume \u00e0 venir.<\/p>\n<p>&nbsp;<\/p>\n<p>+St\u00e9phanos M\u00e9tropolite de Tallinn et de toute l\u2019Estonie<\/p>\n<p>Tallinn, Assembl\u00e9e G\u00e9n\u00e9rale de l\u2019EA\u00d4K du 10.06.2016.<\/p>\n<p>&nbsp;<\/p>\n<p>&nbsp;<\/p>\n<p>&nbsp;<\/p>\n<p>&nbsp;<\/p>\n<p>&nbsp;<\/p>\n<p>&nbsp;<\/p>\n<p>&nbsp;<\/p>\n","protected":false},"excerpt":{"rendered":"<p>Fr\u00e8res tr\u00e8s aim\u00e9s en Christ, les Ev\u00eaques de Tartu Elias, de P\u00e4rnu-Saare Alexandre et de Christopolis Makarios, Tr\u00e8s respect\u00e9s Archontes, Bien-aim\u00e9s Pr\u00eatres et Diacres de notre Eglise, Ch\u00e8res S\u0153urs de la Skite Saint Jean, Estimables D\u00e9l\u00e9gu\u00e9s de nos Paroisses, &nbsp; Une fois encore, comme nous le faisons r\u00e9guli\u00e8rement depuis juin 1999, nous voici r\u00e9unis ici, [&hellip;]<\/p>\n","protected":false},"author":7,"featured_media":21914,"comment_status":"closed","ping_status":"closed","sticky":false,"template":"","format":"standard","meta":{"_exactmetrics_skip_tracking":false,"_exactmetrics_sitenote_active":false,"_exactmetrics_sitenote_note":"","_exactmetrics_sitenote_category":0,"_monsterinsights_skip_tracking":false,"_monsterinsights_sitenote_active":false,"_monsterinsights_sitenote_note":"","_monsterinsights_sitenote_category":0,"footnotes":""},"categories":[186,174,185],"tags":[],"class_list":["post-21941","post","type-post","status-publish","format-standard","has-post-thumbnail","hentry","category-messages","category-metropolite","category-homelie-de-la-semaine"],"yoast_head":"<!-- This site is optimized with the Yoast SEO plugin v27.5 - https:\/\/yoast.com\/product\/yoast-seo-wordpress\/ -->\n<title>MESSAGE DU METROPOLITE A L\u2019ASSEMBLEE GENERALE DE L\u2019EGLISE &#8211; \u00c9glise Orthodoxe d&#039;Estonie<\/title>\n<meta name=\"robots\" content=\"index, follow, max-snippet:-1, max-image-preview:large, max-video-preview:-1\" \/>\n<link rel=\"canonical\" href=\"https:\/\/www.eoc.ee\/fr\/metropolite\/message-du-metropolite-a-l-assemblee-generale-de-l-eglise\/\" \/>\n<meta property=\"og:locale\" content=\"fr_FR\" \/>\n<meta property=\"og:type\" content=\"article\" \/>\n<meta property=\"og:title\" content=\"MESSAGE DU METROPOLITE A L\u2019ASSEMBLEE GENERALE DE L\u2019EGLISE &#8211; \u00c9glise Orthodoxe d&#039;Estonie\" \/>\n<meta property=\"og:description\" content=\"Fr\u00e8res tr\u00e8s aim\u00e9s en Christ, les Ev\u00eaques de Tartu Elias, de P\u00e4rnu-Saare Alexandre et de Christopolis Makarios, Tr\u00e8s respect\u00e9s Archontes, Bien-aim\u00e9s Pr\u00eatres et Diacres de notre Eglise, Ch\u00e8res S\u0153urs de la Skite Saint Jean, Estimables D\u00e9l\u00e9gu\u00e9s de nos Paroisses, &nbsp; Une fois encore, comme nous le faisons r\u00e9guli\u00e8rement depuis juin 1999, nous voici r\u00e9unis ici, [&hellip;]\" \/>\n<meta property=\"og:url\" content=\"https:\/\/www.eoc.ee\/fr\/metropolite\/message-du-metropolite-a-l-assemblee-generale-de-l-eglise\/\" \/>\n<meta property=\"og:site_name\" content=\"\u00c9glise Orthodoxe d&#039;Estonie\" \/>\n<meta property=\"article:published_time\" content=\"2016-06-14T09:35:55+00:00\" \/>\n<meta property=\"article:modified_time\" content=\"2016-06-14T09:38:19+00:00\" \/>\n<meta property=\"og:image\" content=\"https:\/\/www.eoc.ee\/wp-content\/uploads\/2016\/06\/IMGP1714-scaled.jpg\" \/>\n\t<meta property=\"og:image:width\" content=\"2560\" \/>\n\t<meta property=\"og:image:height\" content=\"1714\" \/>\n\t<meta property=\"og:image:type\" content=\"image\/jpeg\" \/>\n<meta name=\"author\" content=\"Heike H\u00e4rma\" \/>\n<meta name=\"twitter:label1\" content=\"\u00c9crit par\" \/>\n\t<meta name=\"twitter:data1\" content=\"Heike H\u00e4rma\" \/>\n\t<meta name=\"twitter:label2\" content=\"Dur\u00e9e de lecture estim\u00e9e\" \/>\n\t<meta name=\"twitter:data2\" content=\"10 minutes\" \/>\n<script type=\"application\/ld+json\" class=\"yoast-schema-graph\">{\"@context\":\"https:\\\/\\\/schema.org\",\"@graph\":[{\"@type\":\"Article\",\"@id\":\"https:\\\/\\\/www.eoc.ee\\\/fr\\\/metropolite\\\/message-du-metropolite-a-l-assemblee-generale-de-l-eglise\\\/#article\",\"isPartOf\":{\"@id\":\"https:\\\/\\\/www.eoc.ee\\\/fr\\\/metropolite\\\/message-du-metropolite-a-l-assemblee-generale-de-l-eglise\\\/\"},\"author\":{\"name\":\"Heike H\u00e4rma\",\"@id\":\"https:\\\/\\\/www.eoc.ee\\\/#\\\/schema\\\/person\\\/bfa03b2406703aa1a9256392aaa001b3\"},\"headline\":\"MESSAGE DU METROPOLITE A L\u2019ASSEMBLEE GENERALE DE L\u2019EGLISE\",\"datePublished\":\"2016-06-14T09:35:55+00:00\",\"dateModified\":\"2016-06-14T09:38:19+00:00\",\"mainEntityOfPage\":{\"@id\":\"https:\\\/\\\/www.eoc.ee\\\/fr\\\/metropolite\\\/message-du-metropolite-a-l-assemblee-generale-de-l-eglise\\\/\"},\"wordCount\":2044,\"image\":{\"@id\":\"https:\\\/\\\/www.eoc.ee\\\/fr\\\/metropolite\\\/message-du-metropolite-a-l-assemblee-generale-de-l-eglise\\\/#primaryimage\"},\"thumbnailUrl\":\"https:\\\/\\\/www.eoc.ee\\\/wp-content\\\/uploads\\\/2016\\\/06\\\/IMGP1714-scaled.jpg\",\"articleSection\":[\"Messages\",\"M\u00e9tropolite\",\"Nouveau sur le site\"],\"inLanguage\":\"fr-FR\"},{\"@type\":\"WebPage\",\"@id\":\"https:\\\/\\\/www.eoc.ee\\\/fr\\\/metropolite\\\/message-du-metropolite-a-l-assemblee-generale-de-l-eglise\\\/\",\"url\":\"https:\\\/\\\/www.eoc.ee\\\/fr\\\/metropolite\\\/message-du-metropolite-a-l-assemblee-generale-de-l-eglise\\\/\",\"name\":\"MESSAGE DU METROPOLITE A L\u2019ASSEMBLEE GENERALE DE L\u2019EGLISE &#8211; \u00c9glise Orthodoxe d'Estonie\",\"isPartOf\":{\"@id\":\"https:\\\/\\\/www.eoc.ee\\\/#website\"},\"primaryImageOfPage\":{\"@id\":\"https:\\\/\\\/www.eoc.ee\\\/fr\\\/metropolite\\\/message-du-metropolite-a-l-assemblee-generale-de-l-eglise\\\/#primaryimage\"},\"image\":{\"@id\":\"https:\\\/\\\/www.eoc.ee\\\/fr\\\/metropolite\\\/message-du-metropolite-a-l-assemblee-generale-de-l-eglise\\\/#primaryimage\"},\"thumbnailUrl\":\"https:\\\/\\\/www.eoc.ee\\\/wp-content\\\/uploads\\\/2016\\\/06\\\/IMGP1714-scaled.jpg\",\"datePublished\":\"2016-06-14T09:35:55+00:00\",\"dateModified\":\"2016-06-14T09:38:19+00:00\",\"author\":{\"@id\":\"https:\\\/\\\/www.eoc.ee\\\/#\\\/schema\\\/person\\\/bfa03b2406703aa1a9256392aaa001b3\"},\"breadcrumb\":{\"@id\":\"https:\\\/\\\/www.eoc.ee\\\/fr\\\/metropolite\\\/message-du-metropolite-a-l-assemblee-generale-de-l-eglise\\\/#breadcrumb\"},\"inLanguage\":\"fr-FR\",\"potentialAction\":[{\"@type\":\"ReadAction\",\"target\":[\"https:\\\/\\\/www.eoc.ee\\\/fr\\\/metropolite\\\/message-du-metropolite-a-l-assemblee-generale-de-l-eglise\\\/\"]}]},{\"@type\":\"ImageObject\",\"inLanguage\":\"fr-FR\",\"@id\":\"https:\\\/\\\/www.eoc.ee\\\/fr\\\/metropolite\\\/message-du-metropolite-a-l-assemblee-generale-de-l-eglise\\\/#primaryimage\",\"url\":\"https:\\\/\\\/www.eoc.ee\\\/wp-content\\\/uploads\\\/2016\\\/06\\\/IMGP1714-scaled.jpg\",\"contentUrl\":\"https:\\\/\\\/www.eoc.ee\\\/wp-content\\\/uploads\\\/2016\\\/06\\\/IMGP1714-scaled.jpg\",\"width\":2560,\"height\":1714},{\"@type\":\"BreadcrumbList\",\"@id\":\"https:\\\/\\\/www.eoc.ee\\\/fr\\\/metropolite\\\/message-du-metropolite-a-l-assemblee-generale-de-l-eglise\\\/#breadcrumb\",\"itemListElement\":[{\"@type\":\"ListItem\",\"position\":1,\"name\":\"Home\",\"item\":\"https:\\\/\\\/www.eoc.ee\\\/\"},{\"@type\":\"ListItem\",\"position\":2,\"name\":\"MESSAGE DU METROPOLITE A L\u2019ASSEMBLEE GENERALE DE L\u2019EGLISE\"}]},{\"@type\":\"WebSite\",\"@id\":\"https:\\\/\\\/www.eoc.ee\\\/#website\",\"url\":\"https:\\\/\\\/www.eoc.ee\\\/\",\"name\":\"\u00c9glise Orthodoxe d'Estonie\",\"description\":\"Eesti Apostlik-\u00d5igeusu Kirik\",\"potentialAction\":[{\"@type\":\"SearchAction\",\"target\":{\"@type\":\"EntryPoint\",\"urlTemplate\":\"https:\\\/\\\/www.eoc.ee\\\/?s={search_term_string}\"},\"query-input\":{\"@type\":\"PropertyValueSpecification\",\"valueRequired\":true,\"valueName\":\"search_term_string\"}}],\"inLanguage\":\"fr-FR\"},{\"@type\":\"Person\",\"@id\":\"https:\\\/\\\/www.eoc.ee\\\/#\\\/schema\\\/person\\\/bfa03b2406703aa1a9256392aaa001b3\",\"name\":\"Heike H\u00e4rma\",\"image\":{\"@type\":\"ImageObject\",\"inLanguage\":\"fr-FR\",\"@id\":\"https:\\\/\\\/secure.gravatar.com\\\/avatar\\\/8eb3cb357606a6c8ed98d4b92714824fc7d2f06e57b58d2b730a00e0199effb6?s=96&d=mm&r=g\",\"url\":\"https:\\\/\\\/secure.gravatar.com\\\/avatar\\\/8eb3cb357606a6c8ed98d4b92714824fc7d2f06e57b58d2b730a00e0199effb6?s=96&d=mm&r=g\",\"contentUrl\":\"https:\\\/\\\/secure.gravatar.com\\\/avatar\\\/8eb3cb357606a6c8ed98d4b92714824fc7d2f06e57b58d2b730a00e0199effb6?s=96&d=mm&r=g\",\"caption\":\"Heike H\u00e4rma\"},\"url\":\"https:\\\/\\\/www.eoc.ee\\\/fr\\\/author\\\/heike\\\/\"}]}<\/script>\n<!-- \/ Yoast SEO plugin. -->","yoast_head_json":{"title":"MESSAGE DU METROPOLITE A L\u2019ASSEMBLEE GENERALE DE L\u2019EGLISE &#8211; \u00c9glise Orthodoxe d'Estonie","robots":{"index":"index","follow":"follow","max-snippet":"max-snippet:-1","max-image-preview":"max-image-preview:large","max-video-preview":"max-video-preview:-1"},"canonical":"https:\/\/www.eoc.ee\/fr\/metropolite\/message-du-metropolite-a-l-assemblee-generale-de-l-eglise\/","og_locale":"fr_FR","og_type":"article","og_title":"MESSAGE DU METROPOLITE A L\u2019ASSEMBLEE GENERALE DE L\u2019EGLISE &#8211; \u00c9glise Orthodoxe d'Estonie","og_description":"Fr\u00e8res tr\u00e8s aim\u00e9s en Christ, les Ev\u00eaques de Tartu Elias, de P\u00e4rnu-Saare Alexandre et de Christopolis Makarios, Tr\u00e8s respect\u00e9s Archontes, Bien-aim\u00e9s Pr\u00eatres et Diacres de notre Eglise, Ch\u00e8res S\u0153urs de la Skite Saint Jean, Estimables D\u00e9l\u00e9gu\u00e9s de nos Paroisses, &nbsp; Une fois encore, comme nous le faisons r\u00e9guli\u00e8rement depuis juin 1999, nous voici r\u00e9unis ici, [&hellip;]","og_url":"https:\/\/www.eoc.ee\/fr\/metropolite\/message-du-metropolite-a-l-assemblee-generale-de-l-eglise\/","og_site_name":"\u00c9glise Orthodoxe d'Estonie","article_published_time":"2016-06-14T09:35:55+00:00","article_modified_time":"2016-06-14T09:38:19+00:00","og_image":[{"width":2560,"height":1714,"url":"https:\/\/www.eoc.ee\/wp-content\/uploads\/2016\/06\/IMGP1714-scaled.jpg","type":"image\/jpeg"}],"author":"Heike H\u00e4rma","twitter_misc":{"\u00c9crit par":"Heike H\u00e4rma","Dur\u00e9e de lecture estim\u00e9e":"10 minutes"},"schema":{"@context":"https:\/\/schema.org","@graph":[{"@type":"Article","@id":"https:\/\/www.eoc.ee\/fr\/metropolite\/message-du-metropolite-a-l-assemblee-generale-de-l-eglise\/#article","isPartOf":{"@id":"https:\/\/www.eoc.ee\/fr\/metropolite\/message-du-metropolite-a-l-assemblee-generale-de-l-eglise\/"},"author":{"name":"Heike H\u00e4rma","@id":"https:\/\/www.eoc.ee\/#\/schema\/person\/bfa03b2406703aa1a9256392aaa001b3"},"headline":"MESSAGE DU METROPOLITE A L\u2019ASSEMBLEE GENERALE DE L\u2019EGLISE","datePublished":"2016-06-14T09:35:55+00:00","dateModified":"2016-06-14T09:38:19+00:00","mainEntityOfPage":{"@id":"https:\/\/www.eoc.ee\/fr\/metropolite\/message-du-metropolite-a-l-assemblee-generale-de-l-eglise\/"},"wordCount":2044,"image":{"@id":"https:\/\/www.eoc.ee\/fr\/metropolite\/message-du-metropolite-a-l-assemblee-generale-de-l-eglise\/#primaryimage"},"thumbnailUrl":"https:\/\/www.eoc.ee\/wp-content\/uploads\/2016\/06\/IMGP1714-scaled.jpg","articleSection":["Messages","M\u00e9tropolite","Nouveau sur le site"],"inLanguage":"fr-FR"},{"@type":"WebPage","@id":"https:\/\/www.eoc.ee\/fr\/metropolite\/message-du-metropolite-a-l-assemblee-generale-de-l-eglise\/","url":"https:\/\/www.eoc.ee\/fr\/metropolite\/message-du-metropolite-a-l-assemblee-generale-de-l-eglise\/","name":"MESSAGE DU METROPOLITE A L\u2019ASSEMBLEE GENERALE DE L\u2019EGLISE &#8211; \u00c9glise Orthodoxe d'Estonie","isPartOf":{"@id":"https:\/\/www.eoc.ee\/#website"},"primaryImageOfPage":{"@id":"https:\/\/www.eoc.ee\/fr\/metropolite\/message-du-metropolite-a-l-assemblee-generale-de-l-eglise\/#primaryimage"},"image":{"@id":"https:\/\/www.eoc.ee\/fr\/metropolite\/message-du-metropolite-a-l-assemblee-generale-de-l-eglise\/#primaryimage"},"thumbnailUrl":"https:\/\/www.eoc.ee\/wp-content\/uploads\/2016\/06\/IMGP1714-scaled.jpg","datePublished":"2016-06-14T09:35:55+00:00","dateModified":"2016-06-14T09:38:19+00:00","author":{"@id":"https:\/\/www.eoc.ee\/#\/schema\/person\/bfa03b2406703aa1a9256392aaa001b3"},"breadcrumb":{"@id":"https:\/\/www.eoc.ee\/fr\/metropolite\/message-du-metropolite-a-l-assemblee-generale-de-l-eglise\/#breadcrumb"},"inLanguage":"fr-FR","potentialAction":[{"@type":"ReadAction","target":["https:\/\/www.eoc.ee\/fr\/metropolite\/message-du-metropolite-a-l-assemblee-generale-de-l-eglise\/"]}]},{"@type":"ImageObject","inLanguage":"fr-FR","@id":"https:\/\/www.eoc.ee\/fr\/metropolite\/message-du-metropolite-a-l-assemblee-generale-de-l-eglise\/#primaryimage","url":"https:\/\/www.eoc.ee\/wp-content\/uploads\/2016\/06\/IMGP1714-scaled.jpg","contentUrl":"https:\/\/www.eoc.ee\/wp-content\/uploads\/2016\/06\/IMGP1714-scaled.jpg","width":2560,"height":1714},{"@type":"BreadcrumbList","@id":"https:\/\/www.eoc.ee\/fr\/metropolite\/message-du-metropolite-a-l-assemblee-generale-de-l-eglise\/#breadcrumb","itemListElement":[{"@type":"ListItem","position":1,"name":"Home","item":"https:\/\/www.eoc.ee\/"},{"@type":"ListItem","position":2,"name":"MESSAGE DU METROPOLITE A L\u2019ASSEMBLEE GENERALE DE L\u2019EGLISE"}]},{"@type":"WebSite","@id":"https:\/\/www.eoc.ee\/#website","url":"https:\/\/www.eoc.ee\/","name":"\u00c9glise Orthodoxe d'Estonie","description":"Eesti Apostlik-\u00d5igeusu Kirik","potentialAction":[{"@type":"SearchAction","target":{"@type":"EntryPoint","urlTemplate":"https:\/\/www.eoc.ee\/?s={search_term_string}"},"query-input":{"@type":"PropertyValueSpecification","valueRequired":true,"valueName":"search_term_string"}}],"inLanguage":"fr-FR"},{"@type":"Person","@id":"https:\/\/www.eoc.ee\/#\/schema\/person\/bfa03b2406703aa1a9256392aaa001b3","name":"Heike H\u00e4rma","image":{"@type":"ImageObject","inLanguage":"fr-FR","@id":"https:\/\/secure.gravatar.com\/avatar\/8eb3cb357606a6c8ed98d4b92714824fc7d2f06e57b58d2b730a00e0199effb6?s=96&d=mm&r=g","url":"https:\/\/secure.gravatar.com\/avatar\/8eb3cb357606a6c8ed98d4b92714824fc7d2f06e57b58d2b730a00e0199effb6?s=96&d=mm&r=g","contentUrl":"https:\/\/secure.gravatar.com\/avatar\/8eb3cb357606a6c8ed98d4b92714824fc7d2f06e57b58d2b730a00e0199effb6?s=96&d=mm&r=g","caption":"Heike H\u00e4rma"},"url":"https:\/\/www.eoc.ee\/fr\/author\/heike\/"}]}},"_links":{"self":[{"href":"https:\/\/www.eoc.ee\/fr\/wp-json\/wp\/v2\/posts\/21941","targetHints":{"allow":["GET"]}}],"collection":[{"href":"https:\/\/www.eoc.ee\/fr\/wp-json\/wp\/v2\/posts"}],"about":[{"href":"https:\/\/www.eoc.ee\/fr\/wp-json\/wp\/v2\/types\/post"}],"author":[{"embeddable":true,"href":"https:\/\/www.eoc.ee\/fr\/wp-json\/wp\/v2\/users\/7"}],"replies":[{"embeddable":true,"href":"https:\/\/www.eoc.ee\/fr\/wp-json\/wp\/v2\/comments?post=21941"}],"version-history":[{"count":3,"href":"https:\/\/www.eoc.ee\/fr\/wp-json\/wp\/v2\/posts\/21941\/revisions"}],"predecessor-version":[{"id":21944,"href":"https:\/\/www.eoc.ee\/fr\/wp-json\/wp\/v2\/posts\/21941\/revisions\/21944"}],"wp:featuredmedia":[{"embeddable":true,"href":"https:\/\/www.eoc.ee\/fr\/wp-json\/wp\/v2\/media\/21914"}],"wp:attachment":[{"href":"https:\/\/www.eoc.ee\/fr\/wp-json\/wp\/v2\/media?parent=21941"}],"wp:term":[{"taxonomy":"category","embeddable":true,"href":"https:\/\/www.eoc.ee\/fr\/wp-json\/wp\/v2\/categories?post=21941"},{"taxonomy":"post_tag","embeddable":true,"href":"https:\/\/www.eoc.ee\/fr\/wp-json\/wp\/v2\/tags?post=21941"}],"curies":[{"name":"wp","href":"https:\/\/api.w.org\/{rel}","templated":true}]}}