{"id":33479,"date":"2020-12-24T23:37:12","date_gmt":"2020-12-24T21:37:12","guid":{"rendered":"http:\/\/www.eoc.ee\/?p=33479"},"modified":"2020-12-24T23:37:13","modified_gmt":"2020-12-24T21:37:13","slug":"message-pour-le-jour-de-la-nativite-2020","status":"publish","type":"post","link":"https:\/\/www.eoc.ee\/fr\/nadala-jutlus\/message-pour-le-jour-de-la-nativite-2020\/","title":{"rendered":"MESSAGE POUR LE JOUR DE LA NATIVITE 2020"},"content":{"rendered":"\n<p><em>Mais toi, Bethl\u00e9em-Ephrata,<\/em><\/p>\n\n\n\n<p><em>c\u2019est de toi que sortira pour moi<\/em><\/p>\n\n\n\n<p><em>Celui qui est appel\u00e9 \u00e0 gouverner Isra\u00ebl.<\/em><\/p>\n\n\n\n<p><em>(Mich\u00e9e 5,1)<\/em><\/p>\n\n\n\n<p>Vos Excellences, Fr\u00e8res tr\u00e8s aim\u00e9s en Christ, les Ev\u00eaques de Tartu Elias et de P\u00e4rnu-Saare Alexandre,<\/p>\n\n\n\n<p>Tr\u00e8s chers \u00e0 notre c\u0153ur Pr\u00eatres, Diacres, Moniales et Peuple de Dieu qui faites le bonheur de notre Sainte Eglise,<\/p>\n\n\n\n<p>\u00ab&nbsp;Joie au ciel et paix sur la terre aux hommes. Dieu les aime&nbsp;\u00bb proclament nos chants et nos hymnes en ce jour de la Nativit\u00e9 de Notre-Seigneur et Sauveur J\u00e9sus-Christ. Le Fils de Dieu a \u00e9pous\u00e9 notre humanit\u00e9&nbsp;! Cette humanit\u00e9 pour laquelle Il s\u2019en est \u00e9pris d\u2019un amour fou. Il l\u2019accueille telle qu\u2019elle est, d\u00e9g\u00e9n\u00e9r\u00e9e, d\u00e9figur\u00e9e. Il se donne \u00e0 elle totalement et pour toujours.&nbsp;<\/p>\n\n\n\n<p>\u00ab&nbsp;Aujourd\u2019hui, dit l\u2019ange du Seigneur aux bergers, dans la ville de David, un Sauveur vous est n\u00e9, qui est le Christ, le Seigneur&nbsp;\u00bb(Luc 2,11-12). C\u2019est la fa\u00e7on qu\u2019a choisie Dieu pour exaucer une vieille et antique proph\u00e9tie qui avait \u00e9t\u00e9 donn\u00e9e par le proph\u00e8te Esa\u00efe (7,14). Elle disait qu\u2019une jeune femme va concevoir et mettre au monde un fils que l\u2019on appellera \u00ab&nbsp;Emmanuel&nbsp;\u00bb, ce qui signifie \u00ab&nbsp;Dieu est avec nous&nbsp;\u00bb. Voil\u00e0 donc J\u00e9sus annonc\u00e9 et porteur d\u2019un double nom&nbsp;: celui qui nous sauve et celui qui manifeste que Dieu est avec nous. C\u2019est cela la joie de la Nativit\u00e9.&nbsp;<\/p>\n\n\n\n<p>Mais comment vivre en \u00ab&nbsp;v\u00e9rit\u00e9&nbsp;\u00bb cette grande joie annonc\u00e9e et donn\u00e9e alors qu\u2019autour de nous si peu d\u2019humains l\u2019entendent, la re\u00e7oivent ou la per\u00e7oivent&nbsp;? Comment vivre en \u00ab&nbsp;v\u00e9rit\u00e9&nbsp;\u00bb l\u2019anniversaire de la naissance du Christ alors que pour tant de chr\u00e9tiens et d\u2019enfants chr\u00e9tiens ce jour de la Nativit\u00e9 est si difficilement accueillie comme le jour joyeux de la Nativit\u00e9 de Dieu \u00e0 cause de la maladie, de la guerre, de la famine et au total de la b\u00eatise humaine&nbsp;? Comment vivre en \u00ab&nbsp;v\u00e9rit\u00e9&nbsp;\u00bb cette grande joie qui nous annonce que J\u00e9sus, le vrai, se fait encore une place parmi nous, m\u00eame si c\u2019est ailleurs que l\u00e0 o\u00f9 nous croyons Le trouver&nbsp;? Et s\u2019il le faut, qu\u2019Il se fait encore aujourd\u2019hui une place malgr\u00e9 nous&nbsp;?&nbsp;<\/p>\n\n\n\n<p>Vivre \u00ab&nbsp;en v\u00e9rit\u00e9&nbsp;\u00bb la grande joie de la Nativit\u00e9\u2026 Tout ce questionnement illustre bien une r\u00e9alit\u00e9 profonde&nbsp;: le monde se s\u00e9cularise et se d\u00e9sacralise en rejetant Dieu au lieu d\u2019essayer d\u2019entendre ce qu\u2019Il lui dit. Tout ceci a pour cons\u00e9quence non seulement un rel\u00e2chement profond de la morale mais aussi une n\u00e9gation des racines spirituelles&nbsp;; un d\u00e9racinement v\u00e9ritable de ces racines.<\/p>\n\n\n\n<p>Alors, qu\u2019allons-nous faire&nbsp;? Sommes-nous dispos\u00e9s d\u2019accepter que J\u00e9sus soit dans notre existence \u00e0 la fois le plus beau des cadeaux et celui qui est venu en nous-m\u00eames non pas seulement pour nous sauver ou nous consoler mais pour nous rappeler que ce salut et cette pr\u00e9sence de Dieu nous poussent \u00e0 \u00eatre actifs et cr\u00e9ateurs&nbsp;? A donner \u00e0 notre tour, \u00e0 faire ce que Dieu attend de nous, \u00e0 devenir ce que Dieu nous demande d\u2019\u00eatre&nbsp;? Tant il est vrai que ce jour de la Nativit\u00e9 signifie que Dieu a infiniment plus de pr\u00e9tention sur nous que nous pouvons en avoir nous-m\u00eames.&nbsp;\u00ab&nbsp;Faites comme moi, nous r\u00e9p\u00e8te-t-il. Offrez-moi au besoin votre mis\u00e8re, votre d\u00e9nuement, votre d\u00e9sespoir. Venez, ne craignez pas. Laissez l\u00e0 votre tristesse, votre honte&nbsp;\u00bb. Ce ne sont donc pas des cadeaux que le Seigneur attend de nous, c\u2019est nous. C\u2019est nous en personne qu\u2019il attend. Il nous d\u00e9sire&nbsp;; Il nous aime. H\u00e2tons-nous vers Lui. Laissons notre nonchalance, notre tristesse, nos h\u00e9sitations. La joie du Seigneur est \u00e0 nous&nbsp;; nos larmes sont \u00e0 Lui. Et sa joie, la joie de son P\u00e8re, c\u2019est que nous vivions.<\/p>\n\n\n\n<p>Pr\u00eatons une oreille attentive \u00e0 ce que nous dit Saint Jean l\u2019\u00e9vang\u00e9liste dans son prologue&nbsp;: \u00ab&nbsp;Et le Verbe s\u2019est fait chair et Il a dress\u00e9 sa tente parmi nous (1,14)&nbsp;\u00bb Le Verbe de Dieu, qui est le Christ, a quitt\u00e9 le domaine des sceptiques de tous genres et de tous temps pour venir habiter chez nous tous, jusque dans nos c\u0153urs, jusque dans nos propres maisons, jusque dans nos villes et jusque dans nos rues comme le plus simple d\u2019entre nous et accessible \u00e0 tous. Fini donc le Dieu r\u00e9serv\u00e9 aux intellectuels, aux philosophes, aux savants de toutes sortes \u00e0 la langue de bois, qui ne peuvent ou ne veulent pas saisir le sens profond et la r\u00e9alit\u00e9 du myst\u00e8re de la naissance du Dieu fait Homme. D\u00e9sormais ce Dieu, qui les rebute tant, est venu par J\u00e9sus-Christ, dans notre propre devenir, dans notre propre existence, dans notre propre pr\u00e9sent.<\/p>\n\n\n\n<p>Mes bien-aim\u00e9s,<\/p>\n\n\n\n<p>Le salut ne nous est pas propos\u00e9 de l\u2019ext\u00e9rieur, il est dans le Sauveur qui vient de na\u00eetre. Il est dans ce petit enfant de Bethl\u00e9em tout pauvre, plus pauvre que nous. J\u2019aime ici \u00e0 dire, en r\u00e9f\u00e9rence au texte des B\u00e9atitudes (Matthieu 5,10), que la \u00ab&nbsp;pauvret\u00e9 en esprit&nbsp;\u00bb est une pauvret\u00e9 universelle qui englobe l\u2019homme tout entier, corps, c\u0153ur et \u00e2me&nbsp;;&nbsp;une pauvret\u00e9 r\u00e9elle \u00e0 l\u2019image pr\u00e9cis\u00e9ment de ces humbles Bergers de Bethl\u00e9em. J\u2019aime aussi \u00e0 pr\u00e9ciser que la sagesse des Mages \u00e9tait essentiellement tourn\u00e9e sur la connaissance de l\u2019\u00eatre int\u00e9rieur, de la graine secr\u00e8te et spirituelle qui se cache en lui et non pas sur les biens et les besoins de ce monde.&nbsp;<\/p>\n\n\n\n<p>Aussi, \u00e0 partir du moment o\u00f9 les Bergers et les Mages virent l\u2019astre, \u00e0 partir du moment o\u00f9 ils en saisirent le message, \u00e0 partir du moment o\u00f9 ils firent acte de foi, ils r\u00e9alis\u00e8rent le plus grand tournant de l\u2019histoire spirituelle du monde. Puisse-t-il en \u00eatre de m\u00eame pour chacun d\u2019entre nous.<\/p>\n\n\n\n<p>Avec ma b\u00e9n\u00e9diction paternelle pour vous-m\u00eames, vos familles et tous ceux qui vous sont chers.&nbsp;<\/p>\n\n\n\n<p>Joyeux No\u00ebl. Bonne et sainte Ann\u00e9e Nouvelle 2021.<\/p>\n\n\n\n<p>+STEPHANOS, M\u00e9tropolite de Tallinn et de toute l\u2019Estonie.<\/p>\n","protected":false},"excerpt":{"rendered":"<p>Mais toi, Bethl\u00e9em-Ephrata, c\u2019est de toi que sortira pour moi Celui qui est appel\u00e9 \u00e0 gouverner Isra\u00ebl. (Mich\u00e9e 5,1) Vos Excellences, Fr\u00e8res tr\u00e8s aim\u00e9s en Christ, les Ev\u00eaques de Tartu Elias et de P\u00e4rnu-Saare Alexandre, Tr\u00e8s chers \u00e0 notre c\u0153ur Pr\u00eatres, Diacres, Moniales et Peuple de Dieu qui faites le bonheur de notre Sainte Eglise, [&hellip;]<\/p>\n","protected":false},"author":7,"featured_media":33488,"comment_status":"closed","ping_status":"closed","sticky":false,"template":"","format":"standard","meta":{"_exactmetrics_skip_tracking":false,"_exactmetrics_sitenote_active":false,"_exactmetrics_sitenote_note":"","_exactmetrics_sitenote_category":0,"_monsterinsights_skip_tracking":false,"_monsterinsights_sitenote_active":false,"_monsterinsights_sitenote_note":"","_monsterinsights_sitenote_category":0,"footnotes":""},"categories":[22,4],"tags":[],"class_list":["post-33479","post","type-post","status-publish","format-standard","has-post-thumbnail","hentry","category-nadala-jutlus","category-non-classifiee"],"yoast_head":"<!-- This site is optimized with the Yoast SEO plugin v27.5 - https:\/\/yoast.com\/product\/yoast-seo-wordpress\/ -->\n<title>MESSAGE POUR LE JOUR DE LA NATIVITE 2020 &#8211; \u00c9glise Orthodoxe d&#039;Estonie<\/title>\n<meta name=\"robots\" content=\"index, follow, max-snippet:-1, max-image-preview:large, max-video-preview:-1\" \/>\n<link rel=\"canonical\" href=\"https:\/\/www.eoc.ee\/fr\/non-classifiee\/message-pour-le-jour-de-la-nativite-2020\/\" \/>\n<meta property=\"og:locale\" content=\"fr_FR\" \/>\n<meta property=\"og:type\" content=\"article\" \/>\n<meta property=\"og:title\" content=\"MESSAGE POUR LE JOUR DE LA NATIVITE 2020 &#8211; \u00c9glise Orthodoxe d&#039;Estonie\" \/>\n<meta property=\"og:description\" content=\"Mais toi, Bethl\u00e9em-Ephrata, c\u2019est de toi que sortira pour moi Celui qui est appel\u00e9 \u00e0 gouverner Isra\u00ebl. (Mich\u00e9e 5,1) Vos Excellences, Fr\u00e8res tr\u00e8s aim\u00e9s en Christ, les Ev\u00eaques de Tartu Elias et de P\u00e4rnu-Saare Alexandre, Tr\u00e8s chers \u00e0 notre c\u0153ur Pr\u00eatres, Diacres, Moniales et Peuple de Dieu qui faites le bonheur de notre Sainte Eglise, [&hellip;]\" \/>\n<meta property=\"og:url\" content=\"https:\/\/www.eoc.ee\/fr\/non-classifiee\/message-pour-le-jour-de-la-nativite-2020\/\" \/>\n<meta property=\"og:site_name\" content=\"\u00c9glise Orthodoxe d&#039;Estonie\" \/>\n<meta property=\"article:published_time\" content=\"2020-12-24T21:37:12+00:00\" \/>\n<meta property=\"article:modified_time\" content=\"2020-12-24T21:37:13+00:00\" \/>\n<meta property=\"og:image\" content=\"https:\/\/www.eoc.ee\/wp-content\/uploads\/2020\/12\/kaart001-copy.jpg\" \/>\n\t<meta property=\"og:image:width\" content=\"1300\" \/>\n\t<meta property=\"og:image:height\" content=\"1558\" \/>\n\t<meta property=\"og:image:type\" content=\"image\/jpeg\" \/>\n<meta name=\"author\" content=\"Heike H\u00e4rma\" \/>\n<meta name=\"twitter:label1\" content=\"\u00c9crit par\" \/>\n\t<meta name=\"twitter:data1\" content=\"Heike H\u00e4rma\" \/>\n\t<meta name=\"twitter:label2\" content=\"Dur\u00e9e de lecture estim\u00e9e\" \/>\n\t<meta name=\"twitter:data2\" content=\"6 minutes\" \/>\n<script type=\"application\/ld+json\" class=\"yoast-schema-graph\">{\"@context\":\"https:\\\/\\\/schema.org\",\"@graph\":[{\"@type\":\"Article\",\"@id\":\"https:\\\/\\\/www.eoc.ee\\\/fr\\\/non-classifiee\\\/message-pour-le-jour-de-la-nativite-2020\\\/#article\",\"isPartOf\":{\"@id\":\"https:\\\/\\\/www.eoc.ee\\\/fr\\\/non-classifiee\\\/message-pour-le-jour-de-la-nativite-2020\\\/\"},\"author\":{\"name\":\"Heike H\u00e4rma\",\"@id\":\"https:\\\/\\\/www.eoc.ee\\\/#\\\/schema\\\/person\\\/bfa03b2406703aa1a9256392aaa001b3\"},\"headline\":\"MESSAGE POUR LE JOUR DE LA NATIVITE 2020\",\"datePublished\":\"2020-12-24T21:37:12+00:00\",\"dateModified\":\"2020-12-24T21:37:13+00:00\",\"mainEntityOfPage\":{\"@id\":\"https:\\\/\\\/www.eoc.ee\\\/fr\\\/non-classifiee\\\/message-pour-le-jour-de-la-nativite-2020\\\/\"},\"wordCount\":1109,\"image\":{\"@id\":\"https:\\\/\\\/www.eoc.ee\\\/fr\\\/non-classifiee\\\/message-pour-le-jour-de-la-nativite-2020\\\/#primaryimage\"},\"thumbnailUrl\":\"https:\\\/\\\/www.eoc.ee\\\/wp-content\\\/uploads\\\/2020\\\/12\\\/kaart001-copy.jpg\",\"articleSection\":[\"N\u00e4dala jutlus\",\"Non classifi\u00e9(e)\"],\"inLanguage\":\"fr-FR\"},{\"@type\":\"WebPage\",\"@id\":\"https:\\\/\\\/www.eoc.ee\\\/fr\\\/non-classifiee\\\/message-pour-le-jour-de-la-nativite-2020\\\/\",\"url\":\"https:\\\/\\\/www.eoc.ee\\\/fr\\\/non-classifiee\\\/message-pour-le-jour-de-la-nativite-2020\\\/\",\"name\":\"MESSAGE POUR LE JOUR DE LA NATIVITE 2020 &#8211; \u00c9glise Orthodoxe d'Estonie\",\"isPartOf\":{\"@id\":\"https:\\\/\\\/www.eoc.ee\\\/#website\"},\"primaryImageOfPage\":{\"@id\":\"https:\\\/\\\/www.eoc.ee\\\/fr\\\/non-classifiee\\\/message-pour-le-jour-de-la-nativite-2020\\\/#primaryimage\"},\"image\":{\"@id\":\"https:\\\/\\\/www.eoc.ee\\\/fr\\\/non-classifiee\\\/message-pour-le-jour-de-la-nativite-2020\\\/#primaryimage\"},\"thumbnailUrl\":\"https:\\\/\\\/www.eoc.ee\\\/wp-content\\\/uploads\\\/2020\\\/12\\\/kaart001-copy.jpg\",\"datePublished\":\"2020-12-24T21:37:12+00:00\",\"dateModified\":\"2020-12-24T21:37:13+00:00\",\"author\":{\"@id\":\"https:\\\/\\\/www.eoc.ee\\\/#\\\/schema\\\/person\\\/bfa03b2406703aa1a9256392aaa001b3\"},\"breadcrumb\":{\"@id\":\"https:\\\/\\\/www.eoc.ee\\\/fr\\\/non-classifiee\\\/message-pour-le-jour-de-la-nativite-2020\\\/#breadcrumb\"},\"inLanguage\":\"fr-FR\",\"potentialAction\":[{\"@type\":\"ReadAction\",\"target\":[\"https:\\\/\\\/www.eoc.ee\\\/fr\\\/non-classifiee\\\/message-pour-le-jour-de-la-nativite-2020\\\/\"]}]},{\"@type\":\"ImageObject\",\"inLanguage\":\"fr-FR\",\"@id\":\"https:\\\/\\\/www.eoc.ee\\\/fr\\\/non-classifiee\\\/message-pour-le-jour-de-la-nativite-2020\\\/#primaryimage\",\"url\":\"https:\\\/\\\/www.eoc.ee\\\/wp-content\\\/uploads\\\/2020\\\/12\\\/kaart001-copy.jpg\",\"contentUrl\":\"https:\\\/\\\/www.eoc.ee\\\/wp-content\\\/uploads\\\/2020\\\/12\\\/kaart001-copy.jpg\",\"width\":1300,\"height\":1558},{\"@type\":\"BreadcrumbList\",\"@id\":\"https:\\\/\\\/www.eoc.ee\\\/fr\\\/non-classifiee\\\/message-pour-le-jour-de-la-nativite-2020\\\/#breadcrumb\",\"itemListElement\":[{\"@type\":\"ListItem\",\"position\":1,\"name\":\"Home\",\"item\":\"https:\\\/\\\/www.eoc.ee\\\/\"},{\"@type\":\"ListItem\",\"position\":2,\"name\":\"MESSAGE POUR LE JOUR DE LA NATIVITE 2020\"}]},{\"@type\":\"WebSite\",\"@id\":\"https:\\\/\\\/www.eoc.ee\\\/#website\",\"url\":\"https:\\\/\\\/www.eoc.ee\\\/\",\"name\":\"\u00c9glise Orthodoxe d'Estonie\",\"description\":\"Eesti Apostlik-\u00d5igeusu Kirik\",\"potentialAction\":[{\"@type\":\"SearchAction\",\"target\":{\"@type\":\"EntryPoint\",\"urlTemplate\":\"https:\\\/\\\/www.eoc.ee\\\/?s={search_term_string}\"},\"query-input\":{\"@type\":\"PropertyValueSpecification\",\"valueRequired\":true,\"valueName\":\"search_term_string\"}}],\"inLanguage\":\"fr-FR\"},{\"@type\":\"Person\",\"@id\":\"https:\\\/\\\/www.eoc.ee\\\/#\\\/schema\\\/person\\\/bfa03b2406703aa1a9256392aaa001b3\",\"name\":\"Heike H\u00e4rma\",\"image\":{\"@type\":\"ImageObject\",\"inLanguage\":\"fr-FR\",\"@id\":\"https:\\\/\\\/secure.gravatar.com\\\/avatar\\\/8eb3cb357606a6c8ed98d4b92714824fc7d2f06e57b58d2b730a00e0199effb6?s=96&d=mm&r=g\",\"url\":\"https:\\\/\\\/secure.gravatar.com\\\/avatar\\\/8eb3cb357606a6c8ed98d4b92714824fc7d2f06e57b58d2b730a00e0199effb6?s=96&d=mm&r=g\",\"contentUrl\":\"https:\\\/\\\/secure.gravatar.com\\\/avatar\\\/8eb3cb357606a6c8ed98d4b92714824fc7d2f06e57b58d2b730a00e0199effb6?s=96&d=mm&r=g\",\"caption\":\"Heike H\u00e4rma\"},\"url\":\"https:\\\/\\\/www.eoc.ee\\\/fr\\\/author\\\/heike\\\/\"}]}<\/script>\n<!-- \/ Yoast SEO plugin. -->","yoast_head_json":{"title":"MESSAGE POUR LE JOUR DE LA NATIVITE 2020 &#8211; \u00c9glise Orthodoxe d'Estonie","robots":{"index":"index","follow":"follow","max-snippet":"max-snippet:-1","max-image-preview":"max-image-preview:large","max-video-preview":"max-video-preview:-1"},"canonical":"https:\/\/www.eoc.ee\/fr\/non-classifiee\/message-pour-le-jour-de-la-nativite-2020\/","og_locale":"fr_FR","og_type":"article","og_title":"MESSAGE POUR LE JOUR DE LA NATIVITE 2020 &#8211; \u00c9glise Orthodoxe d'Estonie","og_description":"Mais toi, Bethl\u00e9em-Ephrata, c\u2019est de toi que sortira pour moi Celui qui est appel\u00e9 \u00e0 gouverner Isra\u00ebl. (Mich\u00e9e 5,1) Vos Excellences, Fr\u00e8res tr\u00e8s aim\u00e9s en Christ, les Ev\u00eaques de Tartu Elias et de P\u00e4rnu-Saare Alexandre, Tr\u00e8s chers \u00e0 notre c\u0153ur Pr\u00eatres, Diacres, Moniales et Peuple de Dieu qui faites le bonheur de notre Sainte Eglise, [&hellip;]","og_url":"https:\/\/www.eoc.ee\/fr\/non-classifiee\/message-pour-le-jour-de-la-nativite-2020\/","og_site_name":"\u00c9glise Orthodoxe d'Estonie","article_published_time":"2020-12-24T21:37:12+00:00","article_modified_time":"2020-12-24T21:37:13+00:00","og_image":[{"width":1300,"height":1558,"url":"https:\/\/www.eoc.ee\/wp-content\/uploads\/2020\/12\/kaart001-copy.jpg","type":"image\/jpeg"}],"author":"Heike H\u00e4rma","twitter_misc":{"\u00c9crit par":"Heike H\u00e4rma","Dur\u00e9e de lecture estim\u00e9e":"6 minutes"},"schema":{"@context":"https:\/\/schema.org","@graph":[{"@type":"Article","@id":"https:\/\/www.eoc.ee\/fr\/non-classifiee\/message-pour-le-jour-de-la-nativite-2020\/#article","isPartOf":{"@id":"https:\/\/www.eoc.ee\/fr\/non-classifiee\/message-pour-le-jour-de-la-nativite-2020\/"},"author":{"name":"Heike H\u00e4rma","@id":"https:\/\/www.eoc.ee\/#\/schema\/person\/bfa03b2406703aa1a9256392aaa001b3"},"headline":"MESSAGE POUR LE JOUR DE LA NATIVITE 2020","datePublished":"2020-12-24T21:37:12+00:00","dateModified":"2020-12-24T21:37:13+00:00","mainEntityOfPage":{"@id":"https:\/\/www.eoc.ee\/fr\/non-classifiee\/message-pour-le-jour-de-la-nativite-2020\/"},"wordCount":1109,"image":{"@id":"https:\/\/www.eoc.ee\/fr\/non-classifiee\/message-pour-le-jour-de-la-nativite-2020\/#primaryimage"},"thumbnailUrl":"https:\/\/www.eoc.ee\/wp-content\/uploads\/2020\/12\/kaart001-copy.jpg","articleSection":["N\u00e4dala jutlus","Non classifi\u00e9(e)"],"inLanguage":"fr-FR"},{"@type":"WebPage","@id":"https:\/\/www.eoc.ee\/fr\/non-classifiee\/message-pour-le-jour-de-la-nativite-2020\/","url":"https:\/\/www.eoc.ee\/fr\/non-classifiee\/message-pour-le-jour-de-la-nativite-2020\/","name":"MESSAGE POUR LE JOUR DE LA NATIVITE 2020 &#8211; \u00c9glise Orthodoxe d'Estonie","isPartOf":{"@id":"https:\/\/www.eoc.ee\/#website"},"primaryImageOfPage":{"@id":"https:\/\/www.eoc.ee\/fr\/non-classifiee\/message-pour-le-jour-de-la-nativite-2020\/#primaryimage"},"image":{"@id":"https:\/\/www.eoc.ee\/fr\/non-classifiee\/message-pour-le-jour-de-la-nativite-2020\/#primaryimage"},"thumbnailUrl":"https:\/\/www.eoc.ee\/wp-content\/uploads\/2020\/12\/kaart001-copy.jpg","datePublished":"2020-12-24T21:37:12+00:00","dateModified":"2020-12-24T21:37:13+00:00","author":{"@id":"https:\/\/www.eoc.ee\/#\/schema\/person\/bfa03b2406703aa1a9256392aaa001b3"},"breadcrumb":{"@id":"https:\/\/www.eoc.ee\/fr\/non-classifiee\/message-pour-le-jour-de-la-nativite-2020\/#breadcrumb"},"inLanguage":"fr-FR","potentialAction":[{"@type":"ReadAction","target":["https:\/\/www.eoc.ee\/fr\/non-classifiee\/message-pour-le-jour-de-la-nativite-2020\/"]}]},{"@type":"ImageObject","inLanguage":"fr-FR","@id":"https:\/\/www.eoc.ee\/fr\/non-classifiee\/message-pour-le-jour-de-la-nativite-2020\/#primaryimage","url":"https:\/\/www.eoc.ee\/wp-content\/uploads\/2020\/12\/kaart001-copy.jpg","contentUrl":"https:\/\/www.eoc.ee\/wp-content\/uploads\/2020\/12\/kaart001-copy.jpg","width":1300,"height":1558},{"@type":"BreadcrumbList","@id":"https:\/\/www.eoc.ee\/fr\/non-classifiee\/message-pour-le-jour-de-la-nativite-2020\/#breadcrumb","itemListElement":[{"@type":"ListItem","position":1,"name":"Home","item":"https:\/\/www.eoc.ee\/"},{"@type":"ListItem","position":2,"name":"MESSAGE POUR LE JOUR DE LA NATIVITE 2020"}]},{"@type":"WebSite","@id":"https:\/\/www.eoc.ee\/#website","url":"https:\/\/www.eoc.ee\/","name":"\u00c9glise Orthodoxe d'Estonie","description":"Eesti Apostlik-\u00d5igeusu Kirik","potentialAction":[{"@type":"SearchAction","target":{"@type":"EntryPoint","urlTemplate":"https:\/\/www.eoc.ee\/?s={search_term_string}"},"query-input":{"@type":"PropertyValueSpecification","valueRequired":true,"valueName":"search_term_string"}}],"inLanguage":"fr-FR"},{"@type":"Person","@id":"https:\/\/www.eoc.ee\/#\/schema\/person\/bfa03b2406703aa1a9256392aaa001b3","name":"Heike H\u00e4rma","image":{"@type":"ImageObject","inLanguage":"fr-FR","@id":"https:\/\/secure.gravatar.com\/avatar\/8eb3cb357606a6c8ed98d4b92714824fc7d2f06e57b58d2b730a00e0199effb6?s=96&d=mm&r=g","url":"https:\/\/secure.gravatar.com\/avatar\/8eb3cb357606a6c8ed98d4b92714824fc7d2f06e57b58d2b730a00e0199effb6?s=96&d=mm&r=g","contentUrl":"https:\/\/secure.gravatar.com\/avatar\/8eb3cb357606a6c8ed98d4b92714824fc7d2f06e57b58d2b730a00e0199effb6?s=96&d=mm&r=g","caption":"Heike H\u00e4rma"},"url":"https:\/\/www.eoc.ee\/fr\/author\/heike\/"}]}},"_links":{"self":[{"href":"https:\/\/www.eoc.ee\/fr\/wp-json\/wp\/v2\/posts\/33479","targetHints":{"allow":["GET"]}}],"collection":[{"href":"https:\/\/www.eoc.ee\/fr\/wp-json\/wp\/v2\/posts"}],"about":[{"href":"https:\/\/www.eoc.ee\/fr\/wp-json\/wp\/v2\/types\/post"}],"author":[{"embeddable":true,"href":"https:\/\/www.eoc.ee\/fr\/wp-json\/wp\/v2\/users\/7"}],"replies":[{"embeddable":true,"href":"https:\/\/www.eoc.ee\/fr\/wp-json\/wp\/v2\/comments?post=33479"}],"version-history":[{"count":1,"href":"https:\/\/www.eoc.ee\/fr\/wp-json\/wp\/v2\/posts\/33479\/revisions"}],"predecessor-version":[{"id":33480,"href":"https:\/\/www.eoc.ee\/fr\/wp-json\/wp\/v2\/posts\/33479\/revisions\/33480"}],"wp:featuredmedia":[{"embeddable":true,"href":"https:\/\/www.eoc.ee\/fr\/wp-json\/wp\/v2\/media\/33488"}],"wp:attachment":[{"href":"https:\/\/www.eoc.ee\/fr\/wp-json\/wp\/v2\/media?parent=33479"}],"wp:term":[{"taxonomy":"category","embeddable":true,"href":"https:\/\/www.eoc.ee\/fr\/wp-json\/wp\/v2\/categories?post=33479"},{"taxonomy":"post_tag","embeddable":true,"href":"https:\/\/www.eoc.ee\/fr\/wp-json\/wp\/v2\/tags?post=33479"}],"curies":[{"name":"wp","href":"https:\/\/api.w.org\/{rel}","templated":true}]}}