{"id":37627,"date":"2023-04-15T22:18:08","date_gmt":"2023-04-15T19:18:08","guid":{"rendered":"https:\/\/www.eoc.ee\/?p=37627"},"modified":"2023-04-15T22:18:09","modified_gmt":"2023-04-15T19:18:09","slug":"strong-message-pascal-de-l-an-de-graces-2023-strong","status":"publish","type":"post","link":"https:\/\/www.eoc.ee\/fr\/messages\/strong-message-pascal-de-l-an-de-graces-2023-strong\/","title":{"rendered":"<strong>MESSAGE PASCAL DE L\u2019AN DE GR\u00c2CES 2023<\/strong>"},"content":{"rendered":"\n<p class=\"has-text-align-right\">\u00ab&nbsp;Comme des enfants nouveaux-n\u00e9s<\/p>\n\n\n\n<p class=\"has-text-align-right\">d\u00e9sirez le vrai lait spirituel,<\/p>\n\n\n\n<p class=\"has-text-align-right\">afin de cro\u00eetre pour le salut&nbsp;\u00bb<\/p>\n\n\n\n<p class=\"has-text-align-right\">(1 Pierre 2,2).<\/p>\n\n\n\n<p>Vos Excellences ch\u00e8res \u00e0 notre c\u0153ur, les \u00e9v\u00eaques de Tartu Elias et de P\u00e4rnu-Saare Alexandre,<\/p>\n\n\n\n<p>Tr\u00e8s aim\u00e9s Pr\u00eatres et Diacres,<\/p>\n\n\n\n<p>Tr\u00e8s consid\u00e9r\u00e9s membres ou amis de notre sainte Eglise d\u2019Estonie ici pr\u00e9sents,<\/p>\n\n\n\n<p>CHRIST EST RESSUSCIT\u00c9&nbsp;!<\/p>\n\n\n\n<p>Cette acclamation nous invite \u00e0 entrer dans la joie pascale. L\u2019hom\u00e9lie de Saint Jean Chrysostome, que nous avons lue \u00e0 la fin de l\u2019office des matines, nous exhorte quant \u00e0 elle de nous laisser p\u00e9n\u00e9trer par la lumi\u00e8re et la puissance de la R\u00e9surrection. Lumi\u00e8re qui jaillit du tombeau vide, m\u00eame pour ceux \u00ab&nbsp;qui n\u2019ont pas je\u00fbner&nbsp;\u00bb, m\u00eame pour ceux qui ne sont pas pr\u00eats.&nbsp;<\/p>\n\n\n\n<p>\u00ab&nbsp;<em>Mort o\u00f9 est ton aiguillon, o\u00f9 est ta victoire&nbsp;?&nbsp;\u00bb&nbsp;<\/em>La mort est l\u00e0 et pourtant elle a \u00e9t\u00e9 supprim\u00e9e. La croix est l\u00e0 et pourtant P\u00e2ques est venu. Toutes les questions que pose notre existence d\u00e9chue restent l\u00e0 et pourtant&nbsp;: \u00ab&nbsp;<em>Si notre c\u0153ur nous accuse, Dieu est plus grand que notre c\u0153ur. Il sait tout.&nbsp;\u00bb&nbsp;<\/em>La r\u00e9surrection que le<em>&nbsp;<\/em>P\u00e8re avait r\u00e9ellement, op\u00e9r\u00e9e pour son Fils, mort sur la Croix, est un acte d\u2019une si totale libert\u00e9 et d\u2019une telle gr\u00e2ce qu\u2019il ne se rattache \u00e0 rien de terrestre, mais commence au-del\u00e0 de la mort en un lieu qu\u2019aucune raison ni aucune cr\u00e9ature ne peuvent concevoir.&nbsp;Christ est ressuscit\u00e9&nbsp;! Le pardon s\u2019est lev\u00e9 du tombeau&nbsp;: que nul donc ne pleure&nbsp;; que nul ne d\u00e9plore ses p\u00e9ch\u00e9s. J\u00e9sus ressuscit\u00e9 surmonte tous les obstacles. Il peut m\u00eame entrer dans les \u00e2mes qui jusqu\u2019ici lui sont demeur\u00e9es closes.&nbsp;<\/p>\n\n\n\n<p>Rencontrer Dieu&nbsp;! P\u00e2ques c\u2019est la f\u00eate des retrouvailles compl\u00e8tes et d\u00e9finitives entre Dieu et les hommes. P\u00e2ques rend tout possible. Le r\u00e9cit de P\u00e2ques et de la Passion est, dans le quatri\u00e8me \u00e9vangile, introduit par ces mots&nbsp;:&nbsp;\u00bb J\u00e9sus ayant aim\u00e9 les siens qui \u00e9taient dans le monde, les aima jusqu\u2019\u00e0 la fin (Jean 13,1)&nbsp;\u00bb Oui, jusqu\u2019\u00e0 la fin&nbsp;: non seulement J\u00e9sus a aim\u00e9 les hommes jusqu\u2019aux derniers moments de son existence terrestre, mais il les a aim\u00e9s d\u2019une mani\u00e8re compl\u00e8te, totale, parfaite, d\u00e9finitive. C\u2019est dans la Passion qu\u2019il a mis le comble \u00e0 son amour. C\u2019est l\u00e0 que nous d\u00e9couvrons combien et \u00e0 quel prix nous sommes aim\u00e9s. Et plus encore&nbsp;: la mort-r\u00e9surrection de J\u00e9sus nous donne le pouvoir de vivre \u00e0 fond tout ce que nous avons \u00e0 vivre&nbsp;: travail, pri\u00e8re, soucis, maladie, conflits, solitude, vieillesse. En tout cela, par la vie que le Christ nous a gagn\u00e9s, nous pouvons \u00eatre vainqueurs. Aussi, chanter \u00ab&nbsp;<em>Christ est ressuscit\u00e9&nbsp;\u00bb&nbsp;<\/em>c\u2019est<em>&nbsp;<\/em>croire que<em>&nbsp;<\/em>d\u00e9sormais le Christ peut tout pour nous. Cette foi pascale attend que nous la mettions de suite \u00e0 l\u2019\u00e9preuve.&nbsp;<em>Il nous faut essayer P\u00e2ques,&nbsp;&nbsp;essayer cette vie nouvelle&nbsp;<\/em>comme tous ces millions d\u2019hommes et de femmes qui continuent \u00e0 porter partout dans le monde la Bonne Nouvelle de la R\u00e9surrection.<\/p>\n\n\n\n<p><em>\u00ab&nbsp;Aux fronti\u00e8res de l\u2019\u00e9ternit\u00e9 et du temps,&nbsp;<\/em>disait le Patriarche Ath\u00e9nagoras<em>, se dresse le Christ ressuscit\u00e9. Sa r\u00e9surrection donne sens \u00e0 l\u2019univers entier et \u00e0 chacune de nos vies&nbsp;\u00bb.<\/em>&nbsp;Enfin, la mort a trouv\u00e9 son ma\u00eetre, enfin la condition humaine trouve son sens dans la r\u00e9surrection du Christ.<\/p>\n\n\n\n<p>Bien s\u00fbr, le monde n\u2019est pas toujours beau&nbsp;; bien s\u00fbr le monde est p\u00e9tri de corruptions&nbsp;; bien s\u00fbr les hommes ont la facult\u00e9 de faire sauter la plan\u00e8te. Mais heureusement tout n\u2019est pas mal ni laid dans le monde. Certes les hommes peuvent le pire mais ils peuvent aussi donner le meilleur&nbsp;: car la victoire du Christ ressuscit\u00e9 est bien certaine pour le monde et elle est plus forte que tous les dangers. D\u00e8s lors, une question se pose \u00e0 nous ce matin&nbsp;: o\u00f9 en sommes-nous de notre propre P\u00e2que, celle \u00ab&nbsp;des passages&nbsp;\u00bb quotidiens&nbsp;: du pouvoir au service, de la revanche au pardon, du mensonge \u00e0 la v\u00e9rit\u00e9, de la violence \u00e0 la paix, de l\u2019orgueil \u00e0 l\u2019humilit\u00e9, de la haine \u00e0 l\u2019amour&nbsp;? N\u2019est-ce pas l\u00e0 o\u00f9 le Seigneur nous attend&nbsp;?<\/p>\n\n\n\n<p>Chers Fr\u00e8res et S\u0153urs dans le Seigneur,<\/p>\n\n\n\n<p>On entre dans la joie de P\u00e2ques quand on comprend \u00e0 quel point la r\u00e9surrection du Christ change tout pour nous&nbsp;; quand on comprend que nous pouvons \u00eatre vainqueurs par la vie que le Christ nous a gagn\u00e9e.&nbsp;<\/p>\n\n\n\n<p>Et en m\u00eame temps enfin, souvenons-nous de nos proches qui ne peuvent se r\u00e9jouir avec nous en ces moments lumineux. Souvenons-nous de nos malades, des vieilles personnes, des prisonniers, de nos fr\u00e8res et s\u0153urs en Ukraine ou en exil, victimes d\u2019une guerre inique et de tous ceux qui, pour une raison ou pour une autre, n\u2019ont pu partager avec nous la Joie de la R\u00e9surrection du Christ&nbsp;; prions pour eux, afin que le Seigneur visite leur c\u0153ur et les invite \u00e0 f\u00eater son triomphe avec lui. Souvenons-nous enfin de nos proches d\u00e9funts et de tous les paroissiens d\u00e9funts de cette \u00e9glise car ce triomphe est aussi leur triomphe puisque le Christ Ressuscit\u00e9 est descendu aux enfers pour annoncer \u00e0 nos anc\u00eatres qui s\u2019y trouvaient la Victoire de la Vie sur le mort.<\/p>\n\n\n\n<p>CHRIST EST RESSUSCITE\u2019&nbsp;!<\/p>\n\n\n\n<p>P\u00e2ques de l\u2019An de Gr\u00e2ce du Seigneur 2023.<\/p>\n\n\n\n<p>+STEPHANOS, M\u00e9tropolite de Tallinn et de toute l\u2019Estonie.<\/p>\n\n\n\n<p>Pr\u00e9sident du Saint Synode.<\/p>\n","protected":false},"excerpt":{"rendered":"<p>\u00ab&nbsp;Comme des enfants nouveaux-n\u00e9s d\u00e9sirez le vrai lait spirituel, afin de cro\u00eetre pour le salut&nbsp;\u00bb (1 Pierre 2,2). Vos Excellences ch\u00e8res \u00e0 notre c\u0153ur, les \u00e9v\u00eaques de Tartu Elias et de P\u00e4rnu-Saare Alexandre, Tr\u00e8s aim\u00e9s Pr\u00eatres et Diacres, Tr\u00e8s consid\u00e9r\u00e9s membres ou amis de notre sainte Eglise d\u2019Estonie ici pr\u00e9sents, CHRIST EST RESSUSCIT\u00c9&nbsp;! Cette acclamation [&hellip;]<\/p>\n","protected":false},"author":1,"featured_media":34115,"comment_status":"closed","ping_status":"closed","sticky":false,"template":"","format":"standard","meta":{"_exactmetrics_skip_tracking":false,"_exactmetrics_sitenote_active":false,"_exactmetrics_sitenote_note":"","_exactmetrics_sitenote_category":0,"_monsterinsights_skip_tracking":false,"_monsterinsights_sitenote_active":false,"_monsterinsights_sitenote_note":"","_monsterinsights_sitenote_category":0,"footnotes":""},"categories":[186],"tags":[],"class_list":["post-37627","post","type-post","status-publish","format-standard","has-post-thumbnail","hentry","category-messages"],"yoast_head":"<!-- This site is optimized with the Yoast SEO plugin v27.5 - https:\/\/yoast.com\/product\/yoast-seo-wordpress\/ -->\n<title>MESSAGE PASCAL DE L\u2019AN DE GR\u00c2CES 2023 &#8211; \u00c9glise Orthodoxe d&#039;Estonie<\/title>\n<meta name=\"robots\" content=\"index, follow, max-snippet:-1, max-image-preview:large, max-video-preview:-1\" \/>\n<link rel=\"canonical\" href=\"https:\/\/www.eoc.ee\/fr\/messages\/strong-message-pascal-de-l-an-de-graces-2023-strong\/\" \/>\n<meta property=\"og:locale\" content=\"fr_FR\" \/>\n<meta property=\"og:type\" content=\"article\" \/>\n<meta property=\"og:title\" content=\"MESSAGE PASCAL DE L\u2019AN DE GR\u00c2CES 2023 &#8211; \u00c9glise Orthodoxe d&#039;Estonie\" \/>\n<meta property=\"og:description\" content=\"\u00ab&nbsp;Comme des enfants nouveaux-n\u00e9s d\u00e9sirez le vrai lait spirituel, afin de cro\u00eetre pour le salut&nbsp;\u00bb (1 Pierre 2,2). Vos Excellences ch\u00e8res \u00e0 notre c\u0153ur, les \u00e9v\u00eaques de Tartu Elias et de P\u00e4rnu-Saare Alexandre, Tr\u00e8s aim\u00e9s Pr\u00eatres et Diacres, Tr\u00e8s consid\u00e9r\u00e9s membres ou amis de notre sainte Eglise d\u2019Estonie ici pr\u00e9sents, CHRIST EST RESSUSCIT\u00c9&nbsp;! Cette acclamation [&hellip;]\" \/>\n<meta property=\"og:url\" content=\"https:\/\/www.eoc.ee\/fr\/messages\/strong-message-pascal-de-l-an-de-graces-2023-strong\/\" \/>\n<meta property=\"og:site_name\" content=\"\u00c9glise Orthodoxe d&#039;Estonie\" \/>\n<meta property=\"article:published_time\" content=\"2023-04-15T19:18:08+00:00\" \/>\n<meta property=\"article:modified_time\" content=\"2023-04-15T19:18:09+00:00\" \/>\n<meta property=\"og:image\" content=\"https:\/\/www.eoc.ee\/wp-content\/uploads\/2021\/05\/resurrection2007.jpg\" \/>\n\t<meta property=\"og:image:width\" content=\"1025\" \/>\n\t<meta property=\"og:image:height\" content=\"888\" \/>\n\t<meta property=\"og:image:type\" content=\"image\/jpeg\" \/>\n<meta name=\"author\" content=\"admin\" \/>\n<meta name=\"twitter:label1\" content=\"\u00c9crit par\" \/>\n\t<meta name=\"twitter:data1\" content=\"admin\" \/>\n\t<meta name=\"twitter:label2\" content=\"Dur\u00e9e de lecture estim\u00e9e\" \/>\n\t<meta name=\"twitter:data2\" content=\"5 minutes\" \/>\n<script type=\"application\/ld+json\" class=\"yoast-schema-graph\">{\"@context\":\"https:\\\/\\\/schema.org\",\"@graph\":[{\"@type\":\"Article\",\"@id\":\"https:\\\/\\\/www.eoc.ee\\\/fr\\\/messages\\\/strong-message-pascal-de-l-an-de-graces-2023-strong\\\/#article\",\"isPartOf\":{\"@id\":\"https:\\\/\\\/www.eoc.ee\\\/fr\\\/messages\\\/strong-message-pascal-de-l-an-de-graces-2023-strong\\\/\"},\"author\":{\"name\":\"admin\",\"@id\":\"https:\\\/\\\/www.eoc.ee\\\/#\\\/schema\\\/person\\\/b2f63ee248fa8231f859895479be33b5\"},\"headline\":\"MESSAGE PASCAL DE L\u2019AN DE GR\u00c2CES 2023\",\"datePublished\":\"2023-04-15T19:18:08+00:00\",\"dateModified\":\"2023-04-15T19:18:09+00:00\",\"mainEntityOfPage\":{\"@id\":\"https:\\\/\\\/www.eoc.ee\\\/fr\\\/messages\\\/strong-message-pascal-de-l-an-de-graces-2023-strong\\\/\"},\"wordCount\":1018,\"image\":{\"@id\":\"https:\\\/\\\/www.eoc.ee\\\/fr\\\/messages\\\/strong-message-pascal-de-l-an-de-graces-2023-strong\\\/#primaryimage\"},\"thumbnailUrl\":\"https:\\\/\\\/www.eoc.ee\\\/wp-content\\\/uploads\\\/2021\\\/05\\\/resurrection2007.jpg\",\"articleSection\":[\"Messages\"],\"inLanguage\":\"fr-FR\"},{\"@type\":\"WebPage\",\"@id\":\"https:\\\/\\\/www.eoc.ee\\\/fr\\\/messages\\\/strong-message-pascal-de-l-an-de-graces-2023-strong\\\/\",\"url\":\"https:\\\/\\\/www.eoc.ee\\\/fr\\\/messages\\\/strong-message-pascal-de-l-an-de-graces-2023-strong\\\/\",\"name\":\"MESSAGE PASCAL DE L\u2019AN DE GR\u00c2CES 2023 &#8211; \u00c9glise Orthodoxe d'Estonie\",\"isPartOf\":{\"@id\":\"https:\\\/\\\/www.eoc.ee\\\/#website\"},\"primaryImageOfPage\":{\"@id\":\"https:\\\/\\\/www.eoc.ee\\\/fr\\\/messages\\\/strong-message-pascal-de-l-an-de-graces-2023-strong\\\/#primaryimage\"},\"image\":{\"@id\":\"https:\\\/\\\/www.eoc.ee\\\/fr\\\/messages\\\/strong-message-pascal-de-l-an-de-graces-2023-strong\\\/#primaryimage\"},\"thumbnailUrl\":\"https:\\\/\\\/www.eoc.ee\\\/wp-content\\\/uploads\\\/2021\\\/05\\\/resurrection2007.jpg\",\"datePublished\":\"2023-04-15T19:18:08+00:00\",\"dateModified\":\"2023-04-15T19:18:09+00:00\",\"author\":{\"@id\":\"https:\\\/\\\/www.eoc.ee\\\/#\\\/schema\\\/person\\\/b2f63ee248fa8231f859895479be33b5\"},\"breadcrumb\":{\"@id\":\"https:\\\/\\\/www.eoc.ee\\\/fr\\\/messages\\\/strong-message-pascal-de-l-an-de-graces-2023-strong\\\/#breadcrumb\"},\"inLanguage\":\"fr-FR\",\"potentialAction\":[{\"@type\":\"ReadAction\",\"target\":[\"https:\\\/\\\/www.eoc.ee\\\/fr\\\/messages\\\/strong-message-pascal-de-l-an-de-graces-2023-strong\\\/\"]}]},{\"@type\":\"ImageObject\",\"inLanguage\":\"fr-FR\",\"@id\":\"https:\\\/\\\/www.eoc.ee\\\/fr\\\/messages\\\/strong-message-pascal-de-l-an-de-graces-2023-strong\\\/#primaryimage\",\"url\":\"https:\\\/\\\/www.eoc.ee\\\/wp-content\\\/uploads\\\/2021\\\/05\\\/resurrection2007.jpg\",\"contentUrl\":\"https:\\\/\\\/www.eoc.ee\\\/wp-content\\\/uploads\\\/2021\\\/05\\\/resurrection2007.jpg\",\"width\":1025,\"height\":888},{\"@type\":\"BreadcrumbList\",\"@id\":\"https:\\\/\\\/www.eoc.ee\\\/fr\\\/messages\\\/strong-message-pascal-de-l-an-de-graces-2023-strong\\\/#breadcrumb\",\"itemListElement\":[{\"@type\":\"ListItem\",\"position\":1,\"name\":\"Home\",\"item\":\"https:\\\/\\\/www.eoc.ee\\\/\"},{\"@type\":\"ListItem\",\"position\":2,\"name\":\"MESSAGE PASCAL DE L\u2019AN DE GR\u00c2CES 2023\"}]},{\"@type\":\"WebSite\",\"@id\":\"https:\\\/\\\/www.eoc.ee\\\/#website\",\"url\":\"https:\\\/\\\/www.eoc.ee\\\/\",\"name\":\"\u00c9glise Orthodoxe d'Estonie\",\"description\":\"Eesti Apostlik-\u00d5igeusu Kirik\",\"potentialAction\":[{\"@type\":\"SearchAction\",\"target\":{\"@type\":\"EntryPoint\",\"urlTemplate\":\"https:\\\/\\\/www.eoc.ee\\\/?s={search_term_string}\"},\"query-input\":{\"@type\":\"PropertyValueSpecification\",\"valueRequired\":true,\"valueName\":\"search_term_string\"}}],\"inLanguage\":\"fr-FR\"},{\"@type\":\"Person\",\"@id\":\"https:\\\/\\\/www.eoc.ee\\\/#\\\/schema\\\/person\\\/b2f63ee248fa8231f859895479be33b5\",\"name\":\"admin\",\"image\":{\"@type\":\"ImageObject\",\"inLanguage\":\"fr-FR\",\"@id\":\"https:\\\/\\\/secure.gravatar.com\\\/avatar\\\/f25be8e91dbe6c3266bce0c8632f6d9be56ece45b61fa1b09359276cabb59123?s=96&d=mm&r=g\",\"url\":\"https:\\\/\\\/secure.gravatar.com\\\/avatar\\\/f25be8e91dbe6c3266bce0c8632f6d9be56ece45b61fa1b09359276cabb59123?s=96&d=mm&r=g\",\"contentUrl\":\"https:\\\/\\\/secure.gravatar.com\\\/avatar\\\/f25be8e91dbe6c3266bce0c8632f6d9be56ece45b61fa1b09359276cabb59123?s=96&d=mm&r=g\",\"caption\":\"admin\"},\"url\":\"https:\\\/\\\/www.eoc.ee\\\/fr\\\/author\\\/admin\\\/\"}]}<\/script>\n<!-- \/ Yoast SEO plugin. -->","yoast_head_json":{"title":"MESSAGE PASCAL DE L\u2019AN DE GR\u00c2CES 2023 &#8211; \u00c9glise Orthodoxe d'Estonie","robots":{"index":"index","follow":"follow","max-snippet":"max-snippet:-1","max-image-preview":"max-image-preview:large","max-video-preview":"max-video-preview:-1"},"canonical":"https:\/\/www.eoc.ee\/fr\/messages\/strong-message-pascal-de-l-an-de-graces-2023-strong\/","og_locale":"fr_FR","og_type":"article","og_title":"MESSAGE PASCAL DE L\u2019AN DE GR\u00c2CES 2023 &#8211; \u00c9glise Orthodoxe d'Estonie","og_description":"\u00ab&nbsp;Comme des enfants nouveaux-n\u00e9s d\u00e9sirez le vrai lait spirituel, afin de cro\u00eetre pour le salut&nbsp;\u00bb (1 Pierre 2,2). Vos Excellences ch\u00e8res \u00e0 notre c\u0153ur, les \u00e9v\u00eaques de Tartu Elias et de P\u00e4rnu-Saare Alexandre, Tr\u00e8s aim\u00e9s Pr\u00eatres et Diacres, Tr\u00e8s consid\u00e9r\u00e9s membres ou amis de notre sainte Eglise d\u2019Estonie ici pr\u00e9sents, CHRIST EST RESSUSCIT\u00c9&nbsp;! Cette acclamation [&hellip;]","og_url":"https:\/\/www.eoc.ee\/fr\/messages\/strong-message-pascal-de-l-an-de-graces-2023-strong\/","og_site_name":"\u00c9glise Orthodoxe d'Estonie","article_published_time":"2023-04-15T19:18:08+00:00","article_modified_time":"2023-04-15T19:18:09+00:00","og_image":[{"width":1025,"height":888,"url":"https:\/\/www.eoc.ee\/wp-content\/uploads\/2021\/05\/resurrection2007.jpg","type":"image\/jpeg"}],"author":"admin","twitter_misc":{"\u00c9crit par":"admin","Dur\u00e9e de lecture estim\u00e9e":"5 minutes"},"schema":{"@context":"https:\/\/schema.org","@graph":[{"@type":"Article","@id":"https:\/\/www.eoc.ee\/fr\/messages\/strong-message-pascal-de-l-an-de-graces-2023-strong\/#article","isPartOf":{"@id":"https:\/\/www.eoc.ee\/fr\/messages\/strong-message-pascal-de-l-an-de-graces-2023-strong\/"},"author":{"name":"admin","@id":"https:\/\/www.eoc.ee\/#\/schema\/person\/b2f63ee248fa8231f859895479be33b5"},"headline":"MESSAGE PASCAL DE L\u2019AN DE GR\u00c2CES 2023","datePublished":"2023-04-15T19:18:08+00:00","dateModified":"2023-04-15T19:18:09+00:00","mainEntityOfPage":{"@id":"https:\/\/www.eoc.ee\/fr\/messages\/strong-message-pascal-de-l-an-de-graces-2023-strong\/"},"wordCount":1018,"image":{"@id":"https:\/\/www.eoc.ee\/fr\/messages\/strong-message-pascal-de-l-an-de-graces-2023-strong\/#primaryimage"},"thumbnailUrl":"https:\/\/www.eoc.ee\/wp-content\/uploads\/2021\/05\/resurrection2007.jpg","articleSection":["Messages"],"inLanguage":"fr-FR"},{"@type":"WebPage","@id":"https:\/\/www.eoc.ee\/fr\/messages\/strong-message-pascal-de-l-an-de-graces-2023-strong\/","url":"https:\/\/www.eoc.ee\/fr\/messages\/strong-message-pascal-de-l-an-de-graces-2023-strong\/","name":"MESSAGE PASCAL DE L\u2019AN DE GR\u00c2CES 2023 &#8211; \u00c9glise Orthodoxe d'Estonie","isPartOf":{"@id":"https:\/\/www.eoc.ee\/#website"},"primaryImageOfPage":{"@id":"https:\/\/www.eoc.ee\/fr\/messages\/strong-message-pascal-de-l-an-de-graces-2023-strong\/#primaryimage"},"image":{"@id":"https:\/\/www.eoc.ee\/fr\/messages\/strong-message-pascal-de-l-an-de-graces-2023-strong\/#primaryimage"},"thumbnailUrl":"https:\/\/www.eoc.ee\/wp-content\/uploads\/2021\/05\/resurrection2007.jpg","datePublished":"2023-04-15T19:18:08+00:00","dateModified":"2023-04-15T19:18:09+00:00","author":{"@id":"https:\/\/www.eoc.ee\/#\/schema\/person\/b2f63ee248fa8231f859895479be33b5"},"breadcrumb":{"@id":"https:\/\/www.eoc.ee\/fr\/messages\/strong-message-pascal-de-l-an-de-graces-2023-strong\/#breadcrumb"},"inLanguage":"fr-FR","potentialAction":[{"@type":"ReadAction","target":["https:\/\/www.eoc.ee\/fr\/messages\/strong-message-pascal-de-l-an-de-graces-2023-strong\/"]}]},{"@type":"ImageObject","inLanguage":"fr-FR","@id":"https:\/\/www.eoc.ee\/fr\/messages\/strong-message-pascal-de-l-an-de-graces-2023-strong\/#primaryimage","url":"https:\/\/www.eoc.ee\/wp-content\/uploads\/2021\/05\/resurrection2007.jpg","contentUrl":"https:\/\/www.eoc.ee\/wp-content\/uploads\/2021\/05\/resurrection2007.jpg","width":1025,"height":888},{"@type":"BreadcrumbList","@id":"https:\/\/www.eoc.ee\/fr\/messages\/strong-message-pascal-de-l-an-de-graces-2023-strong\/#breadcrumb","itemListElement":[{"@type":"ListItem","position":1,"name":"Home","item":"https:\/\/www.eoc.ee\/"},{"@type":"ListItem","position":2,"name":"MESSAGE PASCAL DE L\u2019AN DE GR\u00c2CES 2023"}]},{"@type":"WebSite","@id":"https:\/\/www.eoc.ee\/#website","url":"https:\/\/www.eoc.ee\/","name":"\u00c9glise Orthodoxe d'Estonie","description":"Eesti Apostlik-\u00d5igeusu Kirik","potentialAction":[{"@type":"SearchAction","target":{"@type":"EntryPoint","urlTemplate":"https:\/\/www.eoc.ee\/?s={search_term_string}"},"query-input":{"@type":"PropertyValueSpecification","valueRequired":true,"valueName":"search_term_string"}}],"inLanguage":"fr-FR"},{"@type":"Person","@id":"https:\/\/www.eoc.ee\/#\/schema\/person\/b2f63ee248fa8231f859895479be33b5","name":"admin","image":{"@type":"ImageObject","inLanguage":"fr-FR","@id":"https:\/\/secure.gravatar.com\/avatar\/f25be8e91dbe6c3266bce0c8632f6d9be56ece45b61fa1b09359276cabb59123?s=96&d=mm&r=g","url":"https:\/\/secure.gravatar.com\/avatar\/f25be8e91dbe6c3266bce0c8632f6d9be56ece45b61fa1b09359276cabb59123?s=96&d=mm&r=g","contentUrl":"https:\/\/secure.gravatar.com\/avatar\/f25be8e91dbe6c3266bce0c8632f6d9be56ece45b61fa1b09359276cabb59123?s=96&d=mm&r=g","caption":"admin"},"url":"https:\/\/www.eoc.ee\/fr\/author\/admin\/"}]}},"_links":{"self":[{"href":"https:\/\/www.eoc.ee\/fr\/wp-json\/wp\/v2\/posts\/37627","targetHints":{"allow":["GET"]}}],"collection":[{"href":"https:\/\/www.eoc.ee\/fr\/wp-json\/wp\/v2\/posts"}],"about":[{"href":"https:\/\/www.eoc.ee\/fr\/wp-json\/wp\/v2\/types\/post"}],"author":[{"embeddable":true,"href":"https:\/\/www.eoc.ee\/fr\/wp-json\/wp\/v2\/users\/1"}],"replies":[{"embeddable":true,"href":"https:\/\/www.eoc.ee\/fr\/wp-json\/wp\/v2\/comments?post=37627"}],"version-history":[{"count":1,"href":"https:\/\/www.eoc.ee\/fr\/wp-json\/wp\/v2\/posts\/37627\/revisions"}],"predecessor-version":[{"id":37628,"href":"https:\/\/www.eoc.ee\/fr\/wp-json\/wp\/v2\/posts\/37627\/revisions\/37628"}],"wp:featuredmedia":[{"embeddable":true,"href":"https:\/\/www.eoc.ee\/fr\/wp-json\/wp\/v2\/media\/34115"}],"wp:attachment":[{"href":"https:\/\/www.eoc.ee\/fr\/wp-json\/wp\/v2\/media?parent=37627"}],"wp:term":[{"taxonomy":"category","embeddable":true,"href":"https:\/\/www.eoc.ee\/fr\/wp-json\/wp\/v2\/categories?post=37627"},{"taxonomy":"post_tag","embeddable":true,"href":"https:\/\/www.eoc.ee\/fr\/wp-json\/wp\/v2\/tags?post=37627"}],"curies":[{"name":"wp","href":"https:\/\/api.w.org\/{rel}","templated":true}]}}