{"id":39549,"date":"2023-12-25T00:29:22","date_gmt":"2023-12-24T22:29:22","guid":{"rendered":"https:\/\/www.eoc.ee\/?p=39549"},"modified":"2023-12-25T00:29:24","modified_gmt":"2023-12-24T22:29:24","slug":"message-pour-la-nativite-de-notre-seigneur-jesus-christ-2023","status":"publish","type":"post","link":"https:\/\/www.eoc.ee\/fr\/non-classifiee\/message-pour-la-nativite-de-notre-seigneur-jesus-christ-2023\/","title":{"rendered":"MESSAGE POUR LA NATIVITE DE NOTRE-SEIGNEUR JESUS-CHRIST 2023"},"content":{"rendered":"\n<p class=\"has-text-align-right\"><em>\u00ab&nbsp;Notre Sauveur nous a visit\u00e9s du haut des cieux,<\/em><\/p>\n\n\n\n<p class=\"has-text-align-right\"><em>de l\u2019Orient des Orients,<\/em><\/p>\n\n\n\n<p class=\"has-text-align-right\"><em>et nous qui \u00e9tions dans les t\u00e9n\u00e8bres et l\u2019ombre<\/em><\/p>\n\n\n\n<p class=\"has-text-align-right\"><em>nous avons trouv\u00e9 la v\u00e9rit\u00e9\u2026&nbsp;\u00bb<\/em><\/p>\n\n\n\n<p class=\"has-text-align-right\">(Exapostilaire des Matines de la c\u00e9l\u00e9bration de la Nativit\u00e9)<\/p>\n\n\n\n<p>Le message de No\u00ebl n\u2019est pas seulement adress\u00e9 \u00e0 l\u2019humanit\u00e9 en g\u00e9n\u00e9ral. Il est surtout adress\u00e9 \u00e0 chaque homme en particulier.&nbsp;&nbsp;Il atteint chaque \u00e2me d\u2019une mani\u00e8re unique et exceptionnelle. Je peux dire ici que la joie de la f\u00eate de la Nativit\u00e9 nous concerne tous d\u2019une mani\u00e8re intime, personnelle&nbsp;: c\u2019est d\u2019abord \u00e0 moi et pour moi que la grande joie est annonc\u00e9e&nbsp;; c\u2019est \u00e0 moi et pour moi que l\u2019enfant J\u00e9sus est n\u00e9 dans une cr\u00e8che comme un don tr\u00e8s personnel.<\/p>\n\n\n\n<p>Si je m\u2019efforce d\u2019\u00eatre fid\u00e8le \u00e0 toute la mesure de la lumi\u00e8re que Dieu m\u2019accorde cette nuit, si je d\u00e9cide d\u2019\u00eatre vrai, pr\u00eat \u00e0 rendre t\u00e9moignage \u00e0 \u00ab&nbsp;la lumi\u00e8re v\u00e9ritable qui \u00e9claire tout homme venant dans ce monde&nbsp;\u00bb, ainsi que nous le confessons dans nos offices liturgiques, cette m\u00eame lumi\u00e8re divine ne manquera pas, malgr\u00e9 mon ignorance, de me conduire et de m\u2019assister jusqu\u2019aupr\u00e8s de cet enfant couch\u00e9 dans la cr\u00e8che. Ceci, non pas de fa\u00e7on abstraite mais aussi, avant toutes choses, dans toutes les circonstances concr\u00e8tes de la vie. Plus encore, non pas une fois, mais chaque fois que cela sera n\u00e9cessaire.<\/p>\n\n\n\n<p>Avant d\u2019aller plus loin, souvenons-nous ce que dit Saint Athanase d\u2019Alexandrie dans son trait\u00e9 sur l\u2019incarnation du Verbe de Dieu&nbsp;:<\/p>\n\n\n\n<p>\u00ab&nbsp;Le Verbe de Dieu, incorporel, incorruptible et immortel vient parmi nous. Il ne se tenait pas \u00e9loign\u00e9 auparavant, car Il n\u2019a vid\u00e9 de sa pr\u00e9sence aucune partie de la cr\u00e9ation, Lui qui remplissait toutes choses en tout lieu, puisqu\u2019Il \u00e9tait avec son P\u00e8re. Mais Il vient nous manifester son amour pour notre humanit\u00e9\u2026 Il prend piti\u00e9 de notre faiblesse, s\u2019\u00e9meut de notre d\u00e9ch\u00e9ance et ne peut supporter la domination sur nous de la mort. Pour emp\u00eacher que sa cr\u00e9ature ne se perde et que l\u2019\u0153uvre accomplie par son P\u00e8re en cr\u00e9ant les hommes ne soit inutile, Il prend lui-m\u00eame un corps, et ce corps n\u2019est pas diff\u00e9rent du n\u00f4tre. Il ne s\u2019est pas content\u00e9 de prendre un corps n\u2019importe comment et de se rendre seulement visible. C\u2019est dans la Vierge qu\u2019Il se construit \u00e0 lui-m\u00eame ce corps comme temple de sa pr\u00e9sence et qu\u2019Il se l\u2019approprie comme instrument de sa manifestation&nbsp;\u00bb.<\/p>\n\n\n\n<p>Je d\u00e9sire vous faire conna\u00eetre ce texte tr\u00e8s inspir\u00e9 d\u2019un penseur anonyme, qui avait \u00e9crit ceci&nbsp;\u00e0 propos de la venue du Christ parmi nous&nbsp;:<\/p>\n\n\n\n<p>\u00ab&nbsp;<em>Si notre plus grand besoin avait \u00e9t\u00e9 la formation, Dieu nous aurait envoy\u00e9 un enseignant.<\/em><\/p>\n\n\n\n<p><em>Si notre plus grand besoin avait \u00e9t\u00e9 la technologie, Dieu nous aurait envoy\u00e9 un ing\u00e9nieur.<\/em><\/p>\n\n\n\n<p><em>Si notre plus grand besoin avait \u00e9t\u00e9 l\u2019argent, Dieu nous aurait envoy\u00e9 un banquier.<\/em><\/p>\n\n\n\n<p><em>Si notre plus grand besoin avait \u00e9t\u00e9 le plaisir, Dieu nous aurait envoy\u00e9 un com\u00e9dien.<\/em><\/p>\n\n\n\n<p><em>Si notre plus grand besoin avait \u00e9t\u00e9 la sant\u00e9, Dieu nous aurait envoy\u00e9 un m\u00e9decin.<\/em><\/p>\n\n\n\n<p><em>Mais notre plus grand besoin \u00e9tait le pardon. Alors Dieu nous a envoy\u00e9 un Sauveur.&nbsp;\u00bb<\/em><\/p>\n\n\n\n<p>Et pour cela Il va aller jusqu\u2019\u00e0 quelque chose d\u2019incroyable, d\u2019inimaginable&nbsp;:&nbsp;<em>\u00ab&nbsp;Le Verbe se fait chair.&nbsp;\u00bb&nbsp;<\/em>Dieu est devenu un homme<em>.<\/em>&nbsp;J\u00e9sus est venu habiter notre vie en devenant un homme. Notre existence de croyant, pr\u00e9sente et \u00e9ternelle, d\u00e9pend de cette annonce des \u00e9vang\u00e9listes Matthieu et Luc : aujourd\u2019hui, pour chacun d\u2019entre nous, un Sauveur est n\u00e9, c\u2019est cet enfant, et Il est Dieu. La preuve est tout de m\u00eame bien d\u00e9routante&nbsp;: \u00ab&nbsp;Vous trouverez, pr\u00e9cise l\u2019ange aux bergers, \u00ab&nbsp;un enfant emmaillot\u00e9 et couch\u00e9 dans une cr\u00e8che&nbsp;\u00bb. Le signe qu\u2019Il est Dieu&nbsp;?&#8230; Il aurait fallu pour cela des trompettes, des \u00e9clairs, des armes, des foules.&nbsp;&nbsp;Bref tout le&nbsp;&nbsp;branle-bas habituel&nbsp;&nbsp;dont s\u2019entourent les puissants.<\/p>\n\n\n\n<p>Dieu est puissant, oui\u2026&nbsp;&nbsp;Jusqu\u2019\u00e0 pouvoir venir dans la pauvret\u00e9 et le silence. C\u2019est \u00e0 Bethl\u00e9em que commence une aventure aupr\u00e8s de laquelle toute autre aventure s\u2019efface&nbsp;: quelqu\u2019un va \u00eatre humainement Dieu et divinement homme. Cette naissance dans une cr\u00e8che d\u00e9clare que J\u00e9sus veut \u00eatre compt\u00e9 parmi les plus pauvres, les plus humbles, les d\u00e9sh\u00e9rit\u00e9s, les malades, les prisonniers, les p\u00e9cheurs. En un mot, aupr\u00e8s de tous ceux qui souffrent,&nbsp;qui sont abandonn\u00e9s, pers\u00e9cut\u00e9s, m\u00e9pris\u00e9s, rejet\u00e9s&nbsp;!<\/p>\n\n\n\n<p>Pour un bon nombre de nos concitoyens, c\u2019est si difficile d\u2019adh\u00e9rer \u00e0 cela. Ils rejettent l\u2019id\u00e9e que J\u00e9sus de Nazareth puisse \u00eatre le Fils de Dieu, Dieu incarn\u00e9, Dieu ayant accept\u00e9 notre chair, nos joies et nos souffrances, notre mort. Ils restent dans les t\u00e9n\u00e8bres de leurs pens\u00e9es parce qu\u2019ils n\u2019ont pas compris la lumi\u00e8re que leur apporte J\u00e9sus. La Lumi\u00e8re v\u00e9ritable qui rayonne dans le monde. Croire en effet \u00e0 la divinit\u00e9 de J\u00e9sus-Christ, c\u2019est avoir une telle confiance en Lui et un tel d\u00e9sir d\u2019aimer comme Lui. Voil\u00e0 pourquoi nous, qui L\u2019avons re\u00e7u, nous sommes appel\u00e9s \u00e0 \u00eatre des r\u00e9v\u00e9lateurs aupr\u00e8s de tous ceux qui nous fr\u00e9quentent, qui finissent par \u00eatre intrigu\u00e9s et peut-\u00eatre attir\u00e9s par notre totale adh\u00e9sion \u00e0 J\u00e9sus-Christ. Au point qu\u2019un jour ils puissent dire&nbsp;:&nbsp;\u00ab&nbsp;Toi, tu me convertirais presqu\u2019\u00e0 ton Dieu&nbsp;!&nbsp;\u00bb&nbsp;<\/p>\n\n\n\n<p>Pour cela, il faut donc toute la puissance, toute la mis\u00e9ricorde, tout le pardon de Dieu pour que nous puissions nous-m\u00eames \u00eatre litt\u00e9ralement retourn\u00e9s vers la gr\u00e2ce de Dieu. C\u2019est cela le nouvel \u00e9v\u00e9nement de Dieu en ce jour de sa Nativit\u00e9. Il est l\u2019\u00e9v\u00e9nement unique de notre salut. Tel est en r\u00e9alit\u00e9 le sens pl\u00e9nier et profond de notre r\u00e9demption, accomplie par J\u00e9sus-Christ.&nbsp;<\/p>\n\n\n\n<p>Pour ce faire, il faut que notre c\u0153ur choisisse lui aussi la mis\u00e9ricorde, l\u2019amour de Dieu. Ce c\u0153ur-l\u00e0 ne peut le r\u00e9aliser que si J\u00e9sus vient combler tous les ab\u00eemes inconcevables qui rejettent Dieu&nbsp;; qui Le refusent&nbsp;; qui nous rendent \u00e9trangers les uns envers les autres&nbsp;; qui non seulement d\u00e9chirent les hommes les uns vis-\u00e0-vis des autres mais aussi qui nous d\u00e9chirent au plus profond de nos propres \u00eatres.<\/p>\n\n\n\n<p>Que le divin enfant de Bethl\u00e9em trouve dans nos c\u0153urs et dans les c\u0153urs de toute bonne volont\u00e9 beaucoup de justice, d\u2019amour, de paix et de grande esp\u00e9rance. Amen&nbsp;!<\/p>\n\n\n\n<p>+Stephanos, m\u00e9tropolite de Tallinn et de toute l\u2019Estonie,<\/p>\n\n\n\n<p>Pr\u00e9sident du Saint Synode.<\/p>\n","protected":false},"excerpt":{"rendered":"<p>\u00ab&nbsp;Notre Sauveur nous a visit\u00e9s du haut des cieux, de l\u2019Orient des Orients, et nous qui \u00e9tions dans les t\u00e9n\u00e8bres et l\u2019ombre nous avons trouv\u00e9 la v\u00e9rit\u00e9\u2026&nbsp;\u00bb (Exapostilaire des Matines de la c\u00e9l\u00e9bration de la Nativit\u00e9) Le message de No\u00ebl n\u2019est pas seulement adress\u00e9 \u00e0 l\u2019humanit\u00e9 en g\u00e9n\u00e9ral. Il est surtout adress\u00e9 \u00e0 chaque homme [&hellip;]<\/p>\n","protected":false},"author":1,"featured_media":34626,"comment_status":"closed","ping_status":"closed","sticky":false,"template":"","format":"standard","meta":{"_exactmetrics_skip_tracking":false,"_exactmetrics_sitenote_active":false,"_exactmetrics_sitenote_note":"","_exactmetrics_sitenote_category":0,"_monsterinsights_skip_tracking":false,"_monsterinsights_sitenote_active":false,"_monsterinsights_sitenote_note":"","_monsterinsights_sitenote_category":0,"footnotes":""},"categories":[4],"tags":[],"class_list":["post-39549","post","type-post","status-publish","format-standard","has-post-thumbnail","hentry","category-non-classifiee"],"yoast_head":"<!-- This site is optimized with the Yoast SEO plugin v27.5 - https:\/\/yoast.com\/product\/yoast-seo-wordpress\/ -->\n<title>MESSAGE POUR LA NATIVITE DE NOTRE-SEIGNEUR JESUS-CHRIST 2023 &#8211; \u00c9glise Orthodoxe d&#039;Estonie<\/title>\n<meta name=\"robots\" content=\"index, follow, max-snippet:-1, max-image-preview:large, max-video-preview:-1\" \/>\n<link rel=\"canonical\" href=\"https:\/\/www.eoc.ee\/fr\/non-classifiee\/message-pour-la-nativite-de-notre-seigneur-jesus-christ-2023\/\" \/>\n<meta property=\"og:locale\" content=\"fr_FR\" \/>\n<meta property=\"og:type\" content=\"article\" \/>\n<meta property=\"og:title\" content=\"MESSAGE POUR LA NATIVITE DE NOTRE-SEIGNEUR JESUS-CHRIST 2023 &#8211; \u00c9glise Orthodoxe d&#039;Estonie\" \/>\n<meta property=\"og:description\" content=\"\u00ab&nbsp;Notre Sauveur nous a visit\u00e9s du haut des cieux, de l\u2019Orient des Orients, et nous qui \u00e9tions dans les t\u00e9n\u00e8bres et l\u2019ombre nous avons trouv\u00e9 la v\u00e9rit\u00e9\u2026&nbsp;\u00bb (Exapostilaire des Matines de la c\u00e9l\u00e9bration de la Nativit\u00e9) Le message de No\u00ebl n\u2019est pas seulement adress\u00e9 \u00e0 l\u2019humanit\u00e9 en g\u00e9n\u00e9ral. Il est surtout adress\u00e9 \u00e0 chaque homme [&hellip;]\" \/>\n<meta property=\"og:url\" content=\"https:\/\/www.eoc.ee\/fr\/non-classifiee\/message-pour-la-nativite-de-notre-seigneur-jesus-christ-2023\/\" \/>\n<meta property=\"og:site_name\" content=\"\u00c9glise Orthodoxe d&#039;Estonie\" \/>\n<meta property=\"article:published_time\" content=\"2023-12-24T22:29:22+00:00\" \/>\n<meta property=\"article:modified_time\" content=\"2023-12-24T22:29:24+00:00\" \/>\n<meta property=\"og:image\" content=\"https:\/\/www.eoc.ee\/wp-content\/uploads\/2021\/12\/nativity7.png\" \/>\n\t<meta property=\"og:image:width\" content=\"806\" \/>\n\t<meta property=\"og:image:height\" content=\"618\" \/>\n\t<meta property=\"og:image:type\" content=\"image\/png\" \/>\n<meta name=\"author\" content=\"admin\" \/>\n<meta name=\"twitter:label1\" content=\"\u00c9crit par\" \/>\n\t<meta name=\"twitter:data1\" content=\"admin\" \/>\n\t<meta name=\"twitter:label2\" content=\"Dur\u00e9e de lecture estim\u00e9e\" \/>\n\t<meta name=\"twitter:data2\" content=\"6 minutes\" \/>\n<script type=\"application\/ld+json\" class=\"yoast-schema-graph\">{\"@context\":\"https:\\\/\\\/schema.org\",\"@graph\":[{\"@type\":\"Article\",\"@id\":\"https:\\\/\\\/www.eoc.ee\\\/fr\\\/non-classifiee\\\/message-pour-la-nativite-de-notre-seigneur-jesus-christ-2023\\\/#article\",\"isPartOf\":{\"@id\":\"https:\\\/\\\/www.eoc.ee\\\/fr\\\/non-classifiee\\\/message-pour-la-nativite-de-notre-seigneur-jesus-christ-2023\\\/\"},\"author\":{\"name\":\"admin\",\"@id\":\"https:\\\/\\\/www.eoc.ee\\\/#\\\/schema\\\/person\\\/b2f63ee248fa8231f859895479be33b5\"},\"headline\":\"MESSAGE POUR LA NATIVITE DE NOTRE-SEIGNEUR JESUS-CHRIST 2023\",\"datePublished\":\"2023-12-24T22:29:22+00:00\",\"dateModified\":\"2023-12-24T22:29:24+00:00\",\"mainEntityOfPage\":{\"@id\":\"https:\\\/\\\/www.eoc.ee\\\/fr\\\/non-classifiee\\\/message-pour-la-nativite-de-notre-seigneur-jesus-christ-2023\\\/\"},\"wordCount\":1226,\"image\":{\"@id\":\"https:\\\/\\\/www.eoc.ee\\\/fr\\\/non-classifiee\\\/message-pour-la-nativite-de-notre-seigneur-jesus-christ-2023\\\/#primaryimage\"},\"thumbnailUrl\":\"https:\\\/\\\/www.eoc.ee\\\/wp-content\\\/uploads\\\/2021\\\/12\\\/nativity7.png\",\"articleSection\":[\"Non classifi\u00e9(e)\"],\"inLanguage\":\"fr-FR\"},{\"@type\":\"WebPage\",\"@id\":\"https:\\\/\\\/www.eoc.ee\\\/fr\\\/non-classifiee\\\/message-pour-la-nativite-de-notre-seigneur-jesus-christ-2023\\\/\",\"url\":\"https:\\\/\\\/www.eoc.ee\\\/fr\\\/non-classifiee\\\/message-pour-la-nativite-de-notre-seigneur-jesus-christ-2023\\\/\",\"name\":\"MESSAGE POUR LA NATIVITE DE NOTRE-SEIGNEUR JESUS-CHRIST 2023 &#8211; \u00c9glise Orthodoxe d'Estonie\",\"isPartOf\":{\"@id\":\"https:\\\/\\\/www.eoc.ee\\\/#website\"},\"primaryImageOfPage\":{\"@id\":\"https:\\\/\\\/www.eoc.ee\\\/fr\\\/non-classifiee\\\/message-pour-la-nativite-de-notre-seigneur-jesus-christ-2023\\\/#primaryimage\"},\"image\":{\"@id\":\"https:\\\/\\\/www.eoc.ee\\\/fr\\\/non-classifiee\\\/message-pour-la-nativite-de-notre-seigneur-jesus-christ-2023\\\/#primaryimage\"},\"thumbnailUrl\":\"https:\\\/\\\/www.eoc.ee\\\/wp-content\\\/uploads\\\/2021\\\/12\\\/nativity7.png\",\"datePublished\":\"2023-12-24T22:29:22+00:00\",\"dateModified\":\"2023-12-24T22:29:24+00:00\",\"author\":{\"@id\":\"https:\\\/\\\/www.eoc.ee\\\/#\\\/schema\\\/person\\\/b2f63ee248fa8231f859895479be33b5\"},\"breadcrumb\":{\"@id\":\"https:\\\/\\\/www.eoc.ee\\\/fr\\\/non-classifiee\\\/message-pour-la-nativite-de-notre-seigneur-jesus-christ-2023\\\/#breadcrumb\"},\"inLanguage\":\"fr-FR\",\"potentialAction\":[{\"@type\":\"ReadAction\",\"target\":[\"https:\\\/\\\/www.eoc.ee\\\/fr\\\/non-classifiee\\\/message-pour-la-nativite-de-notre-seigneur-jesus-christ-2023\\\/\"]}]},{\"@type\":\"ImageObject\",\"inLanguage\":\"fr-FR\",\"@id\":\"https:\\\/\\\/www.eoc.ee\\\/fr\\\/non-classifiee\\\/message-pour-la-nativite-de-notre-seigneur-jesus-christ-2023\\\/#primaryimage\",\"url\":\"https:\\\/\\\/www.eoc.ee\\\/wp-content\\\/uploads\\\/2021\\\/12\\\/nativity7.png\",\"contentUrl\":\"https:\\\/\\\/www.eoc.ee\\\/wp-content\\\/uploads\\\/2021\\\/12\\\/nativity7.png\",\"width\":806,\"height\":618},{\"@type\":\"BreadcrumbList\",\"@id\":\"https:\\\/\\\/www.eoc.ee\\\/fr\\\/non-classifiee\\\/message-pour-la-nativite-de-notre-seigneur-jesus-christ-2023\\\/#breadcrumb\",\"itemListElement\":[{\"@type\":\"ListItem\",\"position\":1,\"name\":\"Home\",\"item\":\"https:\\\/\\\/www.eoc.ee\\\/\"},{\"@type\":\"ListItem\",\"position\":2,\"name\":\"MESSAGE POUR LA NATIVITE DE NOTRE-SEIGNEUR JESUS-CHRIST 2023\"}]},{\"@type\":\"WebSite\",\"@id\":\"https:\\\/\\\/www.eoc.ee\\\/#website\",\"url\":\"https:\\\/\\\/www.eoc.ee\\\/\",\"name\":\"\u00c9glise Orthodoxe d'Estonie\",\"description\":\"Eesti Apostlik-\u00d5igeusu Kirik\",\"potentialAction\":[{\"@type\":\"SearchAction\",\"target\":{\"@type\":\"EntryPoint\",\"urlTemplate\":\"https:\\\/\\\/www.eoc.ee\\\/?s={search_term_string}\"},\"query-input\":{\"@type\":\"PropertyValueSpecification\",\"valueRequired\":true,\"valueName\":\"search_term_string\"}}],\"inLanguage\":\"fr-FR\"},{\"@type\":\"Person\",\"@id\":\"https:\\\/\\\/www.eoc.ee\\\/#\\\/schema\\\/person\\\/b2f63ee248fa8231f859895479be33b5\",\"name\":\"admin\",\"image\":{\"@type\":\"ImageObject\",\"inLanguage\":\"fr-FR\",\"@id\":\"https:\\\/\\\/secure.gravatar.com\\\/avatar\\\/f25be8e91dbe6c3266bce0c8632f6d9be56ece45b61fa1b09359276cabb59123?s=96&d=mm&r=g\",\"url\":\"https:\\\/\\\/secure.gravatar.com\\\/avatar\\\/f25be8e91dbe6c3266bce0c8632f6d9be56ece45b61fa1b09359276cabb59123?s=96&d=mm&r=g\",\"contentUrl\":\"https:\\\/\\\/secure.gravatar.com\\\/avatar\\\/f25be8e91dbe6c3266bce0c8632f6d9be56ece45b61fa1b09359276cabb59123?s=96&d=mm&r=g\",\"caption\":\"admin\"},\"url\":\"https:\\\/\\\/www.eoc.ee\\\/fr\\\/author\\\/admin\\\/\"}]}<\/script>\n<!-- \/ Yoast SEO plugin. -->","yoast_head_json":{"title":"MESSAGE POUR LA NATIVITE DE NOTRE-SEIGNEUR JESUS-CHRIST 2023 &#8211; \u00c9glise Orthodoxe d'Estonie","robots":{"index":"index","follow":"follow","max-snippet":"max-snippet:-1","max-image-preview":"max-image-preview:large","max-video-preview":"max-video-preview:-1"},"canonical":"https:\/\/www.eoc.ee\/fr\/non-classifiee\/message-pour-la-nativite-de-notre-seigneur-jesus-christ-2023\/","og_locale":"fr_FR","og_type":"article","og_title":"MESSAGE POUR LA NATIVITE DE NOTRE-SEIGNEUR JESUS-CHRIST 2023 &#8211; \u00c9glise Orthodoxe d'Estonie","og_description":"\u00ab&nbsp;Notre Sauveur nous a visit\u00e9s du haut des cieux, de l\u2019Orient des Orients, et nous qui \u00e9tions dans les t\u00e9n\u00e8bres et l\u2019ombre nous avons trouv\u00e9 la v\u00e9rit\u00e9\u2026&nbsp;\u00bb (Exapostilaire des Matines de la c\u00e9l\u00e9bration de la Nativit\u00e9) Le message de No\u00ebl n\u2019est pas seulement adress\u00e9 \u00e0 l\u2019humanit\u00e9 en g\u00e9n\u00e9ral. Il est surtout adress\u00e9 \u00e0 chaque homme [&hellip;]","og_url":"https:\/\/www.eoc.ee\/fr\/non-classifiee\/message-pour-la-nativite-de-notre-seigneur-jesus-christ-2023\/","og_site_name":"\u00c9glise Orthodoxe d'Estonie","article_published_time":"2023-12-24T22:29:22+00:00","article_modified_time":"2023-12-24T22:29:24+00:00","og_image":[{"width":806,"height":618,"url":"https:\/\/www.eoc.ee\/wp-content\/uploads\/2021\/12\/nativity7.png","type":"image\/png"}],"author":"admin","twitter_misc":{"\u00c9crit par":"admin","Dur\u00e9e de lecture estim\u00e9e":"6 minutes"},"schema":{"@context":"https:\/\/schema.org","@graph":[{"@type":"Article","@id":"https:\/\/www.eoc.ee\/fr\/non-classifiee\/message-pour-la-nativite-de-notre-seigneur-jesus-christ-2023\/#article","isPartOf":{"@id":"https:\/\/www.eoc.ee\/fr\/non-classifiee\/message-pour-la-nativite-de-notre-seigneur-jesus-christ-2023\/"},"author":{"name":"admin","@id":"https:\/\/www.eoc.ee\/#\/schema\/person\/b2f63ee248fa8231f859895479be33b5"},"headline":"MESSAGE POUR LA NATIVITE DE NOTRE-SEIGNEUR JESUS-CHRIST 2023","datePublished":"2023-12-24T22:29:22+00:00","dateModified":"2023-12-24T22:29:24+00:00","mainEntityOfPage":{"@id":"https:\/\/www.eoc.ee\/fr\/non-classifiee\/message-pour-la-nativite-de-notre-seigneur-jesus-christ-2023\/"},"wordCount":1226,"image":{"@id":"https:\/\/www.eoc.ee\/fr\/non-classifiee\/message-pour-la-nativite-de-notre-seigneur-jesus-christ-2023\/#primaryimage"},"thumbnailUrl":"https:\/\/www.eoc.ee\/wp-content\/uploads\/2021\/12\/nativity7.png","articleSection":["Non classifi\u00e9(e)"],"inLanguage":"fr-FR"},{"@type":"WebPage","@id":"https:\/\/www.eoc.ee\/fr\/non-classifiee\/message-pour-la-nativite-de-notre-seigneur-jesus-christ-2023\/","url":"https:\/\/www.eoc.ee\/fr\/non-classifiee\/message-pour-la-nativite-de-notre-seigneur-jesus-christ-2023\/","name":"MESSAGE POUR LA NATIVITE DE NOTRE-SEIGNEUR JESUS-CHRIST 2023 &#8211; \u00c9glise Orthodoxe d'Estonie","isPartOf":{"@id":"https:\/\/www.eoc.ee\/#website"},"primaryImageOfPage":{"@id":"https:\/\/www.eoc.ee\/fr\/non-classifiee\/message-pour-la-nativite-de-notre-seigneur-jesus-christ-2023\/#primaryimage"},"image":{"@id":"https:\/\/www.eoc.ee\/fr\/non-classifiee\/message-pour-la-nativite-de-notre-seigneur-jesus-christ-2023\/#primaryimage"},"thumbnailUrl":"https:\/\/www.eoc.ee\/wp-content\/uploads\/2021\/12\/nativity7.png","datePublished":"2023-12-24T22:29:22+00:00","dateModified":"2023-12-24T22:29:24+00:00","author":{"@id":"https:\/\/www.eoc.ee\/#\/schema\/person\/b2f63ee248fa8231f859895479be33b5"},"breadcrumb":{"@id":"https:\/\/www.eoc.ee\/fr\/non-classifiee\/message-pour-la-nativite-de-notre-seigneur-jesus-christ-2023\/#breadcrumb"},"inLanguage":"fr-FR","potentialAction":[{"@type":"ReadAction","target":["https:\/\/www.eoc.ee\/fr\/non-classifiee\/message-pour-la-nativite-de-notre-seigneur-jesus-christ-2023\/"]}]},{"@type":"ImageObject","inLanguage":"fr-FR","@id":"https:\/\/www.eoc.ee\/fr\/non-classifiee\/message-pour-la-nativite-de-notre-seigneur-jesus-christ-2023\/#primaryimage","url":"https:\/\/www.eoc.ee\/wp-content\/uploads\/2021\/12\/nativity7.png","contentUrl":"https:\/\/www.eoc.ee\/wp-content\/uploads\/2021\/12\/nativity7.png","width":806,"height":618},{"@type":"BreadcrumbList","@id":"https:\/\/www.eoc.ee\/fr\/non-classifiee\/message-pour-la-nativite-de-notre-seigneur-jesus-christ-2023\/#breadcrumb","itemListElement":[{"@type":"ListItem","position":1,"name":"Home","item":"https:\/\/www.eoc.ee\/"},{"@type":"ListItem","position":2,"name":"MESSAGE POUR LA NATIVITE DE NOTRE-SEIGNEUR JESUS-CHRIST 2023"}]},{"@type":"WebSite","@id":"https:\/\/www.eoc.ee\/#website","url":"https:\/\/www.eoc.ee\/","name":"\u00c9glise Orthodoxe d'Estonie","description":"Eesti Apostlik-\u00d5igeusu Kirik","potentialAction":[{"@type":"SearchAction","target":{"@type":"EntryPoint","urlTemplate":"https:\/\/www.eoc.ee\/?s={search_term_string}"},"query-input":{"@type":"PropertyValueSpecification","valueRequired":true,"valueName":"search_term_string"}}],"inLanguage":"fr-FR"},{"@type":"Person","@id":"https:\/\/www.eoc.ee\/#\/schema\/person\/b2f63ee248fa8231f859895479be33b5","name":"admin","image":{"@type":"ImageObject","inLanguage":"fr-FR","@id":"https:\/\/secure.gravatar.com\/avatar\/f25be8e91dbe6c3266bce0c8632f6d9be56ece45b61fa1b09359276cabb59123?s=96&d=mm&r=g","url":"https:\/\/secure.gravatar.com\/avatar\/f25be8e91dbe6c3266bce0c8632f6d9be56ece45b61fa1b09359276cabb59123?s=96&d=mm&r=g","contentUrl":"https:\/\/secure.gravatar.com\/avatar\/f25be8e91dbe6c3266bce0c8632f6d9be56ece45b61fa1b09359276cabb59123?s=96&d=mm&r=g","caption":"admin"},"url":"https:\/\/www.eoc.ee\/fr\/author\/admin\/"}]}},"_links":{"self":[{"href":"https:\/\/www.eoc.ee\/fr\/wp-json\/wp\/v2\/posts\/39549","targetHints":{"allow":["GET"]}}],"collection":[{"href":"https:\/\/www.eoc.ee\/fr\/wp-json\/wp\/v2\/posts"}],"about":[{"href":"https:\/\/www.eoc.ee\/fr\/wp-json\/wp\/v2\/types\/post"}],"author":[{"embeddable":true,"href":"https:\/\/www.eoc.ee\/fr\/wp-json\/wp\/v2\/users\/1"}],"replies":[{"embeddable":true,"href":"https:\/\/www.eoc.ee\/fr\/wp-json\/wp\/v2\/comments?post=39549"}],"version-history":[{"count":1,"href":"https:\/\/www.eoc.ee\/fr\/wp-json\/wp\/v2\/posts\/39549\/revisions"}],"predecessor-version":[{"id":39550,"href":"https:\/\/www.eoc.ee\/fr\/wp-json\/wp\/v2\/posts\/39549\/revisions\/39550"}],"wp:featuredmedia":[{"embeddable":true,"href":"https:\/\/www.eoc.ee\/fr\/wp-json\/wp\/v2\/media\/34626"}],"wp:attachment":[{"href":"https:\/\/www.eoc.ee\/fr\/wp-json\/wp\/v2\/media?parent=39549"}],"wp:term":[{"taxonomy":"category","embeddable":true,"href":"https:\/\/www.eoc.ee\/fr\/wp-json\/wp\/v2\/categories?post=39549"},{"taxonomy":"post_tag","embeddable":true,"href":"https:\/\/www.eoc.ee\/fr\/wp-json\/wp\/v2\/tags?post=39549"}],"curies":[{"name":"wp","href":"https:\/\/api.w.org\/{rel}","templated":true}]}}