{"id":7523,"date":"2015-01-21T11:16:26","date_gmt":"2015-01-21T09:16:26","guid":{"rendered":"http:\/\/www.eoc.ee\/?p=7523"},"modified":"2015-03-06T11:52:42","modified_gmt":"2015-03-06T09:52:42","slug":"de-l-education-chretienne-des-enfants","status":"publish","type":"post","link":"https:\/\/www.eoc.ee\/fr\/orthodoxie\/societe\/de-l-education-chretienne-des-enfants\/","title":{"rendered":"DE L&rsquo;\u00c9DUCATION CHRETIENNE DES ENFANTS"},"content":{"rendered":"<p>Cet \u00e9t\u00e9, les diff\u00e9rents camps organis\u00e9s par notre Eglise a r\u00e9uni environ 108 enfants et adolescents. Il s&rsquo;agit l\u00e0, qui en douterait, d&rsquo;une \u0153uvre pastorale importante pour la vie et l&rsquo;avenir de nos communaut\u00e9s paroissiales.<br \/>\nII y a chez nos jeunes des valeurs r\u00e9elles d&rsquo;esp\u00e9rance, de foi et d&rsquo;affirmation. Il y a pour nous tous, et bien plus encore pour nos foyers, le devoir de les aider \u00e0 s&rsquo;\u00e9difier sur la base de liens concrets en relation avec les d\u00e9veloppements socioculturels dans lesquels ils \u00e9voluent. Autrement dit, en ces temps d&rsquo;incertitude pour elle, notre jeunesse attend de nous de l&rsquo;ouvrir sur d&rsquo;authentiques communaut\u00e9s chr\u00e9tiennes en relation avec les probl\u00e8mes de la vie concr\u00e8te. Nos jeunes savent en effet, le plus souvent d&rsquo;ailleurs par intuition, que la parole humaine reste insens\u00e9e si elle ne porte pas un souffle de vie et ils pressentent que c&rsquo;est dans le v\u00e9cu<br \/>\nspirituel quotidien que se r\u00e9alise tout travail constant asc\u00e8se et de sanctification.<br \/>\nUn des reproches les plus courants que font les jeunes \u00e0 leurs a\u00een\u00e9s est que les adultes ne les comprennent pas. Mais ils se trompent quand ils entendent par \u00a0\u00bb compr\u00e9hension \u00a0\u00bb toute acceptation pure et simple de ce monde hautement s\u00e9cularis\u00e9 et sujet \u00e0 toutes sortes de d\u00e9pravations d&rsquo;ordre spirituel ou moral. Saint Paul, dans sa lettre aux Eph\u00e9siens ( Ep. 6, 1-4 ), exhorte les enfants \u00e0 \u00a0\u00bb honorer \u00a0\u00bb leurs parents et il pr\u00e9cise aux parents qu&rsquo;ils ont le devoir d&rsquo;\u00e9lever leurs enfants \u00a0\u00bb en les instruisant selon le Seigneur \u00ab\u00a0. Saint Jean Chrysostome n&rsquo;en dit pas moins lorsqu&rsquo;il \u00e9crit : \u00a0\u00bb Si, avant toutes choses, nous apprenions \u00e0 nos enfants \u00e0 devenir de vrais amis de Dieu et si, en lieu et place de toute autre priorit\u00e9, nous leur montrions d&rsquo;abord comment cultiver son propre monde int\u00e9rieur, alors bien de mauvaises choses n&rsquo;auraient aucune emprise sur leur caract\u00e8re et de plus leur existence serait ainsi pr\u00e9serv\u00e9e de tant de malheurs qui r\u00f4dent autour d&rsquo;eux \u00ab\u00a0.<br \/>\nUne soci\u00e9t\u00e9 constamment tendue vers le seul d\u00e9veloppement \u00e9conomique et l&rsquo;acquisition des biens mat\u00e9riels est t\u00f4t ou tard condamn\u00e9e \u00e0 s&rsquo;auto-d\u00e9truire. II y a des valeurs bien plus durables et bien sup\u00e9rieures \u00e0 l&rsquo;argent : la droiture et l&rsquo;honn\u00eatet\u00e9 ; le respect de la personne humaine ; le sens v\u00e9ritable du travail ; le souci permanent et l&rsquo;amour du prochain&#8230; Tous nos manques transparaissent sur nos jeunes ; ils sont les principales victimes de nos \u00e9go\u00efsmes, de nos indiff\u00e9rences, de notre mat\u00e9rialisme effr\u00e9n\u00e9 et de toute cette immoralit\u00e9, enfin, qui s&rsquo;\u00e9tale au grand jour sur les panneaux publicitaires de nos cit\u00e9s, sur les devantures de nos kiosques \u00e0 journaux, sur les \u00e9crans de nos ordinateurs, de nos t\u00e9l\u00e9visions ou consoles de jeux.<br \/>\nDieu merci, il nous reste la Famille. Revenir \u00e0 Elle est un signe de sant\u00e9 sociale. Parents, il faut savoir prendre du temps ( c&rsquo;est important ) pour se consacrer aux siens et \u00e0 ses amis ; pour organiser les moments de d\u00e9tente et de loisirs ; pour s&rsquo;adonner \u00e0 de bonnes \u0153uvres et&#8230; \u00e0 un peu plus de spiritualit\u00e9. Sans doute faudra-t-il pour cela changer radicalement certaines habitudes ; peut-\u00eatre consentir a un peu moins de profit et de gains d&rsquo;argent ; ici ou l\u00e0 devoir m\u00eame de changer de quartier afin d&rsquo;accorder plus d&rsquo;attention \u00e0 son \u00e9pouse, \u00e0 son \u00e9poux, \u00e0 ses propres enfants. Saint Jean Chrysostome nous en donne la raison principale: \u00a0\u00bb Parents, si les conversations que vous engagez devant vos enfants avaient pour objet d&rsquo;abord les enseignements de l&rsquo;Evangile ; si les conseils que vous leur prodiguez eu \u00e9gard \u00e0 leur devoirs \u00e9taient de la m\u00eame teneur, alors nul doute que l&rsquo;id\u00e9e du Bien engendrerait dans leurs \u00e2mes les fruits magnifiques de toutes les vertus. Mais h\u00e9las, de toute cela vous n&rsquo;en faites rien; vous ne proposez rien d&rsquo;essentiel \u00e0 l&rsquo;\u00e9ducation des v\u00f4tres !&#8230; Voil\u00e0 pourquoi les foyers sont sens dessus-dessous. Et puisque les enfants ne b\u00e9n\u00e9ficient d&rsquo;aucune \u00e9ducation valable au sein m\u00eame de leurs propres familles, ils se laissent aller \u00e0 toutes sortes de mauvaises influences qui viennent de l&rsquo;ext\u00e9rieur \u00ab\u00a0.<br \/>\nAu moment o\u00f9 nous entamons une nouvelle ann\u00e9e scolaire, loin de moi l&rsquo;id\u00e9e de vouloir juger qui ou quoi que ce soit. Le but de ce propos, c&rsquo;est de rappeler que nous sommes responsables de la sant\u00e9 spirituelle et morale de notre Jeunesse. Nous pouvons beaucoup; il faut le vouloir. Commen\u00e7ons donc par poser quelques jalons dans ce sens<br \/>\n1.- Que nos familles veillent avec assiduit\u00e9 \u00e0 pr\u00e9server la qualit\u00e9 de leur environnement familial, lieu privil\u00e9gi\u00e9 et unique o\u00f9 l&rsquo;enfant non seulement d\u00e9veloppe harmonieusement son corps et son esprit mais aussi acquiert les habitudes et les convictions qui forgeront sa mentalit\u00e9 de demain.<br \/>\n2.- Que les parents familiarisent davantage leurs enfants aux Saintes Ecritures ( chaque foyer chr\u00e9tien poss\u00e8de-t-il sa Bible ? ), aux r\u00e9cits de la Vie des Saints. Ont-ils jamais pens\u00e9 \u00e0 abonner leurs enfants \u00e0 des revues de leur \u00e2ge plus propices \u00e0 \u00e9clairer positivement leur existence ? Et qu&rsquo;en est-il du choix des cadeaux de cassettes, vid\u00e9o-cassettes et autres ?<br \/>\n3.- Que chaque paroisse, avec son clerg\u00e9 et ses la\u00efcs responsables, organise s\u00e9rieusement la cat\u00e9ch\u00e8se afin que les enfants y viennent avec plaisir car c&rsquo;est l\u00e0 qu&rsquo;ils apprendront \u00e0 mieux conna\u00eetre les choses saintes qui leur procureront \u00a0\u00bb la sagesse qui conduit au salut par la foi en J\u00e9sus-Christ \u00a0\u00bb ( 2 Tim 3,15 ) et qu&rsquo;ils les garderont durablement dans leur c\u0153ur.<br \/>\n4.- Que les enfants, accompagn\u00e9s toujours de leurs parents, soient r\u00e9guli\u00e8rement pr\u00e9sents aux c\u00e9l\u00e9brations liturgiques des dimanches et des grandes f\u00eates et que, chaque fois, cette pr\u00e9sence (au moins une fois par mois ce me semble ) fasse en famille, \u00e0 la maison, l&rsquo;objet d&rsquo;une bonne et s\u00e9rieuse pr\u00e9paration.<br \/>\n5.- Qu&rsquo;au moins une fois par jour, devant l&rsquo;ic\u00f4ne familiale, toute la famille se rassemble (autour de papa et de maman ou du grand fr\u00e8re ou de la grande s\u0153ur si les parents sont tous deux absents) pour un moment de pri\u00e8re et d&rsquo;action de gr\u00e2ce.<br \/>\nPlaise au Ciel que nos jeunes, devenus \u00e0 leur tour adultes ne nous reprochent pas un jour d&rsquo;avoir conserv\u00e9 toutes nos richesses spirituelles en vase clos, sans leur en avoir communiqu\u00e9 la substance. Quant \u00e0 nous Adultes, pratiquons avant tout \u00e0 leur \u00e9gard la vraie tol\u00e9rance qui n&rsquo;est pas indiff\u00e9rence mais respect et effor\u00e7ons-nous \u00e0 devenir \u00e0 leur endroit des mod\u00e8les de vraie modestie qui est faite de g\u00e9n\u00e9rosit\u00e9 et d&rsquo;infinie patience.<\/p>\n<p><em>+Stephanos, M\u00e9tropolite de Tallinn et de toute l\u2019Estonie<\/em><\/p>\n","protected":false},"excerpt":{"rendered":"<p>Cet \u00e9t\u00e9, les diff\u00e9rents camps organis\u00e9s par notre Eglise a r\u00e9uni environ 108 enfants et adolescents. Il s&rsquo;agit l\u00e0, qui en douterait, d&rsquo;une \u0153uvre pastorale importante pour la vie et l&rsquo;avenir de nos communaut\u00e9s paroissiales. II y a chez nos jeunes des valeurs r\u00e9elles d&rsquo;esp\u00e9rance, de foi et d&rsquo;affirmation. Il y a pour nous tous, [&hellip;]<\/p>\n","protected":false},"author":7,"featured_media":0,"comment_status":"closed","ping_status":"open","sticky":false,"template":"","format":"standard","meta":{"_exactmetrics_skip_tracking":false,"_exactmetrics_sitenote_active":false,"_exactmetrics_sitenote_note":"","_exactmetrics_sitenote_category":0,"_monsterinsights_skip_tracking":false,"_monsterinsights_sitenote_active":false,"_monsterinsights_sitenote_note":"","_monsterinsights_sitenote_category":0,"footnotes":""},"categories":[184,167,163],"tags":[130,128,129,127],"class_list":["post-7523","post","type-post","status-publish","format-standard","hentry","category-calendrier-liturgique","category-jeunesse-orthodoxie","category-societe","tag-eglise","tag-estonie","tag-jeunesse","tag-metropolite-2"],"yoast_head":"<!-- This site is optimized with the Yoast SEO plugin v27.5 - https:\/\/yoast.com\/product\/yoast-seo-wordpress\/ -->\n<title>DE L&#039;\u00c9DUCATION CHRETIENNE DES ENFANTS &#8211; \u00c9glise Orthodoxe d&#039;Estonie<\/title>\n<meta name=\"robots\" content=\"index, follow, max-snippet:-1, max-image-preview:large, max-video-preview:-1\" \/>\n<link rel=\"canonical\" href=\"https:\/\/www.eoc.ee\/fr\/orthodoxie\/societe\/de-l-education-chretienne-des-enfants\/\" \/>\n<meta property=\"og:locale\" content=\"fr_FR\" \/>\n<meta property=\"og:type\" content=\"article\" \/>\n<meta property=\"og:title\" content=\"DE L&#039;\u00c9DUCATION CHRETIENNE DES ENFANTS &#8211; \u00c9glise Orthodoxe d&#039;Estonie\" \/>\n<meta property=\"og:description\" content=\"Cet \u00e9t\u00e9, les diff\u00e9rents camps organis\u00e9s par notre Eglise a r\u00e9uni environ 108 enfants et adolescents. Il s&rsquo;agit l\u00e0, qui en douterait, d&rsquo;une \u0153uvre pastorale importante pour la vie et l&rsquo;avenir de nos communaut\u00e9s paroissiales. II y a chez nos jeunes des valeurs r\u00e9elles d&rsquo;esp\u00e9rance, de foi et d&rsquo;affirmation. Il y a pour nous tous, [&hellip;]\" \/>\n<meta property=\"og:url\" content=\"https:\/\/www.eoc.ee\/fr\/orthodoxie\/societe\/de-l-education-chretienne-des-enfants\/\" \/>\n<meta property=\"og:site_name\" content=\"\u00c9glise Orthodoxe d&#039;Estonie\" \/>\n<meta property=\"article:published_time\" content=\"2015-01-21T09:16:26+00:00\" \/>\n<meta property=\"article:modified_time\" content=\"2015-03-06T09:52:42+00:00\" \/>\n<meta name=\"author\" content=\"Heike H\u00e4rma\" \/>\n<meta name=\"twitter:label1\" content=\"\u00c9crit par\" \/>\n\t<meta name=\"twitter:data1\" content=\"Heike H\u00e4rma\" \/>\n\t<meta name=\"twitter:label2\" content=\"Dur\u00e9e de lecture estim\u00e9e\" \/>\n\t<meta name=\"twitter:data2\" content=\"6 minutes\" \/>\n<script type=\"application\/ld+json\" class=\"yoast-schema-graph\">{\"@context\":\"https:\\\/\\\/schema.org\",\"@graph\":[{\"@type\":\"Article\",\"@id\":\"https:\\\/\\\/www.eoc.ee\\\/fr\\\/orthodoxie\\\/societe\\\/de-l-education-chretienne-des-enfants\\\/#article\",\"isPartOf\":{\"@id\":\"https:\\\/\\\/www.eoc.ee\\\/fr\\\/orthodoxie\\\/societe\\\/de-l-education-chretienne-des-enfants\\\/\"},\"author\":{\"name\":\"Heike H\u00e4rma\",\"@id\":\"https:\\\/\\\/www.eoc.ee\\\/#\\\/schema\\\/person\\\/bfa03b2406703aa1a9256392aaa001b3\"},\"headline\":\"DE L&rsquo;\u00c9DUCATION CHRETIENNE DES ENFANTS\",\"datePublished\":\"2015-01-21T09:16:26+00:00\",\"dateModified\":\"2015-03-06T09:52:42+00:00\",\"mainEntityOfPage\":{\"@id\":\"https:\\\/\\\/www.eoc.ee\\\/fr\\\/orthodoxie\\\/societe\\\/de-l-education-chretienne-des-enfants\\\/\"},\"wordCount\":1162,\"keywords\":[\"\u00e9glise\",\"Estonie\",\"jeunesse\",\"m\u00e9tropolite\"],\"articleSection\":[\"Articles\",\"Jeunesse\",\"Soci\u00e9t\u00e9\"],\"inLanguage\":\"fr-FR\"},{\"@type\":\"WebPage\",\"@id\":\"https:\\\/\\\/www.eoc.ee\\\/fr\\\/orthodoxie\\\/societe\\\/de-l-education-chretienne-des-enfants\\\/\",\"url\":\"https:\\\/\\\/www.eoc.ee\\\/fr\\\/orthodoxie\\\/societe\\\/de-l-education-chretienne-des-enfants\\\/\",\"name\":\"DE L'\u00c9DUCATION CHRETIENNE DES ENFANTS &#8211; \u00c9glise Orthodoxe d'Estonie\",\"isPartOf\":{\"@id\":\"https:\\\/\\\/www.eoc.ee\\\/#website\"},\"datePublished\":\"2015-01-21T09:16:26+00:00\",\"dateModified\":\"2015-03-06T09:52:42+00:00\",\"author\":{\"@id\":\"https:\\\/\\\/www.eoc.ee\\\/#\\\/schema\\\/person\\\/bfa03b2406703aa1a9256392aaa001b3\"},\"breadcrumb\":{\"@id\":\"https:\\\/\\\/www.eoc.ee\\\/fr\\\/orthodoxie\\\/societe\\\/de-l-education-chretienne-des-enfants\\\/#breadcrumb\"},\"inLanguage\":\"fr-FR\",\"potentialAction\":[{\"@type\":\"ReadAction\",\"target\":[\"https:\\\/\\\/www.eoc.ee\\\/fr\\\/orthodoxie\\\/societe\\\/de-l-education-chretienne-des-enfants\\\/\"]}]},{\"@type\":\"BreadcrumbList\",\"@id\":\"https:\\\/\\\/www.eoc.ee\\\/fr\\\/orthodoxie\\\/societe\\\/de-l-education-chretienne-des-enfants\\\/#breadcrumb\",\"itemListElement\":[{\"@type\":\"ListItem\",\"position\":1,\"name\":\"Home\",\"item\":\"https:\\\/\\\/www.eoc.ee\\\/\"},{\"@type\":\"ListItem\",\"position\":2,\"name\":\"DE L&rsquo;\u00c9DUCATION CHRETIENNE DES ENFANTS\"}]},{\"@type\":\"WebSite\",\"@id\":\"https:\\\/\\\/www.eoc.ee\\\/#website\",\"url\":\"https:\\\/\\\/www.eoc.ee\\\/\",\"name\":\"\u00c9glise Orthodoxe d'Estonie\",\"description\":\"Eesti Apostlik-\u00d5igeusu Kirik\",\"potentialAction\":[{\"@type\":\"SearchAction\",\"target\":{\"@type\":\"EntryPoint\",\"urlTemplate\":\"https:\\\/\\\/www.eoc.ee\\\/?s={search_term_string}\"},\"query-input\":{\"@type\":\"PropertyValueSpecification\",\"valueRequired\":true,\"valueName\":\"search_term_string\"}}],\"inLanguage\":\"fr-FR\"},{\"@type\":\"Person\",\"@id\":\"https:\\\/\\\/www.eoc.ee\\\/#\\\/schema\\\/person\\\/bfa03b2406703aa1a9256392aaa001b3\",\"name\":\"Heike H\u00e4rma\",\"image\":{\"@type\":\"ImageObject\",\"inLanguage\":\"fr-FR\",\"@id\":\"https:\\\/\\\/secure.gravatar.com\\\/avatar\\\/8eb3cb357606a6c8ed98d4b92714824fc7d2f06e57b58d2b730a00e0199effb6?s=96&d=mm&r=g\",\"url\":\"https:\\\/\\\/secure.gravatar.com\\\/avatar\\\/8eb3cb357606a6c8ed98d4b92714824fc7d2f06e57b58d2b730a00e0199effb6?s=96&d=mm&r=g\",\"contentUrl\":\"https:\\\/\\\/secure.gravatar.com\\\/avatar\\\/8eb3cb357606a6c8ed98d4b92714824fc7d2f06e57b58d2b730a00e0199effb6?s=96&d=mm&r=g\",\"caption\":\"Heike H\u00e4rma\"},\"url\":\"https:\\\/\\\/www.eoc.ee\\\/fr\\\/author\\\/heike\\\/\"}]}<\/script>\n<!-- \/ Yoast SEO plugin. -->","yoast_head_json":{"title":"DE L'\u00c9DUCATION CHRETIENNE DES ENFANTS &#8211; \u00c9glise Orthodoxe d'Estonie","robots":{"index":"index","follow":"follow","max-snippet":"max-snippet:-1","max-image-preview":"max-image-preview:large","max-video-preview":"max-video-preview:-1"},"canonical":"https:\/\/www.eoc.ee\/fr\/orthodoxie\/societe\/de-l-education-chretienne-des-enfants\/","og_locale":"fr_FR","og_type":"article","og_title":"DE L'\u00c9DUCATION CHRETIENNE DES ENFANTS &#8211; \u00c9glise Orthodoxe d'Estonie","og_description":"Cet \u00e9t\u00e9, les diff\u00e9rents camps organis\u00e9s par notre Eglise a r\u00e9uni environ 108 enfants et adolescents. Il s&rsquo;agit l\u00e0, qui en douterait, d&rsquo;une \u0153uvre pastorale importante pour la vie et l&rsquo;avenir de nos communaut\u00e9s paroissiales. II y a chez nos jeunes des valeurs r\u00e9elles d&rsquo;esp\u00e9rance, de foi et d&rsquo;affirmation. Il y a pour nous tous, [&hellip;]","og_url":"https:\/\/www.eoc.ee\/fr\/orthodoxie\/societe\/de-l-education-chretienne-des-enfants\/","og_site_name":"\u00c9glise Orthodoxe d'Estonie","article_published_time":"2015-01-21T09:16:26+00:00","article_modified_time":"2015-03-06T09:52:42+00:00","author":"Heike H\u00e4rma","twitter_misc":{"\u00c9crit par":"Heike H\u00e4rma","Dur\u00e9e de lecture estim\u00e9e":"6 minutes"},"schema":{"@context":"https:\/\/schema.org","@graph":[{"@type":"Article","@id":"https:\/\/www.eoc.ee\/fr\/orthodoxie\/societe\/de-l-education-chretienne-des-enfants\/#article","isPartOf":{"@id":"https:\/\/www.eoc.ee\/fr\/orthodoxie\/societe\/de-l-education-chretienne-des-enfants\/"},"author":{"name":"Heike H\u00e4rma","@id":"https:\/\/www.eoc.ee\/#\/schema\/person\/bfa03b2406703aa1a9256392aaa001b3"},"headline":"DE L&rsquo;\u00c9DUCATION CHRETIENNE DES ENFANTS","datePublished":"2015-01-21T09:16:26+00:00","dateModified":"2015-03-06T09:52:42+00:00","mainEntityOfPage":{"@id":"https:\/\/www.eoc.ee\/fr\/orthodoxie\/societe\/de-l-education-chretienne-des-enfants\/"},"wordCount":1162,"keywords":["\u00e9glise","Estonie","jeunesse","m\u00e9tropolite"],"articleSection":["Articles","Jeunesse","Soci\u00e9t\u00e9"],"inLanguage":"fr-FR"},{"@type":"WebPage","@id":"https:\/\/www.eoc.ee\/fr\/orthodoxie\/societe\/de-l-education-chretienne-des-enfants\/","url":"https:\/\/www.eoc.ee\/fr\/orthodoxie\/societe\/de-l-education-chretienne-des-enfants\/","name":"DE L'\u00c9DUCATION CHRETIENNE DES ENFANTS &#8211; \u00c9glise Orthodoxe d'Estonie","isPartOf":{"@id":"https:\/\/www.eoc.ee\/#website"},"datePublished":"2015-01-21T09:16:26+00:00","dateModified":"2015-03-06T09:52:42+00:00","author":{"@id":"https:\/\/www.eoc.ee\/#\/schema\/person\/bfa03b2406703aa1a9256392aaa001b3"},"breadcrumb":{"@id":"https:\/\/www.eoc.ee\/fr\/orthodoxie\/societe\/de-l-education-chretienne-des-enfants\/#breadcrumb"},"inLanguage":"fr-FR","potentialAction":[{"@type":"ReadAction","target":["https:\/\/www.eoc.ee\/fr\/orthodoxie\/societe\/de-l-education-chretienne-des-enfants\/"]}]},{"@type":"BreadcrumbList","@id":"https:\/\/www.eoc.ee\/fr\/orthodoxie\/societe\/de-l-education-chretienne-des-enfants\/#breadcrumb","itemListElement":[{"@type":"ListItem","position":1,"name":"Home","item":"https:\/\/www.eoc.ee\/"},{"@type":"ListItem","position":2,"name":"DE L&rsquo;\u00c9DUCATION CHRETIENNE DES ENFANTS"}]},{"@type":"WebSite","@id":"https:\/\/www.eoc.ee\/#website","url":"https:\/\/www.eoc.ee\/","name":"\u00c9glise Orthodoxe d'Estonie","description":"Eesti Apostlik-\u00d5igeusu Kirik","potentialAction":[{"@type":"SearchAction","target":{"@type":"EntryPoint","urlTemplate":"https:\/\/www.eoc.ee\/?s={search_term_string}"},"query-input":{"@type":"PropertyValueSpecification","valueRequired":true,"valueName":"search_term_string"}}],"inLanguage":"fr-FR"},{"@type":"Person","@id":"https:\/\/www.eoc.ee\/#\/schema\/person\/bfa03b2406703aa1a9256392aaa001b3","name":"Heike H\u00e4rma","image":{"@type":"ImageObject","inLanguage":"fr-FR","@id":"https:\/\/secure.gravatar.com\/avatar\/8eb3cb357606a6c8ed98d4b92714824fc7d2f06e57b58d2b730a00e0199effb6?s=96&d=mm&r=g","url":"https:\/\/secure.gravatar.com\/avatar\/8eb3cb357606a6c8ed98d4b92714824fc7d2f06e57b58d2b730a00e0199effb6?s=96&d=mm&r=g","contentUrl":"https:\/\/secure.gravatar.com\/avatar\/8eb3cb357606a6c8ed98d4b92714824fc7d2f06e57b58d2b730a00e0199effb6?s=96&d=mm&r=g","caption":"Heike H\u00e4rma"},"url":"https:\/\/www.eoc.ee\/fr\/author\/heike\/"}]}},"_links":{"self":[{"href":"https:\/\/www.eoc.ee\/fr\/wp-json\/wp\/v2\/posts\/7523","targetHints":{"allow":["GET"]}}],"collection":[{"href":"https:\/\/www.eoc.ee\/fr\/wp-json\/wp\/v2\/posts"}],"about":[{"href":"https:\/\/www.eoc.ee\/fr\/wp-json\/wp\/v2\/types\/post"}],"author":[{"embeddable":true,"href":"https:\/\/www.eoc.ee\/fr\/wp-json\/wp\/v2\/users\/7"}],"replies":[{"embeddable":true,"href":"https:\/\/www.eoc.ee\/fr\/wp-json\/wp\/v2\/comments?post=7523"}],"version-history":[{"count":3,"href":"https:\/\/www.eoc.ee\/fr\/wp-json\/wp\/v2\/posts\/7523\/revisions"}],"predecessor-version":[{"id":9405,"href":"https:\/\/www.eoc.ee\/fr\/wp-json\/wp\/v2\/posts\/7523\/revisions\/9405"}],"wp:attachment":[{"href":"https:\/\/www.eoc.ee\/fr\/wp-json\/wp\/v2\/media?parent=7523"}],"wp:term":[{"taxonomy":"category","embeddable":true,"href":"https:\/\/www.eoc.ee\/fr\/wp-json\/wp\/v2\/categories?post=7523"},{"taxonomy":"post_tag","embeddable":true,"href":"https:\/\/www.eoc.ee\/fr\/wp-json\/wp\/v2\/tags?post=7523"}],"curies":[{"name":"wp","href":"https:\/\/api.w.org\/{rel}","templated":true}]}}