{"id":7549,"date":"2015-01-21T15:48:32","date_gmt":"2015-01-21T13:48:32","guid":{"rendered":"http:\/\/www.eoc.ee\/?p=7549"},"modified":"2015-03-06T11:56:43","modified_gmt":"2015-03-06T09:56:43","slug":"meditation-pour-le-temps-de-l-avent","status":"publish","type":"post","link":"https:\/\/www.eoc.ee\/fr\/spiritualite\/meditation-pour-le-temps-de-l-avent\/","title":{"rendered":"MEDITATION POUR LE TEMPS DE L\u2019AVENT *"},"content":{"rendered":"<p>Tous les maux et toutes les divisions viennent du c\u0153ur chaque fois qu\u2019il perd lui-m\u00eame sa paix et son unit\u00e9 int\u00e9rieures (Mt 12\/34).<\/p>\n<p>Avoir pour Dieu un c\u0153ur de fils, pour le prochain un c\u0153ur de m\u00e8re et pour soi-m\u00eame un c\u0153ur de juge nous rappelle que tant que l\u2019homme vit, il doit se battre sans tr\u00eave ni r\u00e9pit d\u2019abord pour se vaincre soi-m\u00eame. Le premier et le plus grand ennemde l\u2019homme, c\u2019est l\u2019homme lui-m\u00eame, perfide \u00e0 l\u2019\u00e9gard de lui-m\u00eame. Et cela parce qu\u2019il n\u2019\u00e9coute pas l\u2019autre ; il \u00e9coute ce que lui dit sa propre pens\u00e9e. Tant que l\u2019homme pr\u00eatera le flanc aux simagr\u00e9es de son ego, il ne pourra pas entrer dans \u00ab ce monde de la Gr\u00e2ce \u00bb, dont parle Saint Paul. Au contraire, le premier effet de la perception de la Gr\u00e2ce agissante est d\u2019\u00e9loigner l\u2019attraction que l\u2019 ego effectue sur l\u2019esprit humain . Sous l\u2019effet de la Gr\u00e2ce, le quotidien est d\u2019une facilit\u00e9 saisissante, tandis que tous nos meilleurs efforts restent lourds et pesants tant qu\u2019ils sont accomplis selon la volont\u00e9 sourde de l\u2019ego.<\/p>\n<p>Etre chr\u00e9tien, c\u2019est d\u2019abord adh\u00e9rer personnellement au Dieu vivant, pleinement r\u00e9v\u00e9l\u00e9 par J\u00e9sus, son Fils, son Christ, c\u2019est-\u00e0-dire son Messie. Cela veut dire qu\u2019on ne peut pas transformer la vie spirituelle en une simple \u00e9thique sociale ni r\u00e9duire le v\u00e9cu chr\u00e9tien \u00e0 la seule philanthropie ou aux valeurs qui viseraient uniquement \u00e0 faciliter le bon fonctionnement de la soci\u00e9t\u00e9. Notre vocation premi\u00e8re, c\u2019est de \u00ab nous consacrer nous-m\u00eames, les uns les autres, et toute notre vie au Christ, notre Dieu \u00bb.<\/p>\n<p>Etre un disciple du Christ, c\u2019est \u00eatre un homme ou une femme libre que les menaces n\u2019effraient pas, que l\u2019argent n\u2019ach\u00e8te pas, que les habitudes et les passions n\u2019encha\u00eenent pas. Une personne dont la conduite n\u2019est pas dict\u00e9e par une morale de groupe ou un conformisme social, mais par la Parole de Dieu librement accueillie et accept\u00e9e. De sorte que cette m\u00eame Parole devienne notre propre langage, qu\u2019Elle structure nos propres pens\u00e9es, qu\u2019Elle forme et reforme le c\u0153ur trop endurci de l\u2019homme. Cela s\u2019obtient, sous la conduite du Saint Esprit, par la lecture de la Bible. Les Saintes Ecritures en effet nous permettent d\u2019entrer dans une communion profonde, intime avec Dieu \u2013 P\u00e8re, Fils et Esprit Saint. Par Elles, le c\u0153ur et l\u2019esprit de l\u2019homme s\u2019ouvrent devant le grand myst\u00e8re de l\u2019amour divin ; myst\u00e8re du Dieu P\u00e8re qui d\u00e9sire et qui cherche inlassablement \u00e0 entrer en communion intime et profonde avec chaque \u00eatre humain, objet de son amour ineffable et sans limites.<\/p>\n<p>Cela va bien au-del\u00e0 d\u2019une simple exp\u00e9rience imm\u00e9diate, \u00e9motionnelle de la foi, promettant la d\u00e9livrance, la sant\u00e9 et la prosp\u00e9rit\u00e9 \u00e0 travers le don et l\u2019asc\u00e8se. Au jour du Jugement dernier, J\u00e9sus nous demandera quel Dieu nous avons ador\u00e9 : l\u2019idole de l\u2019ambition et de la r\u00e9ussite ou bien le Dieu P\u00e8re, le Dieu de compassion, plein de tendresse envers tous ceux qui cherchent avant tout les vertus des B\u00e9atitudes, la puret\u00e9 du c\u0153ur, la paix pour le monde ? L\u2019important donc ici est de savoir distinguer entre les crit\u00e8res du bien et du mal ; entre le permanent et l\u2019\u00e9ph\u00e9m\u00e8re, entre l\u2019existence vraie et l\u2019organisation de l\u2019existence.<\/p>\n<p>Aspirer \u00e0 un tel \u00e9tat, c\u2019est d\u00e9j\u00e0 commencer \u00e0 le vivre . Au d\u00e9part il y a la foi . La foi engendre l\u2019 amour . Ce dernier suscite les bonnes \u0153uvres qui, \u00e0 leur tour, nous donnent d\u2019acc\u00e9der \u00e0 la vision de Dieu . \u00ab Cette vision se fait au niveau du c\u0153ur . C\u2019est pourquoi il a \u00e9t\u00e9 dit que les c\u0153urs purs verront Dieu . Cela ne se passera pas dans le si\u00e8cle \u00e0 venir, dans le Royaume, mais d\u00e9j\u00e0 dans le temps pr\u00e9sent . Si l\u2019amour de Dieu fait sa demeure en toi, si tu es conscient que tu es aim\u00e9 de Lui, tu te lib\u00e8res de tout ( 1 Cor.7, 29-31) . \u00bb ( m\u00e9tropolite Georges Khodr du Mont-Liban in SOP 243, Paris 1999, pp.33-34 ) .<\/p>\n<p>Se comporter de la sorte ce n\u2019est pas quitter ce monde mais un chr\u00e9tien ne doit jamais perdre de vue qu\u2019il vit aussi d\u00e8s maintenant dans le Royaume qui r\u00e9git son c\u0153ur . Il ne vit plus selon la figure de ce monde puisqu\u2019il assume celle du Christ .<\/p>\n<p>On nous r\u00e9torquera sans doute : \u00ab vous oubliez que nous vivons dans un monde m\u00e9chant, mensonger, vil, retors, lubrique et versatile \u00bb. Nous savons tout cela mais nous voulons quant \u00e0 nous voir \u00e9clore un monde nouveau, que les hommes deviennent des cr\u00e9atures nouvelles . Le monde dans lequel nous vivons a sa logique et nous qui tendons vers le Royaume avons notre logique et nous savons bien que nous serons pers\u00e9cut\u00e9s et que nous vivrons de nombreuses tribulations \u00e0 cause de cela . Saint Paul, dans sa lettre aux Romains ( 5, 3-5 ) ne cesse de nous rappeler que \u00ab les tribulations produisent la constance, la constance une vertu \u00e9prouv\u00e9e, la vertu \u00e9prouv\u00e9e l\u2019esp\u00e9rance . Et l\u2019esp\u00e9rance ne d\u00e9\u00e7oit point \u00bb .<\/p>\n<p>Pour dire les choses simplement : il n\u2019y a pas de vie sans effort . Tout effort \u00e9tant une crucifixion, ceux qui acceptent de monter sur la croix ont choisi leur lot \u2013 celui de la R\u00e9surrection, d\u00e8s ici-bas .<\/p>\n<p>La logique divine, elle aussi, est simple . Elle nous demande de t\u00e9moigner . Or le t\u00e9moignage consiste \u00e0 voir Dieu ici et maintenant et d\u2019en \u00eatre les t\u00e9moins . Maintiens ton regard riv\u00e9 \u00e0 tout instant sur Dieu et tu Le trouveras toujours \u00e0 ta droite et Il ne permettra pas que tu vacilles ( Actes 2, 25 ) et le monde ne t\u2019 \u00e9blouira pas pour mieux t\u2019engloutir .<\/p>\n<p>En fait, que vaut le monde tout entier quand il se prive des dons qui viennent d\u2019en haut ? Seule la lumi\u00e8re divine, si elle habite l\u2019homme comme un feu et devient sa vie m\u00eame, peut le relever de la mort et lui annoncer de fa\u00e7on probante la victoire divine de la R\u00e9surrection .<\/p>\n<p>Autrement dit : tout part de J\u00e9sus et tout aboutit \u00e0 Lui . C\u2019est Lui qui assume tous les hommes . Il est \u00e0 la fois cette immensit\u00e9 dans laquelle nous sommes membres les uns les autres et, en m\u00eame temps, Il est cet Ami qui accueille chacun qui aime chacun et, comme se plaisait \u00e0 le dire le Patriarche Ath\u00e9nagoras, qui pr\u00e9f\u00e8re chacun . C\u2019est pourquoi, Saint Paul n\u2019h\u00e9sitera pas \u00e0 \u00e9crire : \u00ab Vous ne vous appartenez pas, vous avez \u00e9t\u00e9 rachet\u00e9s pour un prix \u00bb, sous-entendu au prix du sacrifice de J\u00e9sus-Christ . Et il termine par cette invitation : \u00ab Glorifiez donc Dieu dans votre corps ( ou par votre corps) \u00bb ( 1Cor. 6, 19-20 ) .<\/p>\n<p>Cet appel ou cet avertissement s\u2019applique particuli\u00e8rement aujourd\u2019hui \u00e0 la vie professionnelle men\u00e9e par la vaste majorit\u00e9 d\u2019entre nous . Plut\u00f4t que de nous laisser succomber \u00e0 la tentation de faire une idole de nos projets, de notre travail, de nos ambitions, nous sommes appel\u00e9s en premier lieu \u00e0 suivre le chemin vers le Royaume des cieux, \u00e0 \u0153uvrer en vue de notre salut, \u00e0 intensifier et approfondir notre vie spirituelle, c\u2019est-\u00e0-dire notre vie dans l\u2019Esprit de Dieu . Et enfin, nous sommes appel\u00e9s \u00e0 offrir toute notre vie en sacrifice de louange \u00e0 la gloire de Dieu .<\/p>\n<p>\u00ab Pour ceux qui sont r\u00e9ellement pris par l\u2019acharnement au travail, et qui sont d\u00e9pendants de l\u2019activit\u00e9 professionnelle comme on peut l\u2019\u00eatre d\u2019une drogue dure, faire une telle offrande de leur vie exige un immense retournement, une lib\u00e9ration int\u00e9rieure, une orientation tout \u00e0 fait nouvelle . Cela exige d\u2019abord un acte de repentir au niveau du c\u0153ur . Et le premier pas dans ce mouvement de repentir et de conversion \u00e0 l\u2019\u00e9gard de notre vie professionnelle concerne notre famille, les relations entre \u00e9poux comme entre parents et enfants\u2026 \u00bb ( Jean Breck in SOP 225, Paris 1998, p.20 ) .<\/p>\n<p>Glorifier donc le Seigneur dans son corps ou par son corps, cela signifie que Dieu veut que rien ne soit perdu mais Il veut aussi que nous changions nos intentions et l\u2019usage que nous faisons de toute chose et qu\u2019en m\u00eame temps la puret\u00e9 pr\u00e9vale dans toutes les utilisations qui sont du ressort de notre quotidien .<\/p>\n<p>Trois exigences me semblent s\u2019imposer ici .<\/p>\n<p>Premi\u00e8re exigence : tenter de faire co\u00efncider, au moins autant que faire se peut, le dire et le faire .<\/p>\n<p>On ne peut pas changer le cours du monde . Les guerres et les p\u00e9ch\u00e9s continuent de pr\u00e9valoir . Le r\u00e9alisme impose d\u2019admettre que le monde a toujours \u00e9t\u00e9 comme cela et que rien ne changera . Mais le r\u00e9alisme ne doit pas tuer l\u2019esp\u00e9rance tout comme il ne doit pas r\u00e9duire ou arr\u00eater l\u2019effort : la figure du monde, nous le savons bien, restera toujours la m\u00eame . Ce qu\u2019il faut changer, c\u2019est l\u2019ordre du monde ainsi que son esprit . Les Ecritures Saintes ne disent nulle part que, lors du Second Av\u00e8nement, Dieu trouvera un monde meilleur . Mais cela ne doit en aucun cas nous d\u00e9tourner de notre responsabilit\u00e9 d\u2019\u0153uvrer \u00e0 am\u00e9liorer le monde et \u00e0 amener les autres, qui sont nos fr\u00e8res et s\u0153urs, \u00e0 une naissance nouvelle par la v\u00e9rit\u00e9 qui est en nous . Il ne faut jamais perdre de vue que notre monde vit sur plusieurs registres . La lumi\u00e8re y voisine avec les t\u00e9n\u00e8bres . Le chr\u00e9tien doit incessamment \u00e9clairer les t\u00e9n\u00e8bres et r\u00e9pandre la lumi\u00e8re autour de lui . C\u2019est en adoptant les desseins de Dieu que le monde s\u2019adaptera aux m\u00e9thodes divines .<\/p>\n<p>Deuxi\u00e8me exigence : essayer de penser un peu moins contre .<\/p>\n<p>Ne traitons pas les autres comme nous ne souhaitons pas qu\u2019ils nous traitent . Ils ont leur mani\u00e8re d\u2019aimer le Christ ; ils ne manquent ni de saintet\u00e9, ni de cr\u00e9ation de beaut\u00e9, ni d\u2019intelligence de la foi . Nous n\u2019avons pas \u00e0 condamner mais \u00e0 t\u00e9moigner et \u00e0 partager . Il peut en r\u00e9sulter un grand approfondissement pour les autres et pour nous-m\u00eames .<\/p>\n<p>Et encore . L\u2019autre n\u2019est connu que de Dieu seul . Lui seul est juge. Nous n\u2019avons pas \u00e0 pr\u00e9figurer le Jugement \u00e0 Sa place et encore moins \u00e0 jouer au juge .<\/p>\n<p>\u00ab Certes, il y a les r\u00e9alistes ou ceux qui se pr\u00e9tendent tels, qui se d\u00e9clarent des ma\u00eetres de l\u2019analyse psychologique et psychiatrique mais ils ne sont souvent que p\u00e9tris de pr\u00e9jug\u00e9s . Supposons qu\u2019ils peuvent d\u00e9couvrir certains faits ou m\u00eame tout ce qui concerne la personne analys\u00e9e . Cela voudrait-il dire que tous ces agissements viennent r\u00e9ellement du c\u0153ur ? Si personne ne peut juger son propre c\u0153ur, car il n\u2019y a qu\u2019un seul, Dieu, qui puisse sonder les c\u0153urs \u2013 y compris le mien \u2013 et les reins, comment puis-je me permettre d\u2019examiner les secrets intimes des autres, quelles que soient leurs paroles ou leur comportement ? L\u2019\u00eatre humain est un myst\u00e8re dont Dieu seul, qui l\u2019a cr\u00e9\u00e9, peut sonder les profondeurs . Et dans la m\u00eame logique, tout p\u00e9cheur est aussi un myst\u00e8re . Il ne m\u2019a \u00e9t\u00e9 donn\u00e9 que d\u2019essayer de gu\u00e9rir les blessures du p\u00e9cheur . A l\u2019instant o\u00f9 je contribue plut\u00f4t \u00e0 le briser, je me brise moi-m\u00eame \u00bb ( m\u00e9tropolite Georges Khodr du Mont-Liban in SOP 241, Paris 1999, p.33 ) .<\/p>\n<p>Troisi\u00e8me exigence : rendre au travail de l\u2019Esprit Saint dans l\u2019histoire sa dimension ouverte et cr\u00e9atrice .<\/p>\n<p>L\u2019Esprit, quand il prend la d\u00e9cision de souffler, trouve toujours ses propres moyens d\u2019expression . Et ces moyens ne se limitent pas au domaine de la raison . La raison, si elle ne visite pas le c\u0153ur pour s\u2019y illuminer et reconna\u00eetre ses propres limites et sa fragilit\u00e9, sera de plus en plus acide et se contentera d\u2019accumuler les choses sans plus . Le c\u0153ur seul est le lien entre toutes choses .<\/p>\n<p>Ce que je veux dire ici, c\u2019est que chaque \u00eatre est plus important que ses \u0153uvres . Toute organisation du monde, si elle se limite \u00e0 l\u2019esprit du monde, p\u00e9rira avec le monde . Il faut bien reconna\u00eetre qu\u2019il y a par moments dans nos Eglises des r\u00e9alisations notoires et des institutions florissantes qui se sont pourtant av\u00e9r\u00e9es \u00e9trang\u00e8res \u00e0 l\u2019Esprit Saint .<\/p>\n<p>De m\u00eame les hommes, m\u00eame au plus profond du d\u00e9sert, ont besoin d\u2019\u00eatre aim\u00e9s . Mais qui peut pr\u00e9tendre agir de la sorte s\u2019il ne croit pas en Dieu, s\u2019il ne r\u00e9alise pas qu\u2019il est en Dieu et qu\u2019il voit toute l\u2019existence par son regard ? Dis-toi bien que ton fr\u00e8re ne se repentira que si tu l\u2019aimes . Il faut donc l\u2019aimer, le reconna\u00eetre meilleur que toi ; reconna\u00eetre tout p\u00e9cheur, tout criminel, tout d\u00e9prav\u00e9 plus beau que toi car tu as \u00e9t\u00e9 appel\u00e9 pour voir les vicissitudes en toi-m\u00eame et jamais dans les autres . Encore une fois : parce que l\u2019autre n\u2019est connu que de Dieu seul, seul Dieu peut le juger !<\/p>\n<p>Objection, me direz-vous : qu\u2019en est-il alors de la justice sociale, de la justice humaine voire m\u00eame de la justice eccl\u00e9siale ? Comment fixer en soi les fronti\u00e8res de ce qui est permis ou non, de ce qui est possible ou non ?<\/p>\n<p>Je vous r\u00e9pondrai par ce r\u00e9cit ( P\u00e8re Sym\u00e9on Cossek, in SOP 225, Paris 1998, pp.26 et suivantes ). Saint J\u00e9r\u00f4me, dans une vision, est interrog\u00e9 par le Seigneur qui lui dit ; \u00ab Que me donnes-tu aujourd\u2019hui, J\u00e9r\u00f4me ? &#8211; Je te donne, Seigneur ma pri\u00e8re. Bien, dit le Seigneur, mais encore ? -Seigneur, je te donne mon asc\u00e8se . Tr\u00e8s bien, dit le Seigneur, et quoi d\u2019autre ? \u2013Seigneur, je te donne toutes mes nuits de veille . Tr\u00e8s bien, J\u00e9r\u00f4me, et que me donnes-tu encore ? \u2013 Seigneur, je te donne tout l\u2019amour que je porte \u00e0 ceux qui viennent me visiter . Parfait, dit le Seigneur, et encore ?-Oh, Seigneur, dit J\u00e9r\u00f4me, mais je ne sais plus, je n\u2019ai plus rien\u2026Es-tu bien s\u00fbr, J\u00e9r\u00f4me ? \u2013 Mais oui, s\u2019exclame J\u00e9r\u00f4me ! Alors le Seigneur dit \u00e0 J\u00e9r\u00f4me : \u00ab Il y a quelque chose que tu ne m\u2019as pas donn\u00e9, ce sont tes p\u00e9ch\u00e9s \u00bb\u2026<\/p>\n<p>C\u2019est exactement le r\u00e9sum\u00e9 de l\u2019exp\u00e9rience de la Samaritaine et de Zach\u00e9e, qui eux ont donn\u00e9 leurs p\u00e9ch\u00e9s, affirme le P\u00e8re Sym\u00e9on . Et cela pourrait \u00eatre aussi la n\u00f4tre, apr\u00e8s tout !<\/p>\n<p>Quoiqu\u2019il en soit, le Seigneur attend que nous venions dans l\u2019\u00e9tat o\u00f9 nous sommes, pauvres, faibles, d\u00e9munis, chaotiques pour lui dire ; \u00ab Je sais que tu m\u2019aimes et je viens dans l\u2019\u00e9tat o\u00f9 je suis, panse mes plaies par le baume de ta mis\u00e9ricorde \u00bb .<\/p>\n<p>Cela n\u2019est possible que si nous nous posons sous le regard de Dieu avec humilit\u00e9 . L\u2019humilit\u00e9 n\u2019est pas une vertu qui nous est spontan\u00e9e, elle n\u2019est pas facile \u00e0 acqu\u00e9rir, c\u2019est l\u2019antidote de l\u2019orgueil . Or, depuis Adam jusqu\u2019\u00e0 la fin des temps, l\u2019homme est marqu\u00e9 par l\u2019orgueil .<\/p>\n<p>C\u2019est pourquoi, \u00ab la v\u00e9ritable th\u00e9rapie de l\u2019orgueil, c\u2019est l\u2019humilit\u00e9 . L\u2019humilit\u00e9 ne peut \u00eatre qu\u2019un cadeau de Dieu qui commence par ce regard d\u2019amour qui se pose sur nous un jour, quelles que soient les circonstances de cette rencontre avec le Seigneur . Il est n\u00e9cessaire qu\u2019un jour, dans nos vies, le Seigneur nous rencontre, nous parle, nous aime de telle fa\u00e7on que nous comprenions, non par notre intellect mais par le c\u0153ur que nous sommes aim\u00e9s \u2026Ceci est tr\u00e8s important, car nous sommes tent\u00e9s en permanence par le d\u00e9sespoir, par la r\u00e9volte, face \u00e0 notre faiblesse, quelle qu\u2019en soit la forme . A certains moments nous ne voulons plus entendre parler de cette faiblesse, nous ne la supportons plus. Mais l\u00e0 o\u00f9 nous faisons erreur c\u2019est lorsque nous prenons le chemin de la r\u00e9volte ou alors de la d\u00e9sesp\u00e9rance \u2013 chemin sans issue, chemin du n\u00e9ant \u00bb (P\u00e8re Sym\u00e9on Cossec, loc.cit. ) .<\/p>\n<p>Amen\u00e9s \u00e0 lutter contre les passions, contre notre faiblesse et notre p\u00e9ch\u00e9, nous ne pouvons le faire que si v\u00e9ritablement nous avons re\u00e7u la mis\u00e9ricorde du Seigneur et la gr\u00e2ce de l\u2019humilit\u00e9 . C\u2019est alors que nous pourrons vraiment acc\u00e9der au repentir et \u00e0 la conversion .<\/p>\n<p>D\u2019o\u00f9 l\u2019importance de l\u2019habitude de la pri\u00e8re qui nous apprend comment le Christ fait participer chacun \u00e0 son amour selon ses capacit\u00e9s .<\/p>\n<p>Tout dans notre vie d\u00e9coule de notre capacit\u00e9 et de notre d\u00e9sir de prier . La pri\u00e8re nous situe toujours dans le moment pr\u00e9sent alors que nous sommes sans cesse tent\u00e9s de vivre soit dans le pass\u00e9 soit dans l\u2019avenir, jamais dans le moment pr\u00e9sent . Nous avons donc besoin d\u2019une pri\u00e8re quotidienne afin de nous ramener sur terre, de nous ramener \u00e0 la r\u00e9alit\u00e9, l\u00e0 o\u00f9 Dieu nous appelle \u00e0 assumer notre vie, nos rapports et nos responsabilit\u00e9s vis-\u00e0-vis des autres, pour que la pri\u00e8re devienne le fondement de tout ce que ce nous sommes, de tout ce que nous disons, de tout ce que repr\u00e9sente notre t\u00e9moignage dans le monde et pour le monde au nom de Dieu, notre P\u00e8re .<\/p>\n<p>Ainsi, nous voyant sous la lumi\u00e8re de Dieu, nous pourrons enfin dire au Seigneur : \u00ab Purifie-moi et aide-moi \u00e0 me transformer ou plut\u00f4t, transforme-moi, aide-moi \u00e0 me tourner vers toi sans cesse, sans un regard en arri\u00e8re \u00bb.<\/p>\n<p>&nbsp;<\/p>\n<p>* Cette m\u00e9ditation est une compilation \u00e0 partir de divers textes parus dans la revue mensuelle SOP &#8211; Paris, n\u00b0225, 241, 243.<\/p>\n<p>&nbsp;<\/p>\n<p>+Stephanos, m\u00e9tropolite de Tallinn et de toute l\u2019Estonie<\/p>\n","protected":false},"excerpt":{"rendered":"<p>Tous les maux et toutes les divisions viennent du c\u0153ur chaque fois qu\u2019il perd lui-m\u00eame sa paix et son unit\u00e9 int\u00e9rieures (Mt 12\/34). Avoir pour Dieu un c\u0153ur de fils, pour le prochain un c\u0153ur de m\u00e8re et pour soi-m\u00eame un c\u0153ur de juge nous rappelle que tant que l\u2019homme vit, il doit se battre [&hellip;]<\/p>\n","protected":false},"author":7,"featured_media":0,"comment_status":"closed","ping_status":"open","sticky":false,"template":"","format":"standard","meta":{"_exactmetrics_skip_tracking":false,"_exactmetrics_sitenote_active":false,"_exactmetrics_sitenote_note":"","_exactmetrics_sitenote_category":0,"_monsterinsights_skip_tracking":false,"_monsterinsights_sitenote_active":false,"_monsterinsights_sitenote_note":"","_monsterinsights_sitenote_category":0,"footnotes":""},"categories":[184,115],"tags":[135,133,127,142],"class_list":["post-7549","post","type-post","status-publish","format-standard","hentry","category-calendrier-liturgique","category-spiritualite","tag-christ","tag-homelie","tag-metropolite-2","tag-spiritualite-2"],"yoast_head":"<!-- This site is optimized with the Yoast SEO plugin v27.5 - https:\/\/yoast.com\/product\/yoast-seo-wordpress\/ -->\n<title>MEDITATION POUR LE TEMPS DE L\u2019AVENT * &#8211; \u00c9glise Orthodoxe d&#039;Estonie<\/title>\n<meta name=\"robots\" content=\"index, follow, max-snippet:-1, max-image-preview:large, max-video-preview:-1\" \/>\n<link rel=\"canonical\" href=\"https:\/\/www.eoc.ee\/fr\/orthodoxie\/spiritualite\/meditation-pour-le-temps-de-l-avent\/\" \/>\n<meta property=\"og:locale\" content=\"fr_FR\" \/>\n<meta property=\"og:type\" content=\"article\" \/>\n<meta property=\"og:title\" content=\"MEDITATION POUR LE TEMPS DE L\u2019AVENT * &#8211; \u00c9glise Orthodoxe d&#039;Estonie\" \/>\n<meta property=\"og:description\" content=\"Tous les maux et toutes les divisions viennent du c\u0153ur chaque fois qu\u2019il perd lui-m\u00eame sa paix et son unit\u00e9 int\u00e9rieures (Mt 12\/34). Avoir pour Dieu un c\u0153ur de fils, pour le prochain un c\u0153ur de m\u00e8re et pour soi-m\u00eame un c\u0153ur de juge nous rappelle que tant que l\u2019homme vit, il doit se battre [&hellip;]\" \/>\n<meta property=\"og:url\" content=\"https:\/\/www.eoc.ee\/fr\/orthodoxie\/spiritualite\/meditation-pour-le-temps-de-l-avent\/\" \/>\n<meta property=\"og:site_name\" content=\"\u00c9glise Orthodoxe d&#039;Estonie\" \/>\n<meta property=\"article:published_time\" content=\"2015-01-21T13:48:32+00:00\" \/>\n<meta property=\"article:modified_time\" content=\"2015-03-06T09:56:43+00:00\" \/>\n<meta name=\"author\" content=\"Heike H\u00e4rma\" \/>\n<meta name=\"twitter:label1\" content=\"\u00c9crit par\" \/>\n\t<meta name=\"twitter:data1\" content=\"Heike H\u00e4rma\" \/>\n\t<meta name=\"twitter:label2\" content=\"Dur\u00e9e de lecture estim\u00e9e\" \/>\n\t<meta name=\"twitter:data2\" content=\"16 minutes\" \/>\n<script type=\"application\/ld+json\" class=\"yoast-schema-graph\">{\"@context\":\"https:\\\/\\\/schema.org\",\"@graph\":[{\"@type\":\"Article\",\"@id\":\"https:\\\/\\\/www.eoc.ee\\\/fr\\\/orthodoxie\\\/spiritualite\\\/meditation-pour-le-temps-de-l-avent\\\/#article\",\"isPartOf\":{\"@id\":\"https:\\\/\\\/www.eoc.ee\\\/fr\\\/orthodoxie\\\/spiritualite\\\/meditation-pour-le-temps-de-l-avent\\\/\"},\"author\":{\"name\":\"Heike H\u00e4rma\",\"@id\":\"https:\\\/\\\/www.eoc.ee\\\/#\\\/schema\\\/person\\\/bfa03b2406703aa1a9256392aaa001b3\"},\"headline\":\"MEDITATION POUR LE TEMPS DE L\u2019AVENT *\",\"datePublished\":\"2015-01-21T13:48:32+00:00\",\"dateModified\":\"2015-03-06T09:56:43+00:00\",\"mainEntityOfPage\":{\"@id\":\"https:\\\/\\\/www.eoc.ee\\\/fr\\\/orthodoxie\\\/spiritualite\\\/meditation-pour-le-temps-de-l-avent\\\/\"},\"wordCount\":3111,\"keywords\":[\"Christ\",\"hom\u00e9lie\",\"m\u00e9tropolite\",\"spiritualite\"],\"articleSection\":[\"Articles\",\"Spiritualit\u00e9\"],\"inLanguage\":\"fr-FR\"},{\"@type\":\"WebPage\",\"@id\":\"https:\\\/\\\/www.eoc.ee\\\/fr\\\/orthodoxie\\\/spiritualite\\\/meditation-pour-le-temps-de-l-avent\\\/\",\"url\":\"https:\\\/\\\/www.eoc.ee\\\/fr\\\/orthodoxie\\\/spiritualite\\\/meditation-pour-le-temps-de-l-avent\\\/\",\"name\":\"MEDITATION POUR LE TEMPS DE L\u2019AVENT * &#8211; \u00c9glise Orthodoxe d'Estonie\",\"isPartOf\":{\"@id\":\"https:\\\/\\\/www.eoc.ee\\\/#website\"},\"datePublished\":\"2015-01-21T13:48:32+00:00\",\"dateModified\":\"2015-03-06T09:56:43+00:00\",\"author\":{\"@id\":\"https:\\\/\\\/www.eoc.ee\\\/#\\\/schema\\\/person\\\/bfa03b2406703aa1a9256392aaa001b3\"},\"breadcrumb\":{\"@id\":\"https:\\\/\\\/www.eoc.ee\\\/fr\\\/orthodoxie\\\/spiritualite\\\/meditation-pour-le-temps-de-l-avent\\\/#breadcrumb\"},\"inLanguage\":\"fr-FR\",\"potentialAction\":[{\"@type\":\"ReadAction\",\"target\":[\"https:\\\/\\\/www.eoc.ee\\\/fr\\\/orthodoxie\\\/spiritualite\\\/meditation-pour-le-temps-de-l-avent\\\/\"]}]},{\"@type\":\"BreadcrumbList\",\"@id\":\"https:\\\/\\\/www.eoc.ee\\\/fr\\\/orthodoxie\\\/spiritualite\\\/meditation-pour-le-temps-de-l-avent\\\/#breadcrumb\",\"itemListElement\":[{\"@type\":\"ListItem\",\"position\":1,\"name\":\"Home\",\"item\":\"https:\\\/\\\/www.eoc.ee\\\/\"},{\"@type\":\"ListItem\",\"position\":2,\"name\":\"MEDITATION POUR LE TEMPS DE L\u2019AVENT *\"}]},{\"@type\":\"WebSite\",\"@id\":\"https:\\\/\\\/www.eoc.ee\\\/#website\",\"url\":\"https:\\\/\\\/www.eoc.ee\\\/\",\"name\":\"\u00c9glise Orthodoxe d'Estonie\",\"description\":\"Eesti Apostlik-\u00d5igeusu Kirik\",\"potentialAction\":[{\"@type\":\"SearchAction\",\"target\":{\"@type\":\"EntryPoint\",\"urlTemplate\":\"https:\\\/\\\/www.eoc.ee\\\/?s={search_term_string}\"},\"query-input\":{\"@type\":\"PropertyValueSpecification\",\"valueRequired\":true,\"valueName\":\"search_term_string\"}}],\"inLanguage\":\"fr-FR\"},{\"@type\":\"Person\",\"@id\":\"https:\\\/\\\/www.eoc.ee\\\/#\\\/schema\\\/person\\\/bfa03b2406703aa1a9256392aaa001b3\",\"name\":\"Heike H\u00e4rma\",\"image\":{\"@type\":\"ImageObject\",\"inLanguage\":\"fr-FR\",\"@id\":\"https:\\\/\\\/secure.gravatar.com\\\/avatar\\\/8eb3cb357606a6c8ed98d4b92714824fc7d2f06e57b58d2b730a00e0199effb6?s=96&d=mm&r=g\",\"url\":\"https:\\\/\\\/secure.gravatar.com\\\/avatar\\\/8eb3cb357606a6c8ed98d4b92714824fc7d2f06e57b58d2b730a00e0199effb6?s=96&d=mm&r=g\",\"contentUrl\":\"https:\\\/\\\/secure.gravatar.com\\\/avatar\\\/8eb3cb357606a6c8ed98d4b92714824fc7d2f06e57b58d2b730a00e0199effb6?s=96&d=mm&r=g\",\"caption\":\"Heike H\u00e4rma\"},\"url\":\"https:\\\/\\\/www.eoc.ee\\\/fr\\\/author\\\/heike\\\/\"}]}<\/script>\n<!-- \/ Yoast SEO plugin. -->","yoast_head_json":{"title":"MEDITATION POUR LE TEMPS DE L\u2019AVENT * &#8211; \u00c9glise Orthodoxe d'Estonie","robots":{"index":"index","follow":"follow","max-snippet":"max-snippet:-1","max-image-preview":"max-image-preview:large","max-video-preview":"max-video-preview:-1"},"canonical":"https:\/\/www.eoc.ee\/fr\/orthodoxie\/spiritualite\/meditation-pour-le-temps-de-l-avent\/","og_locale":"fr_FR","og_type":"article","og_title":"MEDITATION POUR LE TEMPS DE L\u2019AVENT * &#8211; \u00c9glise Orthodoxe d'Estonie","og_description":"Tous les maux et toutes les divisions viennent du c\u0153ur chaque fois qu\u2019il perd lui-m\u00eame sa paix et son unit\u00e9 int\u00e9rieures (Mt 12\/34). Avoir pour Dieu un c\u0153ur de fils, pour le prochain un c\u0153ur de m\u00e8re et pour soi-m\u00eame un c\u0153ur de juge nous rappelle que tant que l\u2019homme vit, il doit se battre [&hellip;]","og_url":"https:\/\/www.eoc.ee\/fr\/orthodoxie\/spiritualite\/meditation-pour-le-temps-de-l-avent\/","og_site_name":"\u00c9glise Orthodoxe d'Estonie","article_published_time":"2015-01-21T13:48:32+00:00","article_modified_time":"2015-03-06T09:56:43+00:00","author":"Heike H\u00e4rma","twitter_misc":{"\u00c9crit par":"Heike H\u00e4rma","Dur\u00e9e de lecture estim\u00e9e":"16 minutes"},"schema":{"@context":"https:\/\/schema.org","@graph":[{"@type":"Article","@id":"https:\/\/www.eoc.ee\/fr\/orthodoxie\/spiritualite\/meditation-pour-le-temps-de-l-avent\/#article","isPartOf":{"@id":"https:\/\/www.eoc.ee\/fr\/orthodoxie\/spiritualite\/meditation-pour-le-temps-de-l-avent\/"},"author":{"name":"Heike H\u00e4rma","@id":"https:\/\/www.eoc.ee\/#\/schema\/person\/bfa03b2406703aa1a9256392aaa001b3"},"headline":"MEDITATION POUR LE TEMPS DE L\u2019AVENT *","datePublished":"2015-01-21T13:48:32+00:00","dateModified":"2015-03-06T09:56:43+00:00","mainEntityOfPage":{"@id":"https:\/\/www.eoc.ee\/fr\/orthodoxie\/spiritualite\/meditation-pour-le-temps-de-l-avent\/"},"wordCount":3111,"keywords":["Christ","hom\u00e9lie","m\u00e9tropolite","spiritualite"],"articleSection":["Articles","Spiritualit\u00e9"],"inLanguage":"fr-FR"},{"@type":"WebPage","@id":"https:\/\/www.eoc.ee\/fr\/orthodoxie\/spiritualite\/meditation-pour-le-temps-de-l-avent\/","url":"https:\/\/www.eoc.ee\/fr\/orthodoxie\/spiritualite\/meditation-pour-le-temps-de-l-avent\/","name":"MEDITATION POUR LE TEMPS DE L\u2019AVENT * &#8211; \u00c9glise Orthodoxe d'Estonie","isPartOf":{"@id":"https:\/\/www.eoc.ee\/#website"},"datePublished":"2015-01-21T13:48:32+00:00","dateModified":"2015-03-06T09:56:43+00:00","author":{"@id":"https:\/\/www.eoc.ee\/#\/schema\/person\/bfa03b2406703aa1a9256392aaa001b3"},"breadcrumb":{"@id":"https:\/\/www.eoc.ee\/fr\/orthodoxie\/spiritualite\/meditation-pour-le-temps-de-l-avent\/#breadcrumb"},"inLanguage":"fr-FR","potentialAction":[{"@type":"ReadAction","target":["https:\/\/www.eoc.ee\/fr\/orthodoxie\/spiritualite\/meditation-pour-le-temps-de-l-avent\/"]}]},{"@type":"BreadcrumbList","@id":"https:\/\/www.eoc.ee\/fr\/orthodoxie\/spiritualite\/meditation-pour-le-temps-de-l-avent\/#breadcrumb","itemListElement":[{"@type":"ListItem","position":1,"name":"Home","item":"https:\/\/www.eoc.ee\/"},{"@type":"ListItem","position":2,"name":"MEDITATION POUR LE TEMPS DE L\u2019AVENT *"}]},{"@type":"WebSite","@id":"https:\/\/www.eoc.ee\/#website","url":"https:\/\/www.eoc.ee\/","name":"\u00c9glise Orthodoxe d'Estonie","description":"Eesti Apostlik-\u00d5igeusu Kirik","potentialAction":[{"@type":"SearchAction","target":{"@type":"EntryPoint","urlTemplate":"https:\/\/www.eoc.ee\/?s={search_term_string}"},"query-input":{"@type":"PropertyValueSpecification","valueRequired":true,"valueName":"search_term_string"}}],"inLanguage":"fr-FR"},{"@type":"Person","@id":"https:\/\/www.eoc.ee\/#\/schema\/person\/bfa03b2406703aa1a9256392aaa001b3","name":"Heike H\u00e4rma","image":{"@type":"ImageObject","inLanguage":"fr-FR","@id":"https:\/\/secure.gravatar.com\/avatar\/8eb3cb357606a6c8ed98d4b92714824fc7d2f06e57b58d2b730a00e0199effb6?s=96&d=mm&r=g","url":"https:\/\/secure.gravatar.com\/avatar\/8eb3cb357606a6c8ed98d4b92714824fc7d2f06e57b58d2b730a00e0199effb6?s=96&d=mm&r=g","contentUrl":"https:\/\/secure.gravatar.com\/avatar\/8eb3cb357606a6c8ed98d4b92714824fc7d2f06e57b58d2b730a00e0199effb6?s=96&d=mm&r=g","caption":"Heike H\u00e4rma"},"url":"https:\/\/www.eoc.ee\/fr\/author\/heike\/"}]}},"_links":{"self":[{"href":"https:\/\/www.eoc.ee\/fr\/wp-json\/wp\/v2\/posts\/7549","targetHints":{"allow":["GET"]}}],"collection":[{"href":"https:\/\/www.eoc.ee\/fr\/wp-json\/wp\/v2\/posts"}],"about":[{"href":"https:\/\/www.eoc.ee\/fr\/wp-json\/wp\/v2\/types\/post"}],"author":[{"embeddable":true,"href":"https:\/\/www.eoc.ee\/fr\/wp-json\/wp\/v2\/users\/7"}],"replies":[{"embeddable":true,"href":"https:\/\/www.eoc.ee\/fr\/wp-json\/wp\/v2\/comments?post=7549"}],"version-history":[{"count":3,"href":"https:\/\/www.eoc.ee\/fr\/wp-json\/wp\/v2\/posts\/7549\/revisions"}],"predecessor-version":[{"id":7551,"href":"https:\/\/www.eoc.ee\/fr\/wp-json\/wp\/v2\/posts\/7549\/revisions\/7551"}],"wp:attachment":[{"href":"https:\/\/www.eoc.ee\/fr\/wp-json\/wp\/v2\/media?parent=7549"}],"wp:term":[{"taxonomy":"category","embeddable":true,"href":"https:\/\/www.eoc.ee\/fr\/wp-json\/wp\/v2\/categories?post=7549"},{"taxonomy":"post_tag","embeddable":true,"href":"https:\/\/www.eoc.ee\/fr\/wp-json\/wp\/v2\/tags?post=7549"}],"curies":[{"name":"wp","href":"https:\/\/api.w.org\/{rel}","templated":true}]}}