{"id":7573,"date":"2015-01-22T09:53:50","date_gmt":"2015-01-22T07:53:50","guid":{"rendered":"http:\/\/www.eoc.ee\/?p=7573"},"modified":"2015-03-06T12:00:04","modified_gmt":"2015-03-06T10:00:04","slug":"office-des-saintes-huiles","status":"publish","type":"post","link":"https:\/\/www.eoc.ee\/fr\/spiritualite\/office-des-saintes-huiles\/","title":{"rendered":"OFFICE DES SAINTES HUILES"},"content":{"rendered":"<p>Chers Fr\u00e8res et Soeurs en Christ,<\/p>\n<p>Ce grand et saint mercredi apr\u00e8s-midi nous c\u00e9l\u00e9brons le sacrement de l\u2019Huile sainte, qui remonte au temps des premiers ap\u00f4tres. Voici en effet ce que nous lisons dans l\u2019\u00e9p\u00eetre de Saint Jacques (5,14) : \u201eQuelqu\u2019un parmi vous est-il infirme? Qu\u2019il appelle les pr\u00eatres de l\u2019Eglise et que ceux-ci prient pour lui en l\u2019oignant d\u2019huile au nom du Seigneur : la pri\u00e8re de la foi sauvera le malade et le Seigneur le rel\u00e8vera. S\u2019il a commis des p\u00e9ch\u00e9s, ils lui seront pardonn\u00e9s&#8230;\u201c Ce qui fait dire \u00e0 Sym\u00e9on de Salonique que le sacrement de l\u2019Huile sainte \u201e gu\u00e9rit les maladies, rel\u00e8ve les malades et pardonne les p\u00e9ch\u00e9s\u201c.<\/p>\n<p>Au cours de cette c\u00e9l\u00e9bration nous demanderons au Christ qu\u2019il nous donne, par le Sacrement de l\u2019Onction, la gu\u00e9rison de l\u2019\u00e2me et du corps. Chaque fois que nous lisons les \u00e9vangiles, nous constatons combien le Christ insiste d&rsquo;abord sur la gu\u00e9rison de l\u2019\u00e2me et seulement apr\u00e8s sur celle du corps. Cela explique la place de ce Sacrement pendant la Semaine Sainte, pour tous les fid\u00e8les et c\u00e9l\u00e9brants pr\u00e9sents, malades ou non dans leurs corps. Tant il vrai que p\u00e9ch\u00e9 et maladie sont interd\u00e9pendants l\u2019un de l\u2019autre. \u201cLe salaire du p\u00e9ch\u00e9, \u00e9crit Saint Paul dans son \u00e9pitre aux Romains (6,23), c\u2019est la mort; tandis que le don de Dieu, c\u2019est la vie \u00e9ternelle dans le Christ J\u00e9sus, notre Seigneur\u201c<\/p>\n<p>A chacun de ses miracles J\u00e9sus ne cesse de nous recommander avec insistance de changer de mani\u00e8re de vivre. \u201cTe voil\u00e0 gu\u00e9ri, dit-il au paralytique de B\u00e9thesda, ne p\u00e8che plus ; il pourrait t\u2019arriver quelque chose de pire\u201c(Jean 5,14). Et de m\u00eame \u00e0 Caperna\u00fcm, il dit \u00e0 la foule qui accompagne cet autre paralytique :\u201cEh bien, pour vous faire comprendre que le Fils de l\u2019homme a sur terre le pouvoir de remettre les p\u00e9ch\u00e9s, l\u00e8ve-toi, prends ta civi\u00e8re et rentre chez toi\u201c (Matthieu 9,6). Cette civi\u00e8re servira de t\u00e9moignage. Elle rappellera l\u2019infirmit\u00e9 dont l\u2019homme a \u00e9t\u00e9 gu\u00e9ri.<\/p>\n<p>De cette mani\u00e8re et pour ce qui nous concerne, J\u00e9sus ne veut pas que l\u2019on oublie ou que l&rsquo;on ignore ce dont on a \u00e9t\u00e9 sauv\u00e9, ce qui a \u00e9t\u00e9 pardonn\u00e9. La civi\u00e8re du paralytique est pour nous un signe. Il nous rappelle que ce qui est essentiel, c\u2019est que nous soyons chang\u00e9s \u00e0 l\u2019int\u00e9rieur de nous-m\u00eames et que notre changement int\u00e9rieur puisse aussi changer ceux qui nous entourent. Cela n\u00e9cessite beaucoup de courage et beaucoup d\u2019humilit\u00e9 pour que ceux qui nous ont connu avant que nous fussions chang\u00e9s se rendent compte de ce que le Sauveur a op\u00e9r\u00e9 en nous.<\/p>\n<p>L&rsquo;Eternel \u00ab\u00a0restaure mon \u00e2me\u00a0\u00bb, chante le psalmiste (Psaume 23,3). Que fait le Seigneur pour cette vie qui est la mienne ? Il la restaure. Restaurer signifie gu\u00e9rir. La gu\u00e9rison n&rsquo;a lieu que s&rsquo;il y a eu une certaine perte ou l\u00e9sion. Les cons\u00e9quences de la perte ou du dommage doivent \u00eatre effac\u00e9es. Dire que le Seigneur restaure fondamentalement ma vie, cela signifie qu&rsquo;il vient pour chercher et sauver ce qui \u00e9tait perdu en moi (Luc 19,10).<\/p>\n<p>Ce qui \u00e9tait perdu&#8230;Quand je suis d\u00e9sesp\u00e9r\u00e9ment \u00e9cras\u00e9 par le p\u00e9ch\u00e9, lorsque je sens avoir perdu toute la bont\u00e9 qui m&rsquo;habitait, le pouvoir r\u00e9dempteur du Seigneur m&rsquo;arrache au p\u00e9ch\u00e9 et au mal. Parler de la maladie ou de la mort d&rsquo;une \u00e2me, c&rsquo;est parler de l&rsquo;\u00e9tat de celui qui ne se laisse plus mener par le Seigneur sur le bon chemin. La gu\u00e9rison survient lorsque ce quelqu&rsquo;un accepte de nouveau le Seigneur comme guide et le suit partout o\u00f9 il le conduit.<\/p>\n<p>Les premiers fruits du Sacrement de l&rsquo;Onction sont la gu\u00e9rison corporelle. Toutefois, l&rsquo;acquisition de la sant\u00e9 du corps d\u00e9pend exclusivement de la divine Providence. Aussi en cas de non gu\u00e9rison physique, il ne faut pas d\u00e9sesp\u00e9rer. L&rsquo;amour de Dieu n&rsquo;abandonne personne. Un grand professeur de Th\u00e9ologie du si\u00e8cle pass\u00e9, Panayotis Trembelas, \u00e9crit ceci \u00e0 propos des Saintes Huiles : \u00ab\u00a0Si par la r\u00e9ception de ce sacrement le malade ne retrouve pas sa pleine sant\u00e9 physique, cela n&rsquo;est pas toujours d\u00fb \u00e0 son manque de foi mais \u00e0 l&rsquo;\u00e9conomie de la divine providence qui agit de mani\u00e8re bienfaisante sur le malade\u00a0\u00bb. Autrement dit, il arrive que la sagesse de Dieu agisse de la sorte pour que grandisse chez le malade sa foi, sa patience et son esp\u00e9rance. M\u00eame si on ne re\u00e7oit pas une totale gu\u00e9rison de sa maladie, il ne faut jamais douter que les dons spirituels, qui sont conf\u00e9r\u00e9s par ce sacrement, ne cessent d&rsquo;agir tant au profit de l&rsquo;\u00e2me que du corps.<\/p>\n<p>Dans son \u00e9p\u00eetre, l&rsquo;ap\u00f4tre Jacques pr\u00e9cise que ce sacrement est aussi donn\u00e9 en r\u00e9mission des p\u00e9ch\u00e9s. En cette grande et sainte cette Semaine il convient que nous prenions tout sp\u00e9cialement et pleinement conscience non seulement de la grandeur mais aussi de la mis\u00e8re de notre nature humaine et des effets du p\u00e9ch\u00e9 sur notre existence. Nous avons besoin d&rsquo;apprendre, par le douloureux chemin de notre exp\u00e9rience personnelle, le sens du vrai repentir, de l&rsquo;humble retour du Fils prodigue. Il nous faut renoncer \u00e0 toute notre fiert\u00e9 pour retourner sur le chemin de l&rsquo;enfance spirituelle et crier d&rsquo;un coeur bris\u00e9 vers le Christ Lib\u00e9rateur qui seul peut nous apporter du secours.<\/p>\n<p>Voil\u00e0 pourquoi le Sacrement de l&rsquo;Huile sainte a ici sa place. Dans la mesure o\u00f9 notre repentir est sinc\u00e8re, il nous offre aussi, avec la gu\u00e9rison du corps, la gu\u00e9rison de l&rsquo;\u00e2me. Entendons-nous bien : ce sacrement ne peut en aucun cas se substituer au sacrement de la confession. Il faut plut\u00f4t le consid\u00e9rer comme un compl\u00e9ment. Le sacrement de l&rsquo;Huile sainte efface les p\u00e9ch\u00e9s involontaires ou ceux que l&rsquo;on a sinc\u00e8rement oubli\u00e9s lors d&rsquo;une pr\u00e9c\u00e9dente confession ou ceux dont on ne se souvient plus ou ceux qui, pour cause de perturbations mentales, ont \u00e9t\u00e9 effac\u00e9s ou se sont perdus dans les d\u00e9dales de la pens\u00e9e ou de la m\u00e9moire humaines.<\/p>\n<p>Voil\u00e0 tr\u00e8s bri\u00e8vement r\u00e9sum\u00e9, mes chers Fr\u00e8res et Soeurs, comment l&rsquo;Amour sans Limites qui est J\u00e9sus est \u00e0 l&rsquo;oeuvre en chacun de nous pour rendre pur ce qui est impur, pourvu que nous fassions na\u00eetre un changement int\u00e9rieur dans chacun de nos coeurs. Ce soir le Christ nous demande de dilater notre coeur aux dimensions du sien.<\/p>\n<p>Alors, mais alors seulement nous conna\u00eetrons le \u00ab\u00a0don de Dieu\u00a0\u00bb, qui n&rsquo;est autre que le don que le P\u00e8re fait de son Fils aux hommes. Amen !<\/p>\n<p>&nbsp;<\/p>\n<p>+Stephanos, m\u00e9tropolite de Tallinn et de toute l\u2019Estonie<\/p>\n<p>Mercredi Saint 31 mars 2010<\/p>\n<p>&nbsp;<\/p>\n","protected":false},"excerpt":{"rendered":"<p>Chers Fr\u00e8res et Soeurs en Christ, Ce grand et saint mercredi apr\u00e8s-midi nous c\u00e9l\u00e9brons le sacrement de l\u2019Huile sainte, qui remonte au temps des premiers ap\u00f4tres. Voici en effet ce que nous lisons dans l\u2019\u00e9p\u00eetre de Saint Jacques (5,14) : \u201eQuelqu\u2019un parmi vous est-il infirme? Qu\u2019il appelle les pr\u00eatres de l\u2019Eglise et que ceux-ci prient [&hellip;]<\/p>\n","protected":false},"author":7,"featured_media":0,"comment_status":"closed","ping_status":"open","sticky":false,"template":"","format":"standard","meta":{"_exactmetrics_skip_tracking":false,"_exactmetrics_sitenote_active":false,"_exactmetrics_sitenote_note":"","_exactmetrics_sitenote_category":0,"_monsterinsights_skip_tracking":false,"_monsterinsights_sitenote_active":false,"_monsterinsights_sitenote_note":"","_monsterinsights_sitenote_category":0,"footnotes":""},"categories":[184,115],"tags":[133,127,131],"class_list":["post-7573","post","type-post","status-publish","format-standard","hentry","category-calendrier-liturgique","category-spiritualite","tag-homelie","tag-metropolite-2","tag-orthodoxie-2"],"yoast_head":"<!-- This site is optimized with the Yoast SEO plugin v27.5 - https:\/\/yoast.com\/product\/yoast-seo-wordpress\/ -->\n<title>OFFICE DES SAINTES HUILES &#8211; \u00c9glise Orthodoxe d&#039;Estonie<\/title>\n<meta name=\"robots\" content=\"index, follow, max-snippet:-1, max-image-preview:large, max-video-preview:-1\" \/>\n<link rel=\"canonical\" href=\"https:\/\/www.eoc.ee\/fr\/orthodoxie\/spiritualite\/office-des-saintes-huiles\/\" \/>\n<meta property=\"og:locale\" content=\"fr_FR\" \/>\n<meta property=\"og:type\" content=\"article\" \/>\n<meta property=\"og:title\" content=\"OFFICE DES SAINTES HUILES &#8211; \u00c9glise Orthodoxe d&#039;Estonie\" \/>\n<meta property=\"og:description\" content=\"Chers Fr\u00e8res et Soeurs en Christ, Ce grand et saint mercredi apr\u00e8s-midi nous c\u00e9l\u00e9brons le sacrement de l\u2019Huile sainte, qui remonte au temps des premiers ap\u00f4tres. Voici en effet ce que nous lisons dans l\u2019\u00e9p\u00eetre de Saint Jacques (5,14) : \u201eQuelqu\u2019un parmi vous est-il infirme? Qu\u2019il appelle les pr\u00eatres de l\u2019Eglise et que ceux-ci prient [&hellip;]\" \/>\n<meta property=\"og:url\" content=\"https:\/\/www.eoc.ee\/fr\/orthodoxie\/spiritualite\/office-des-saintes-huiles\/\" \/>\n<meta property=\"og:site_name\" content=\"\u00c9glise Orthodoxe d&#039;Estonie\" \/>\n<meta property=\"article:published_time\" content=\"2015-01-22T07:53:50+00:00\" \/>\n<meta property=\"article:modified_time\" content=\"2015-03-06T10:00:04+00:00\" \/>\n<meta name=\"author\" content=\"Heike H\u00e4rma\" \/>\n<meta name=\"twitter:label1\" content=\"\u00c9crit par\" \/>\n\t<meta name=\"twitter:data1\" content=\"Heike H\u00e4rma\" \/>\n\t<meta name=\"twitter:label2\" content=\"Dur\u00e9e de lecture estim\u00e9e\" \/>\n\t<meta name=\"twitter:data2\" content=\"6 minutes\" \/>\n<script type=\"application\/ld+json\" class=\"yoast-schema-graph\">{\"@context\":\"https:\\\/\\\/schema.org\",\"@graph\":[{\"@type\":\"Article\",\"@id\":\"https:\\\/\\\/www.eoc.ee\\\/fr\\\/orthodoxie\\\/spiritualite\\\/office-des-saintes-huiles\\\/#article\",\"isPartOf\":{\"@id\":\"https:\\\/\\\/www.eoc.ee\\\/fr\\\/orthodoxie\\\/spiritualite\\\/office-des-saintes-huiles\\\/\"},\"author\":{\"name\":\"Heike H\u00e4rma\",\"@id\":\"https:\\\/\\\/www.eoc.ee\\\/#\\\/schema\\\/person\\\/bfa03b2406703aa1a9256392aaa001b3\"},\"headline\":\"OFFICE DES SAINTES HUILES\",\"datePublished\":\"2015-01-22T07:53:50+00:00\",\"dateModified\":\"2015-03-06T10:00:04+00:00\",\"mainEntityOfPage\":{\"@id\":\"https:\\\/\\\/www.eoc.ee\\\/fr\\\/orthodoxie\\\/spiritualite\\\/office-des-saintes-huiles\\\/\"},\"wordCount\":1228,\"keywords\":[\"hom\u00e9lie\",\"m\u00e9tropolite\",\"orthodoxie\"],\"articleSection\":[\"Articles\",\"Spiritualit\u00e9\"],\"inLanguage\":\"fr-FR\"},{\"@type\":\"WebPage\",\"@id\":\"https:\\\/\\\/www.eoc.ee\\\/fr\\\/orthodoxie\\\/spiritualite\\\/office-des-saintes-huiles\\\/\",\"url\":\"https:\\\/\\\/www.eoc.ee\\\/fr\\\/orthodoxie\\\/spiritualite\\\/office-des-saintes-huiles\\\/\",\"name\":\"OFFICE DES SAINTES HUILES &#8211; \u00c9glise Orthodoxe d'Estonie\",\"isPartOf\":{\"@id\":\"https:\\\/\\\/www.eoc.ee\\\/#website\"},\"datePublished\":\"2015-01-22T07:53:50+00:00\",\"dateModified\":\"2015-03-06T10:00:04+00:00\",\"author\":{\"@id\":\"https:\\\/\\\/www.eoc.ee\\\/#\\\/schema\\\/person\\\/bfa03b2406703aa1a9256392aaa001b3\"},\"breadcrumb\":{\"@id\":\"https:\\\/\\\/www.eoc.ee\\\/fr\\\/orthodoxie\\\/spiritualite\\\/office-des-saintes-huiles\\\/#breadcrumb\"},\"inLanguage\":\"fr-FR\",\"potentialAction\":[{\"@type\":\"ReadAction\",\"target\":[\"https:\\\/\\\/www.eoc.ee\\\/fr\\\/orthodoxie\\\/spiritualite\\\/office-des-saintes-huiles\\\/\"]}]},{\"@type\":\"BreadcrumbList\",\"@id\":\"https:\\\/\\\/www.eoc.ee\\\/fr\\\/orthodoxie\\\/spiritualite\\\/office-des-saintes-huiles\\\/#breadcrumb\",\"itemListElement\":[{\"@type\":\"ListItem\",\"position\":1,\"name\":\"Home\",\"item\":\"https:\\\/\\\/www.eoc.ee\\\/\"},{\"@type\":\"ListItem\",\"position\":2,\"name\":\"OFFICE DES SAINTES HUILES\"}]},{\"@type\":\"WebSite\",\"@id\":\"https:\\\/\\\/www.eoc.ee\\\/#website\",\"url\":\"https:\\\/\\\/www.eoc.ee\\\/\",\"name\":\"\u00c9glise Orthodoxe d'Estonie\",\"description\":\"Eesti Apostlik-\u00d5igeusu Kirik\",\"potentialAction\":[{\"@type\":\"SearchAction\",\"target\":{\"@type\":\"EntryPoint\",\"urlTemplate\":\"https:\\\/\\\/www.eoc.ee\\\/?s={search_term_string}\"},\"query-input\":{\"@type\":\"PropertyValueSpecification\",\"valueRequired\":true,\"valueName\":\"search_term_string\"}}],\"inLanguage\":\"fr-FR\"},{\"@type\":\"Person\",\"@id\":\"https:\\\/\\\/www.eoc.ee\\\/#\\\/schema\\\/person\\\/bfa03b2406703aa1a9256392aaa001b3\",\"name\":\"Heike H\u00e4rma\",\"image\":{\"@type\":\"ImageObject\",\"inLanguage\":\"fr-FR\",\"@id\":\"https:\\\/\\\/secure.gravatar.com\\\/avatar\\\/8eb3cb357606a6c8ed98d4b92714824fc7d2f06e57b58d2b730a00e0199effb6?s=96&d=mm&r=g\",\"url\":\"https:\\\/\\\/secure.gravatar.com\\\/avatar\\\/8eb3cb357606a6c8ed98d4b92714824fc7d2f06e57b58d2b730a00e0199effb6?s=96&d=mm&r=g\",\"contentUrl\":\"https:\\\/\\\/secure.gravatar.com\\\/avatar\\\/8eb3cb357606a6c8ed98d4b92714824fc7d2f06e57b58d2b730a00e0199effb6?s=96&d=mm&r=g\",\"caption\":\"Heike H\u00e4rma\"},\"url\":\"https:\\\/\\\/www.eoc.ee\\\/fr\\\/author\\\/heike\\\/\"}]}<\/script>\n<!-- \/ Yoast SEO plugin. -->","yoast_head_json":{"title":"OFFICE DES SAINTES HUILES &#8211; \u00c9glise Orthodoxe d'Estonie","robots":{"index":"index","follow":"follow","max-snippet":"max-snippet:-1","max-image-preview":"max-image-preview:large","max-video-preview":"max-video-preview:-1"},"canonical":"https:\/\/www.eoc.ee\/fr\/orthodoxie\/spiritualite\/office-des-saintes-huiles\/","og_locale":"fr_FR","og_type":"article","og_title":"OFFICE DES SAINTES HUILES &#8211; \u00c9glise Orthodoxe d'Estonie","og_description":"Chers Fr\u00e8res et Soeurs en Christ, Ce grand et saint mercredi apr\u00e8s-midi nous c\u00e9l\u00e9brons le sacrement de l\u2019Huile sainte, qui remonte au temps des premiers ap\u00f4tres. Voici en effet ce que nous lisons dans l\u2019\u00e9p\u00eetre de Saint Jacques (5,14) : \u201eQuelqu\u2019un parmi vous est-il infirme? Qu\u2019il appelle les pr\u00eatres de l\u2019Eglise et que ceux-ci prient [&hellip;]","og_url":"https:\/\/www.eoc.ee\/fr\/orthodoxie\/spiritualite\/office-des-saintes-huiles\/","og_site_name":"\u00c9glise Orthodoxe d'Estonie","article_published_time":"2015-01-22T07:53:50+00:00","article_modified_time":"2015-03-06T10:00:04+00:00","author":"Heike H\u00e4rma","twitter_misc":{"\u00c9crit par":"Heike H\u00e4rma","Dur\u00e9e de lecture estim\u00e9e":"6 minutes"},"schema":{"@context":"https:\/\/schema.org","@graph":[{"@type":"Article","@id":"https:\/\/www.eoc.ee\/fr\/orthodoxie\/spiritualite\/office-des-saintes-huiles\/#article","isPartOf":{"@id":"https:\/\/www.eoc.ee\/fr\/orthodoxie\/spiritualite\/office-des-saintes-huiles\/"},"author":{"name":"Heike H\u00e4rma","@id":"https:\/\/www.eoc.ee\/#\/schema\/person\/bfa03b2406703aa1a9256392aaa001b3"},"headline":"OFFICE DES SAINTES HUILES","datePublished":"2015-01-22T07:53:50+00:00","dateModified":"2015-03-06T10:00:04+00:00","mainEntityOfPage":{"@id":"https:\/\/www.eoc.ee\/fr\/orthodoxie\/spiritualite\/office-des-saintes-huiles\/"},"wordCount":1228,"keywords":["hom\u00e9lie","m\u00e9tropolite","orthodoxie"],"articleSection":["Articles","Spiritualit\u00e9"],"inLanguage":"fr-FR"},{"@type":"WebPage","@id":"https:\/\/www.eoc.ee\/fr\/orthodoxie\/spiritualite\/office-des-saintes-huiles\/","url":"https:\/\/www.eoc.ee\/fr\/orthodoxie\/spiritualite\/office-des-saintes-huiles\/","name":"OFFICE DES SAINTES HUILES &#8211; \u00c9glise Orthodoxe d'Estonie","isPartOf":{"@id":"https:\/\/www.eoc.ee\/#website"},"datePublished":"2015-01-22T07:53:50+00:00","dateModified":"2015-03-06T10:00:04+00:00","author":{"@id":"https:\/\/www.eoc.ee\/#\/schema\/person\/bfa03b2406703aa1a9256392aaa001b3"},"breadcrumb":{"@id":"https:\/\/www.eoc.ee\/fr\/orthodoxie\/spiritualite\/office-des-saintes-huiles\/#breadcrumb"},"inLanguage":"fr-FR","potentialAction":[{"@type":"ReadAction","target":["https:\/\/www.eoc.ee\/fr\/orthodoxie\/spiritualite\/office-des-saintes-huiles\/"]}]},{"@type":"BreadcrumbList","@id":"https:\/\/www.eoc.ee\/fr\/orthodoxie\/spiritualite\/office-des-saintes-huiles\/#breadcrumb","itemListElement":[{"@type":"ListItem","position":1,"name":"Home","item":"https:\/\/www.eoc.ee\/"},{"@type":"ListItem","position":2,"name":"OFFICE DES SAINTES HUILES"}]},{"@type":"WebSite","@id":"https:\/\/www.eoc.ee\/#website","url":"https:\/\/www.eoc.ee\/","name":"\u00c9glise Orthodoxe d'Estonie","description":"Eesti Apostlik-\u00d5igeusu Kirik","potentialAction":[{"@type":"SearchAction","target":{"@type":"EntryPoint","urlTemplate":"https:\/\/www.eoc.ee\/?s={search_term_string}"},"query-input":{"@type":"PropertyValueSpecification","valueRequired":true,"valueName":"search_term_string"}}],"inLanguage":"fr-FR"},{"@type":"Person","@id":"https:\/\/www.eoc.ee\/#\/schema\/person\/bfa03b2406703aa1a9256392aaa001b3","name":"Heike H\u00e4rma","image":{"@type":"ImageObject","inLanguage":"fr-FR","@id":"https:\/\/secure.gravatar.com\/avatar\/8eb3cb357606a6c8ed98d4b92714824fc7d2f06e57b58d2b730a00e0199effb6?s=96&d=mm&r=g","url":"https:\/\/secure.gravatar.com\/avatar\/8eb3cb357606a6c8ed98d4b92714824fc7d2f06e57b58d2b730a00e0199effb6?s=96&d=mm&r=g","contentUrl":"https:\/\/secure.gravatar.com\/avatar\/8eb3cb357606a6c8ed98d4b92714824fc7d2f06e57b58d2b730a00e0199effb6?s=96&d=mm&r=g","caption":"Heike H\u00e4rma"},"url":"https:\/\/www.eoc.ee\/fr\/author\/heike\/"}]}},"_links":{"self":[{"href":"https:\/\/www.eoc.ee\/fr\/wp-json\/wp\/v2\/posts\/7573","targetHints":{"allow":["GET"]}}],"collection":[{"href":"https:\/\/www.eoc.ee\/fr\/wp-json\/wp\/v2\/posts"}],"about":[{"href":"https:\/\/www.eoc.ee\/fr\/wp-json\/wp\/v2\/types\/post"}],"author":[{"embeddable":true,"href":"https:\/\/www.eoc.ee\/fr\/wp-json\/wp\/v2\/users\/7"}],"replies":[{"embeddable":true,"href":"https:\/\/www.eoc.ee\/fr\/wp-json\/wp\/v2\/comments?post=7573"}],"version-history":[{"count":3,"href":"https:\/\/www.eoc.ee\/fr\/wp-json\/wp\/v2\/posts\/7573\/revisions"}],"predecessor-version":[{"id":7575,"href":"https:\/\/www.eoc.ee\/fr\/wp-json\/wp\/v2\/posts\/7573\/revisions\/7575"}],"wp:attachment":[{"href":"https:\/\/www.eoc.ee\/fr\/wp-json\/wp\/v2\/media?parent=7573"}],"wp:term":[{"taxonomy":"category","embeddable":true,"href":"https:\/\/www.eoc.ee\/fr\/wp-json\/wp\/v2\/categories?post=7573"},{"taxonomy":"post_tag","embeddable":true,"href":"https:\/\/www.eoc.ee\/fr\/wp-json\/wp\/v2\/tags?post=7573"}],"curies":[{"name":"wp","href":"https:\/\/api.w.org\/{rel}","templated":true}]}}