{"id":7619,"date":"2015-01-22T13:57:08","date_gmt":"2015-01-22T11:57:08","guid":{"rendered":"http:\/\/www.eoc.ee\/?p=7619"},"modified":"2015-03-06T12:07:56","modified_gmt":"2015-03-06T10:07:56","slug":"la-confession","status":"publish","type":"post","link":"https:\/\/www.eoc.ee\/fr\/spiritualite\/la-confession\/","title":{"rendered":"LA CONFESSION"},"content":{"rendered":"<p>Aie piti\u00e9 de moi, \u00f4 Dieu, selon ta grande mis\u00e9ricorde, et dans ton immense compassion, efface mon p\u00e9ch\u00e9.<\/p>\n<p>Me souvenant de la multitude de mes mauvaises actions, p\u00e9cheur que je suis, je redoute le jour terrible du jugement, mais esp\u00e9rant ta mis\u00e9ricorde et ta compassion, je m&rsquo;\u00e9crie comme David : Aie piti\u00e9 de moi. \u00f4 Dieu, selon ta grande mis\u00e9ricorde.<br \/>\n(Triode. Temps du Car\u00eame)<\/p>\n<p>Temps privil\u00e9gi\u00e9 pour le repentir, la pri\u00e8re et l&rsquo;humilit\u00e9, la p\u00e9riode du Grand Car\u00eame doit \u00eatre aussi, pour les chr\u00e9tiens, le temps de la confession sacramentelle de leurs p\u00e9ch\u00e9s.<br \/>\nLa confession, on le sait, traverse une grave crise. On ne se confesse plus gu\u00e8re tout en continuant \u00e0 communier all\u00e8grement, oubliant un peu vite le mot terrible de Sym\u00e9on le Pieux, le p\u00e8re spirituel de saint Sym\u00e9on le Nouveau Th\u00e9ologien \u00ab Fr\u00e8re, ne communie jamais sans larmes \u00bb.<\/p>\n<p>Si l&rsquo;on ne se confesse plus, il nous semble que c&rsquo;est pour deux raisons principales qui ne sont pas sans rapport.<\/p>\n<p>La premi\u00e8re est qu&rsquo;on est englu\u00e9 dans une conception juridique et morale du p\u00e9ch\u00e9, alors qu&rsquo;il est une maladie. On prend la confession pour un tribunal, alors que c&rsquo;est une clinique. Le pr\u00eatre orthodoxe accueille le p\u00e9nitent en lui disant \u00ab Ne me cache rien, tu doublerais tes p\u00e9ch\u00e9s. Tu es venu vers le M\u00e9decin, crains de repartir non gu\u00e9ri. \u00bb<\/p>\n<p>Nous n&rsquo;allons pas au confessionnal pour y \u00eatre jug\u00e9s nais pour y \u00eatre gu\u00e9ris. Notre P\u00e8re c\u00e9leste ne nous juge pas \u00e0 la mani\u00e8re des magistrats de ce monde. Il lui suffit d&rsquo;\u00eatre ce qu&rsquo;il est, \u00e0 savoir la source de la Vie, c&rsquo;est-\u00e0-dire de l&rsquo;Esprit qu&rsquo;il fait reposer en pl\u00e9nitude sur son Fils. Lors donc que nous p\u00e9chons, nous sommes automatiquement \u00abjug\u00e9s\u00bb par l&rsquo;existence du P\u00e8re c\u00e9leste en ce sens que nous nous coupons de la source de Vie.<\/p>\n<p>Les chr\u00e9tiens de ce temps, coinc\u00e9s dans une conception moralisante du p\u00e9ch\u00e9, ont tendance \u00e0 croire que d\u00e8s lors qu&rsquo;ils ne sont ni gangsters, ni criminels, ni adult\u00e8res, ils n&rsquo;ont rien \u00e0 confesser. Or, les textes liturgiques de l&rsquo;Eglise orthodoxe parlent de \u00ab p\u00e9ch\u00e9s involontaires \u00bb : tout p\u00e9ch\u00e9, toute m\u00e9disance, toute col\u00e8re, toute impatience, toute m\u00e9chancet\u00e9, toute jalousie, toute intemp\u00e9rance, toute impuret\u00e9 est un refus de la mort \u00e0 nous-m\u00eames, le d\u00e9pouillement n\u00e9cessaire de soi pour que le P\u00e8re puisse nous combler de sa Gloire, le Fils nous inonder de sa Lumi\u00e8re, l&rsquo;Esprit Saint nous remplir de sa Vie et de son Amour. Se confesser, c&rsquo;est se rendre compte que, si peu que nous ayons p\u00e9ch\u00e9, nous sommes malades parce que s\u00e9par\u00e9s de la Vie, nous vivotons d&rsquo;une mis\u00e9rable petite vie morte. La confession est l&rsquo;acte qui nous fait prendre conscience de notre maladie et de notre mort. Et c&rsquo;est uniquement par l&rsquo;exp\u00e9rience consciente de la mort que l&rsquo;homme peut approcher la r\u00e9v\u00e9lation de la Vie, la possibilit\u00e9 de ressusciter \u00e0 P\u00e2ques avec le Christ.<\/p>\n<p>La seconde raison pour laquelle on ne se confesse plus, c&rsquo;est qu&rsquo;on est aussi englu\u00e9 dans une fausse conception de l&rsquo;Eglise qui r\u00e9duit celle-ci \u00e0 un ensemble d&rsquo;institutions ext\u00e9rieures \u00e0 l&rsquo;homme alors qu&rsquo;elle est essentiellement la matrice dans laquelle nous sommes engendr\u00e9s \u00e0 la Vie du P\u00e8re.<\/p>\n<p>Cr\u00e9\u00e9s \u00e0 la r\u00e9plique de Dieu et selon sa ressemblance nous ne sommes, comme lui, des personnes que dans la communion avec les autres personnes; nous croyons en un seul Dieu qui n&rsquo;est pas seul mais trois. Dire que nous sommes \u00e0 son image et cr\u00e9\u00e9s pour lui ressembler, c&rsquo;est dire que rien de ce qui nous arrive n&rsquo;est une affaire individuelle. Nous ne saurions nous r\u00e9concilier avec le Christ en dehors de son Epouse. Saint Paul nous dit que lorsqu&rsquo;un membre du corps du Christ est malade, c&rsquo;est tout le corps qui est malade. Les chr\u00e9tiens d&rsquo;aujourd&rsquo;hui feraient bien de m\u00e9diter la belle formule de Jeanne d&rsquo;Arc devant ses juges : \u00ab De J\u00e9sus-Christ et de l&rsquo;Eglise il m&rsquo;est avis que c&rsquo;est tout un. \u00bb La confession est la fin de la solitude humaine.<\/p>\n<p>\u00ab Puisque nous n&rsquo;avons aucune assurance \u00e0 cause de nos p\u00e9ch\u00e9s sans nombre, implore celui qui est n\u00e9 de toi, \u00f4 Vierge, M\u00e8re de Dieu! Car elle est puissante, la pri\u00e8re d&rsquo;une M\u00e8re, pour obtenir la faveur du Ma\u00eetre. Ne m\u00e9prise pas les supplication des p\u00e9cheurs, \u00f4 toute v\u00e9n\u00e9rable, car il est mis\u00e9ricordieux et puissant pour sauver, Celui qui accepta de souffrir pour nous dans sa chair ! \u00bb<\/p>\n<p>&nbsp;<\/p>\n<p>R.P. Andr\u00e9 BORRELY<\/p>\n<p>(paru dans SYNAXE N\u00b011)<\/p>\n<p>&nbsp;<\/p>\n<p>&nbsp;<\/p>\n","protected":false},"excerpt":{"rendered":"<p>Aie piti\u00e9 de moi, \u00f4 Dieu, selon ta grande mis\u00e9ricorde, et dans ton immense compassion, efface mon p\u00e9ch\u00e9. Me souvenant de la multitude de mes mauvaises actions, p\u00e9cheur que je suis, je redoute le jour terrible du jugement, mais esp\u00e9rant ta mis\u00e9ricorde et ta compassion, je m&rsquo;\u00e9crie comme David : Aie piti\u00e9 de moi. \u00f4 [&hellip;]<\/p>\n","protected":false},"author":7,"featured_media":0,"comment_status":"closed","ping_status":"open","sticky":false,"template":"","format":"standard","meta":{"_exactmetrics_skip_tracking":false,"_exactmetrics_sitenote_active":false,"_exactmetrics_sitenote_note":"","_exactmetrics_sitenote_category":0,"_monsterinsights_skip_tracking":false,"_monsterinsights_sitenote_active":false,"_monsterinsights_sitenote_note":"","_monsterinsights_sitenote_category":0,"footnotes":""},"categories":[124,115],"tags":[137,131,141,142,139],"class_list":["post-7619","post","type-post","status-publish","format-standard","hentry","category-orthodoxie","category-spiritualite","tag-foi","tag-orthodoxie-2","tag-sacrement","tag-spiritualite-2","tag-traditions-2"],"yoast_head":"<!-- This site is optimized with the Yoast SEO plugin v27.5 - https:\/\/yoast.com\/product\/yoast-seo-wordpress\/ -->\n<title>LA CONFESSION &#8211; \u00c9glise Orthodoxe d&#039;Estonie<\/title>\n<meta name=\"robots\" content=\"index, follow, max-snippet:-1, max-image-preview:large, max-video-preview:-1\" \/>\n<link rel=\"canonical\" href=\"https:\/\/www.eoc.ee\/fr\/orthodoxie\/spiritualite\/la-confession\/\" \/>\n<meta property=\"og:locale\" content=\"fr_FR\" \/>\n<meta property=\"og:type\" content=\"article\" \/>\n<meta property=\"og:title\" content=\"LA CONFESSION &#8211; \u00c9glise Orthodoxe d&#039;Estonie\" \/>\n<meta property=\"og:description\" content=\"Aie piti\u00e9 de moi, \u00f4 Dieu, selon ta grande mis\u00e9ricorde, et dans ton immense compassion, efface mon p\u00e9ch\u00e9. Me souvenant de la multitude de mes mauvaises actions, p\u00e9cheur que je suis, je redoute le jour terrible du jugement, mais esp\u00e9rant ta mis\u00e9ricorde et ta compassion, je m&rsquo;\u00e9crie comme David : Aie piti\u00e9 de moi. \u00f4 [&hellip;]\" \/>\n<meta property=\"og:url\" content=\"https:\/\/www.eoc.ee\/fr\/orthodoxie\/spiritualite\/la-confession\/\" \/>\n<meta property=\"og:site_name\" content=\"\u00c9glise Orthodoxe d&#039;Estonie\" \/>\n<meta property=\"article:published_time\" content=\"2015-01-22T11:57:08+00:00\" \/>\n<meta property=\"article:modified_time\" content=\"2015-03-06T10:07:56+00:00\" \/>\n<meta name=\"author\" content=\"Heike H\u00e4rma\" \/>\n<meta name=\"twitter:label1\" content=\"\u00c9crit par\" \/>\n\t<meta name=\"twitter:data1\" content=\"Heike H\u00e4rma\" \/>\n\t<meta name=\"twitter:label2\" content=\"Dur\u00e9e de lecture estim\u00e9e\" \/>\n\t<meta name=\"twitter:data2\" content=\"4 minutes\" \/>\n<script type=\"application\/ld+json\" class=\"yoast-schema-graph\">{\"@context\":\"https:\\\/\\\/schema.org\",\"@graph\":[{\"@type\":\"Article\",\"@id\":\"https:\\\/\\\/www.eoc.ee\\\/fr\\\/orthodoxie\\\/spiritualite\\\/la-confession\\\/#article\",\"isPartOf\":{\"@id\":\"https:\\\/\\\/www.eoc.ee\\\/fr\\\/orthodoxie\\\/spiritualite\\\/la-confession\\\/\"},\"author\":{\"name\":\"Heike H\u00e4rma\",\"@id\":\"https:\\\/\\\/www.eoc.ee\\\/#\\\/schema\\\/person\\\/bfa03b2406703aa1a9256392aaa001b3\"},\"headline\":\"LA CONFESSION\",\"datePublished\":\"2015-01-22T11:57:08+00:00\",\"dateModified\":\"2015-03-06T10:07:56+00:00\",\"mainEntityOfPage\":{\"@id\":\"https:\\\/\\\/www.eoc.ee\\\/fr\\\/orthodoxie\\\/spiritualite\\\/la-confession\\\/\"},\"wordCount\":843,\"keywords\":[\"foi\",\"orthodoxie\",\"sacrement\",\"spiritualite\",\"traditions\"],\"articleSection\":[\"Orthodoxie\",\"Spiritualit\u00e9\"],\"inLanguage\":\"fr-FR\"},{\"@type\":\"WebPage\",\"@id\":\"https:\\\/\\\/www.eoc.ee\\\/fr\\\/orthodoxie\\\/spiritualite\\\/la-confession\\\/\",\"url\":\"https:\\\/\\\/www.eoc.ee\\\/fr\\\/orthodoxie\\\/spiritualite\\\/la-confession\\\/\",\"name\":\"LA CONFESSION &#8211; \u00c9glise Orthodoxe d'Estonie\",\"isPartOf\":{\"@id\":\"https:\\\/\\\/www.eoc.ee\\\/#website\"},\"datePublished\":\"2015-01-22T11:57:08+00:00\",\"dateModified\":\"2015-03-06T10:07:56+00:00\",\"author\":{\"@id\":\"https:\\\/\\\/www.eoc.ee\\\/#\\\/schema\\\/person\\\/bfa03b2406703aa1a9256392aaa001b3\"},\"breadcrumb\":{\"@id\":\"https:\\\/\\\/www.eoc.ee\\\/fr\\\/orthodoxie\\\/spiritualite\\\/la-confession\\\/#breadcrumb\"},\"inLanguage\":\"fr-FR\",\"potentialAction\":[{\"@type\":\"ReadAction\",\"target\":[\"https:\\\/\\\/www.eoc.ee\\\/fr\\\/orthodoxie\\\/spiritualite\\\/la-confession\\\/\"]}]},{\"@type\":\"BreadcrumbList\",\"@id\":\"https:\\\/\\\/www.eoc.ee\\\/fr\\\/orthodoxie\\\/spiritualite\\\/la-confession\\\/#breadcrumb\",\"itemListElement\":[{\"@type\":\"ListItem\",\"position\":1,\"name\":\"Home\",\"item\":\"https:\\\/\\\/www.eoc.ee\\\/\"},{\"@type\":\"ListItem\",\"position\":2,\"name\":\"LA CONFESSION\"}]},{\"@type\":\"WebSite\",\"@id\":\"https:\\\/\\\/www.eoc.ee\\\/#website\",\"url\":\"https:\\\/\\\/www.eoc.ee\\\/\",\"name\":\"\u00c9glise Orthodoxe d'Estonie\",\"description\":\"Eesti Apostlik-\u00d5igeusu Kirik\",\"potentialAction\":[{\"@type\":\"SearchAction\",\"target\":{\"@type\":\"EntryPoint\",\"urlTemplate\":\"https:\\\/\\\/www.eoc.ee\\\/?s={search_term_string}\"},\"query-input\":{\"@type\":\"PropertyValueSpecification\",\"valueRequired\":true,\"valueName\":\"search_term_string\"}}],\"inLanguage\":\"fr-FR\"},{\"@type\":\"Person\",\"@id\":\"https:\\\/\\\/www.eoc.ee\\\/#\\\/schema\\\/person\\\/bfa03b2406703aa1a9256392aaa001b3\",\"name\":\"Heike H\u00e4rma\",\"image\":{\"@type\":\"ImageObject\",\"inLanguage\":\"fr-FR\",\"@id\":\"https:\\\/\\\/secure.gravatar.com\\\/avatar\\\/8eb3cb357606a6c8ed98d4b92714824fc7d2f06e57b58d2b730a00e0199effb6?s=96&d=mm&r=g\",\"url\":\"https:\\\/\\\/secure.gravatar.com\\\/avatar\\\/8eb3cb357606a6c8ed98d4b92714824fc7d2f06e57b58d2b730a00e0199effb6?s=96&d=mm&r=g\",\"contentUrl\":\"https:\\\/\\\/secure.gravatar.com\\\/avatar\\\/8eb3cb357606a6c8ed98d4b92714824fc7d2f06e57b58d2b730a00e0199effb6?s=96&d=mm&r=g\",\"caption\":\"Heike H\u00e4rma\"},\"url\":\"https:\\\/\\\/www.eoc.ee\\\/fr\\\/author\\\/heike\\\/\"}]}<\/script>\n<!-- \/ Yoast SEO plugin. -->","yoast_head_json":{"title":"LA CONFESSION &#8211; \u00c9glise Orthodoxe d'Estonie","robots":{"index":"index","follow":"follow","max-snippet":"max-snippet:-1","max-image-preview":"max-image-preview:large","max-video-preview":"max-video-preview:-1"},"canonical":"https:\/\/www.eoc.ee\/fr\/orthodoxie\/spiritualite\/la-confession\/","og_locale":"fr_FR","og_type":"article","og_title":"LA CONFESSION &#8211; \u00c9glise Orthodoxe d'Estonie","og_description":"Aie piti\u00e9 de moi, \u00f4 Dieu, selon ta grande mis\u00e9ricorde, et dans ton immense compassion, efface mon p\u00e9ch\u00e9. Me souvenant de la multitude de mes mauvaises actions, p\u00e9cheur que je suis, je redoute le jour terrible du jugement, mais esp\u00e9rant ta mis\u00e9ricorde et ta compassion, je m&rsquo;\u00e9crie comme David : Aie piti\u00e9 de moi. \u00f4 [&hellip;]","og_url":"https:\/\/www.eoc.ee\/fr\/orthodoxie\/spiritualite\/la-confession\/","og_site_name":"\u00c9glise Orthodoxe d'Estonie","article_published_time":"2015-01-22T11:57:08+00:00","article_modified_time":"2015-03-06T10:07:56+00:00","author":"Heike H\u00e4rma","twitter_misc":{"\u00c9crit par":"Heike H\u00e4rma","Dur\u00e9e de lecture estim\u00e9e":"4 minutes"},"schema":{"@context":"https:\/\/schema.org","@graph":[{"@type":"Article","@id":"https:\/\/www.eoc.ee\/fr\/orthodoxie\/spiritualite\/la-confession\/#article","isPartOf":{"@id":"https:\/\/www.eoc.ee\/fr\/orthodoxie\/spiritualite\/la-confession\/"},"author":{"name":"Heike H\u00e4rma","@id":"https:\/\/www.eoc.ee\/#\/schema\/person\/bfa03b2406703aa1a9256392aaa001b3"},"headline":"LA CONFESSION","datePublished":"2015-01-22T11:57:08+00:00","dateModified":"2015-03-06T10:07:56+00:00","mainEntityOfPage":{"@id":"https:\/\/www.eoc.ee\/fr\/orthodoxie\/spiritualite\/la-confession\/"},"wordCount":843,"keywords":["foi","orthodoxie","sacrement","spiritualite","traditions"],"articleSection":["Orthodoxie","Spiritualit\u00e9"],"inLanguage":"fr-FR"},{"@type":"WebPage","@id":"https:\/\/www.eoc.ee\/fr\/orthodoxie\/spiritualite\/la-confession\/","url":"https:\/\/www.eoc.ee\/fr\/orthodoxie\/spiritualite\/la-confession\/","name":"LA CONFESSION &#8211; \u00c9glise Orthodoxe d'Estonie","isPartOf":{"@id":"https:\/\/www.eoc.ee\/#website"},"datePublished":"2015-01-22T11:57:08+00:00","dateModified":"2015-03-06T10:07:56+00:00","author":{"@id":"https:\/\/www.eoc.ee\/#\/schema\/person\/bfa03b2406703aa1a9256392aaa001b3"},"breadcrumb":{"@id":"https:\/\/www.eoc.ee\/fr\/orthodoxie\/spiritualite\/la-confession\/#breadcrumb"},"inLanguage":"fr-FR","potentialAction":[{"@type":"ReadAction","target":["https:\/\/www.eoc.ee\/fr\/orthodoxie\/spiritualite\/la-confession\/"]}]},{"@type":"BreadcrumbList","@id":"https:\/\/www.eoc.ee\/fr\/orthodoxie\/spiritualite\/la-confession\/#breadcrumb","itemListElement":[{"@type":"ListItem","position":1,"name":"Home","item":"https:\/\/www.eoc.ee\/"},{"@type":"ListItem","position":2,"name":"LA CONFESSION"}]},{"@type":"WebSite","@id":"https:\/\/www.eoc.ee\/#website","url":"https:\/\/www.eoc.ee\/","name":"\u00c9glise Orthodoxe d'Estonie","description":"Eesti Apostlik-\u00d5igeusu Kirik","potentialAction":[{"@type":"SearchAction","target":{"@type":"EntryPoint","urlTemplate":"https:\/\/www.eoc.ee\/?s={search_term_string}"},"query-input":{"@type":"PropertyValueSpecification","valueRequired":true,"valueName":"search_term_string"}}],"inLanguage":"fr-FR"},{"@type":"Person","@id":"https:\/\/www.eoc.ee\/#\/schema\/person\/bfa03b2406703aa1a9256392aaa001b3","name":"Heike H\u00e4rma","image":{"@type":"ImageObject","inLanguage":"fr-FR","@id":"https:\/\/secure.gravatar.com\/avatar\/8eb3cb357606a6c8ed98d4b92714824fc7d2f06e57b58d2b730a00e0199effb6?s=96&d=mm&r=g","url":"https:\/\/secure.gravatar.com\/avatar\/8eb3cb357606a6c8ed98d4b92714824fc7d2f06e57b58d2b730a00e0199effb6?s=96&d=mm&r=g","contentUrl":"https:\/\/secure.gravatar.com\/avatar\/8eb3cb357606a6c8ed98d4b92714824fc7d2f06e57b58d2b730a00e0199effb6?s=96&d=mm&r=g","caption":"Heike H\u00e4rma"},"url":"https:\/\/www.eoc.ee\/fr\/author\/heike\/"}]}},"_links":{"self":[{"href":"https:\/\/www.eoc.ee\/fr\/wp-json\/wp\/v2\/posts\/7619","targetHints":{"allow":["GET"]}}],"collection":[{"href":"https:\/\/www.eoc.ee\/fr\/wp-json\/wp\/v2\/posts"}],"about":[{"href":"https:\/\/www.eoc.ee\/fr\/wp-json\/wp\/v2\/types\/post"}],"author":[{"embeddable":true,"href":"https:\/\/www.eoc.ee\/fr\/wp-json\/wp\/v2\/users\/7"}],"replies":[{"embeddable":true,"href":"https:\/\/www.eoc.ee\/fr\/wp-json\/wp\/v2\/comments?post=7619"}],"version-history":[{"count":3,"href":"https:\/\/www.eoc.ee\/fr\/wp-json\/wp\/v2\/posts\/7619\/revisions"}],"predecessor-version":[{"id":7621,"href":"https:\/\/www.eoc.ee\/fr\/wp-json\/wp\/v2\/posts\/7619\/revisions\/7621"}],"wp:attachment":[{"href":"https:\/\/www.eoc.ee\/fr\/wp-json\/wp\/v2\/media?parent=7619"}],"wp:term":[{"taxonomy":"category","embeddable":true,"href":"https:\/\/www.eoc.ee\/fr\/wp-json\/wp\/v2\/categories?post=7619"},{"taxonomy":"post_tag","embeddable":true,"href":"https:\/\/www.eoc.ee\/fr\/wp-json\/wp\/v2\/tags?post=7619"}],"curies":[{"name":"wp","href":"https:\/\/api.w.org\/{rel}","templated":true}]}}