{"id":7649,"date":"2015-01-22T15:13:36","date_gmt":"2015-01-22T13:13:36","guid":{"rendered":"http:\/\/www.eoc.ee\/?p=7649"},"modified":"2015-03-06T12:07:13","modified_gmt":"2015-03-06T10:07:13","slug":"orthodoxie-et-tourisme","status":"publish","type":"post","link":"https:\/\/www.eoc.ee\/fr\/orthodoxie\/societe\/orthodoxie-et-tourisme\/","title":{"rendered":"ORTHODOXIE et TOURISME"},"content":{"rendered":"<p><b>Essai pour une pastorale en M\u00e9diterran\u00e9e<\/b><\/p>\n<p>Aborder donc le th\u00e8me du tourisme dans la perspective chr\u00e9tienne \u00e0 laquelle j&rsquo;adh\u00e8re, c&rsquo;est d&rsquo;abord, c&rsquo;est essentiellement partir de l&rsquo;homme lui-m\u00eame, de la personne irr\u00e9ductible telle que la con\u00e7oit un Nicolas Berdiaev p. ex. ou encore S.S. Jean-Paul Il lorsqu&rsquo;il dit que \u00ab\u00a0l&rsquo;homme est le chemin de Dieu\u00a0\u00bb. C&rsquo;est vrai que notre soci\u00e9t\u00e9 s\u00e9cularis\u00e9e se tait beaucoup sur Dieu. Peut-\u00eatre est-ce une \u00e9trange pudeur. Peut-\u00eatre, selon l&rsquo;expression de nos vieux asc\u00e8tes, un simple \u00aboubli\u00bb.<\/p>\n<p>N&rsquo;est-ce pas l\u00e0 pour nos Eglises la v\u00e9ritable chance de proposer, dirais-je ici, une nouvelle \u00ab\u00a0pr\u00e9compr\u00e9hension\u00a0\u00bb du message \u00e9vang\u00e9lique dans l&rsquo;espoir d&rsquo;arriver peu \u00e0 peu \u00e0 \u00e9baucher une parole capable de garder la pudeur de l&rsquo;homme s\u00e9cularis\u00e9 de ce temps tout en lui refusant le mutisme ? Une parole pour enfin oser dire, sans violence ni esprit aucun de conqu\u00eate, que Dieu est tout simplement la joie et la libert\u00e9 de l&rsquo;homme ! Il importe donc en premier lieu d&rsquo;\u00e9viter la tentation du tourisme spirituel et du syncr\u00e9tisme de d\u00e9tail.<\/p>\n<p>Du tourisme spirituel qui tomberait dans la tentation de la folklorisation commerciale des \u00eelots des \u00ab\u00a0civilisations dites traditionnelles\u00a0\u00bb, sur lesquelles se porte aujourd&rsquo;hui volontiers l&rsquo;Occident avec une sorte de curiosit\u00e9 lasse.<\/p>\n<p>Du syncr\u00e9tisme de d\u00e9tail (comme p.ex. le fait de traduire le \u00ab\u00a0Soi\u00a0\u00bb indien par Dieu), qui fait oublier le sens des ensembles et conduit aux g\u00e9n\u00e9ralisations massives, c&rsquo;est-\u00e0-dire la confusion.\u2028Ici plus qu&rsquo;ailleurs nous pouvons pastoralement comprendre et admettre que le passage de ceux que l&rsquo;on a tendance \u00e0 trop facilement qualifier par ce saisissant et \u00e9trange raccourci du terme \u00ab\u00a0touristes\u00a0\u00bb, (un passage saisonnier et que nous ne pouvons pas bien ni cerner ni inscrire dans un cadre et un espace de dur\u00e9e), nous fait mieux voir combien il nous est impossible de pr\u00e9tendre nous mettre \u00e0 la place de Dieu.<\/p>\n<p>Mais nous croyons que lui, il sait et c&rsquo;est pour cette raison qu&rsquo;en arri\u00e8re-plan, nous ne pouvons que sentir tr\u00e8s fortement l&rsquo;in\u00e9vitable rapprochement, face au nihilisme et au cynisme contemporains, de toutes ces femmes et de tous ces hommes qui traversent la vie de nos communaut\u00e9s pour un bref instant, et pour qui malgr\u00e9 tout vivre et mourir ont un sens. Il y a donc place pour un t\u00e9moignage d&rsquo;esp\u00e9rance, pour un t\u00e9moignage de la dure et exigeante tendresse pour chacun car l&rsquo;homme le plus d\u00e9chu (puisque le bien et le mal se m\u00ealent dans notre soci\u00e9t\u00e9) restera toujours et malgr\u00e9 lui l&rsquo;enfant de Dieu, qui m\u00e9rite un respect inconditionnel.<\/p>\n<p>En fait le sens et l&rsquo;origine de la culture europ\u00e9enne, c&rsquo;est la personne et, ne l&rsquo;oublions pas, la personne exige la communion, tandis que paradoxalement ce 20\u00e8 si\u00e8cle en voie d&rsquo;ach\u00e8vement, qui a accompli de grandes choses dans le champ de la connaissance du cosmos et dans l&rsquo;effort pour soumettre la cr\u00e9ation \u00e0 la volont\u00e9 de l&rsquo;homme, est aussi celui qui a fait le plus accro\u00eetre les risques de compromettre la survie de l&rsquo;homme comme une personne libre, \u00ab\u00a0cr\u00e9\u00e9e \u00e0 l&rsquo;image et \u00e0 la ressemblance de Dieu\u00a0\u00bb.<\/p>\n<p>Pourtant il n&rsquo;y a pas que des aspects n\u00e9gatifs : le respect de l&rsquo;autre, la libert\u00e9 de l&rsquo;esprit, le meilleur de nos d\u00e9mocraties pluralistes et de nos soci\u00e9t\u00e9s s\u00e9cularis\u00e9es s&rsquo;enracinent dans la r\u00e9v\u00e9lation biblique de la personne et la distinction faite par le Christ entre le Royaume de Dieu et celui de C\u00e9sar.<\/p>\n<p>Tout cela n&rsquo;est pas \u00e9tranger \u00e0 nos Eglises. Alors, pourquoi ne pas tenter de le r\u00e9orienter de l&rsquo;int\u00e9rieur. Il faut prendre ce mot, \u00ab\u00a0r\u00e9-orienter\u00a0\u00bb, dit S.S. Bartholom\u00e9e, dans tout son sens : \u00absi l&rsquo;Europe orientale, en effet, doit faire, d&rsquo;une mani\u00e8re ou d&rsquo;une autre l&rsquo;apprentissage de la la\u00efcit\u00e9, l&rsquo;Europe occidentale doit retrouver, en partie, son \u00aborient\u00bb int\u00e9rieur. Il est impossible en effet d&rsquo;affronter les probl\u00e8mes sous leur seul aspect \u00e9conomique, social ou politique, il faut \u00e9galement les consid\u00e9rer dans leur profondeur morale et religieuse\u00bb &#8230;<\/p>\n<p>Autrement dit, la s\u00e9cularisation est un passage n\u00e9cessaire par la conscience et la libert\u00e9. A nous, les Eglises, il appartient d\u00e9sormais d&rsquo;inventer ces voies authentiques par lesquelles la foi chr\u00e9tienne pourra rester pr\u00e9sente dans la soci\u00e9t\u00e9 s\u00e9cularis\u00e9e .<\/p>\n<p>Une vraie pastorale du tourisme devrait pouvoir mettre l&rsquo;homme devant ce qui ne sert \u00e0 rien mais \u00e9claire tout parce qu&rsquo;il existe encore des r\u00e9alit\u00e9s secr\u00e8tes qu&rsquo;on ne peut ni expliquer, ni acheter, mais seulement admirer, mais seulement contempler.<\/p>\n<p>Une vraie pastorale du tourisme devrait pouvoir permettre \u00e0 l&rsquo;homme de saisir son existence comme une c\u00e9l\u00e9bration, comme une f\u00eate o\u00f9 il pourra enfin trouver une parole, des images et des gestes de v\u00e9rit\u00e9 m\u00eame si l&rsquo;histoire folle de cette fin de si\u00e8cle semble sans cesse le faire taire.<\/p>\n<p>Une vraie pastorale du tourisme, en ne se situant prioritairement qu&rsquo;au niveau des l\u00e9gitimations ultimes, devrait permettre de faire r\u00e9fl\u00e9chir la soci\u00e9t\u00e9 et lui rappeler sa possibilit\u00e9 et son sens surtout de l&rsquo;amour et non pas la laisser s&rsquo;enfermer dans cette fascination par la mort que d\u00e9sormais elle ne cesse de s\u00e9cr\u00e9ter, engendrant par l\u00e0-m\u00eame en elle une sorte d&rsquo;angoisse du crime contre l&rsquo;autre ou contre elle-m\u00eame.<\/p>\n<p>J&rsquo;ajouterai que pour nous, qui vivons ici en M\u00e9diterran\u00e9e, une autre t\u00e2che nous \u00e9choit \u00e0 plus long terme, celle de retrouver et de vivifier le g\u00e9nie de tout le bassin m\u00e9diterran\u00e9en. Les peuples qui vivent autour de cette mer, il faut les inviter \u00e0 construire librement, volontairement, la paix en M\u00e9diterran\u00e9e, en retrouvant les principes et les valeurs qui, au long des si\u00e8cles, ont fleuri dans cette r\u00e9gion du monde au sein m\u00eame des trois grandes religions monoth\u00e9istes que sont le juda\u00efsme, l&rsquo;islam et le christianisme. Et ces valeurs sont, rappelons-le bri\u00e8vement, la foi en un Dieu unique, le caract\u00e8re sacr\u00e9 de la personne humaine, l&rsquo;amour capable de d\u00e9passer toutes les fronti\u00e8res et toutes les discriminations par la compassion, le pardon, la justice et la paix ; tant il est vrai que d\u00e9j\u00e0 au Moyen-Age une culture m\u00e9diterran\u00e9enne relativement unifi\u00e9e s&rsquo;\u00e9tait \u00e9tablie, utilisant, chez les chr\u00e9tiens comme chez les musulmans p.ex., une raison qui restait proche \u00e0 la fois du logos grec et de la Sagesse biblique.<\/p>\n<p>Ainsi il est bien connu que l&rsquo;homme m\u00e9diterran\u00e9en s&rsquo;adonne plus volontiers au langage de l&rsquo;amiti\u00e9 qu&rsquo;\u00e0 celui de la domination, pr\u00e9f\u00e9rant la chose dense et bonne \u00e0 l&rsquo;objet industriel. Pour l&rsquo;homme m\u00e9diterran\u00e9en, \u00abl&rsquo;\u00eatre est relationnel\u00bb, se plaisent \u00e0 le pr\u00e9ciser aussi bien le th\u00e9ologien et penseur grec Christos Yannaras que le M\u00e9tropolite Jean de Pergame ; il est int\u00e9rieur \u00e0 la communion des hommes entre eux et avec le Dieu vivant.<\/p>\n<p>Le M\u00e9diterran\u00e9en vit avec intensit\u00e9, comme si pour lui \u00ab\u00a0le sol, \u00e9crivait le po\u00e8te grec Sik\u00e9lianos, se tend comme la peau du b\u0153uf sur le tambour\u00a0\u00bb ! Pourtant cette mer risque aussi de mourir par pollution physique et morale, par incapacit\u00e9 d&rsquo;\u00e9quilibrer sa rive septentrionale (o\u00f9 les hommes mangent \u00e0 leur faim) et sa rive m\u00e9ridionale, trop peupl\u00e9e, trop peu d\u00e9velopp\u00e9e, o\u00f9 grandit de nos jours un fanatisme de d\u00e9sespoir.<\/p>\n<p>Pour cr\u00e9er un \u00e9quilibre pacifiant entre ces deux rives (\u00e9quilibre que beaucoup d&rsquo;ailleurs consid\u00e8rent comme utopique) il faut des desseins visionnaires, anim\u00e9s non seulement par les responsables politiques et culturels mais aussi et peut-\u00eatre maintenant plus que jamais par les religieux des pays qui entourent ce bassin m\u00e9diterran\u00e9en afin d&rsquo;\u00e9tablir une authentique et active collaboration en vue de la survie de cette mer, laquelle, depuis la haute antiquit\u00e9 et jusqu&rsquo;\u00e0 nos temps pr\u00e9sents, semble sans cesse r\u00e9capituler l&rsquo;histoire du monde.<\/p>\n<p>Une r\u00e9ponse de notre part dans ce sens pourrait volontiers \u00eatre cette citation du M\u00e9tropolite grec-orthodoxe Georges Khodr du Mont Liban : \u00ab\u00a0Le Christ, n&rsquo;est pas une institution. Il est valeur, acte, transformation des c\u0153urs dans le sens de la douceur, de la simplicit\u00e9, de l&rsquo;humilit\u00e9, du Jih\u00e2d pour ceux qui souffrent\u00a0\u00bb (in revue \u00ab\u00a0CONTACTS\u00a0\u00bb n\u00b0 110 \/ Paris 2e Trim. 1980, p. 97), le mot \u00abJih\u00e2d\u00bb \u00e9tant saisi ici dans son sens non pas d\u00e9riv\u00e9 qui d\u00e9signe la guerre mais principalement dans son sens initial qui signifie effort, combat int\u00e9rieur.<\/p>\n<p>Une r\u00e9ponse qui se profile comme un chemin providentiel myst\u00e9rieux dans la ligne \u00ababrahamique\u00bb qui va du P\u00e8re des croyants au Proph\u00e8te arabe et qui d\u00e9j\u00e0 avait \u00e9t\u00e9 admirablement pressentie par le grand po\u00e8te mystique de langue turque Younous Emr\u00e9 (13\u00e8 &#8211; 14\u00e8 s.) lorsqu&rsquo;il \u00e9crivait ceci : \u00abLe Sina\u00ef, &#8230; la Bible et l&rsquo;Evangile, le Coran, le Talmud, la sentence de lumi\u00e8re, tout est dans l&rsquo;\u00eatre&#8230;\u00bb.<\/p>\n<p>Le fait de prendre appui sur la M\u00e9diterran\u00e9e pour \u00e9tayer notre r\u00e9flexion pastorale sur le tourisme n&rsquo;est nullement fortuit.<\/p>\n<p>Car si nous l&rsquo;abordons d&rsquo;un point-de-vue historique et sociologique, nous constatons :\u2028a) que son versant oriental comprend l&rsquo;Egypte, la Palestine, la Syrie et m\u00eame d&rsquo;une certaine fa\u00e7on la M\u00e9sopotamie, l&rsquo;Asie Mineure, la Gr\u00e8ce avec les Balkans, Rome enfin et ce avec tout ce que cela sous-entend dans le domaine de l&rsquo;art, de la culture et de l&rsquo;environnement ;<\/p>\n<p>b) que ni l&rsquo;Orient \u00e0 lui seul ni l&rsquo;Occident \u00e0 lui seul ne peuvent pr\u00e9tendre s&rsquo;accaparer pour leur unique usage tous l&rsquo;acquis des si\u00e8cles pass\u00e9s.<\/p>\n<p>Les Egyptiens, les Juifs, les Syriens, les Peuples de M\u00e9sopotamie, les Grecs et les Romains ont tous \u00e9t\u00e9 des \u00abfaiseurs de civilisations\u00bb lesquelles ont \u00e9t\u00e9 ramass\u00e9es toutes ensemble dans une semblable expression identitaire, celle de la civilisation byzantine, qui a m\u00eamement et indistinctement embrass\u00e9 tant l&rsquo;Orient que l&rsquo;Occident. Leurs Saintet\u00e9s le Pape Jean-Paul 2 et le Patriarche \u0152cum\u00e9nique Bartholom\u00e9e en sont tous deux conscients aujourd&rsquo;hui. Le premier se pla\u00eet \u00e0 rappeler que l&rsquo;Eglise poss\u00e8de deux poumons, l&rsquo;un occidental, l&rsquo;autre oriental. Le second n&rsquo;h\u00e9site pas, comme nous l&rsquo;avons d\u00e9j\u00e0 dit plus haut, \u00e0 insister sur le fait qu&rsquo;il est n\u00e9cessaire de nous \u00abr\u00e9orienter de l&rsquo;int\u00e9rieur\u00bb. Je crois comprendre que pour lui \u00abl&rsquo;unit\u00e9 politique, coup\u00e9e de la civilisation, c-\u00e0-d du sens fondamental des relations humaines est incapable d&rsquo;aboutir \u00e0 la r\u00e9alisation de l&rsquo;unit\u00e9 de l&rsquo;Europe\u00bb et aussi \u00abque Rome et Constantinople, autrement dit selon notre terminologie orthodoxe l&rsquo;Ancienne et la Nouvelle Rome, se doivent d&rsquo;\u00eatre consid\u00e9r\u00e9es comme les axes de r\u00e9f\u00e9rence de cette m\u00eame Europe\u00bb (allocution au Parlement de Strasbourg du 19 avril 1994).\u2028Bien s\u00fbr, une telle argumentation peut toujours trouver son \u00e9quivalent dans tout autre contexte g\u00e9ographique et humain de par le monde.<\/p>\n<p>Toutefois il y a une donn\u00e9e fondamentale qui initialement ne nous appartient qu&rsquo;\u00e0 nous seuls : le Christianisme. Et c&rsquo;est l\u00e0 toute la diff\u00e9rence : parce que le Christianisme prend appui sur la Bible, autrement dit sur la R\u00e9v\u00e9lation faite par Dieu au peuple juif. C&rsquo;est cela qui a permis de cr\u00e9er une v\u00e9ritable osmose entre l&rsquo;Orient et l&rsquo;Occident et de surmonter par cons\u00e9quent tous les clivages entre la partie orientale et la partie occidentale de l&rsquo;Europe.<\/p>\n<p>L&rsquo;on a trop souvent tendance \u00e0 oublier que l&rsquo;\u00e9l\u00e9ment grec fait autant partie int\u00e9grante de la culture europ\u00e9enne d&rsquo;Occident que l&rsquo;\u00e9l\u00e9ment latin, particuli\u00e8rement dans le monde des m\u00e9dias et en mati\u00e8re de g\u00e9opolitique tout comme on insiste beaucoup sur la gr\u00e9cit\u00e9 des P\u00e8res grecs alors qu&rsquo;ils sont par excellence et avant tout des P\u00e8res de la Bible. Dans le contexte du dialogue \u0153cum\u00e9nique, nos Eglises, ce me semble, devraient pouvoir saisir cette opportunit\u00e9 de fa\u00e7on plus clairvoyante, plus responsable afin de sortir l&rsquo;homme d&rsquo;aujourd&rsquo;hui de la s\u00e9cheresse de son rationalisme et de la tristesse de ses prises de positions par trop souvent unilat\u00e9rales dans le but de lui rappeler que l&rsquo;\u00eatre humain n&rsquo;est pas seulement fait que de parole et de raisonnement, que de pens\u00e9e ou de libert\u00e9 de pens\u00e9e. L&rsquo;\u00eatre humain est au-del\u00e0 de tout, d&rsquo;abord myst\u00e8re.<\/p>\n<p>Un myst\u00e8re qui s&rsquo;inscrit et se circonscrit dans un visage. Et ce visage ne peut vivre avec les autres que dans la communion n\u00e9e de l&rsquo;amour, sans quoi il ne peut y avoir de v\u00e9ritable communaut\u00e9 humaine.<\/p>\n<p>Une telle vision doit n\u00e9cessairement \u00eatre prise en compte dans la dimension de notre pastorale du tourisme pour exclure toutes nos peurs qui n&rsquo;ont rien de commun avec l&rsquo;amour et inclure toutes les formes d&rsquo;amour qui, elles, n&rsquo;ont rien de commun avec la peur. Sans cette exigence, pourquoi aux yeux de nos semblables notre t\u00e9moignage \u00e9vang\u00e9lique serait cr\u00e9dible, pourquoi notre culture europ\u00e9enne serait authentique ?<\/p>\n<p>Certes, les risques existent bien mais ne perdons jamais de vue que l&rsquo;Eglise primitive est n\u00e9e et a triomph\u00e9 en assumant courageusement les siens : les pers\u00e9cutions notamment et tant d&rsquo;autres dangers encore !<\/p>\n<p>Alors pourquoi ne pas faire n\u00f4tre le d\u00e9fi actuel qui nous interpelle par une sinc\u00e8re et r\u00e9ciproque collaboration d&rsquo;abord entre les Eglises elles-m\u00eames et ensuite ensemble avec toutes les autres confessions, toutes les autres d\u00e9nominations et chaque homme en particulier, quel qu&rsquo;il soit et d&rsquo;o\u00f9 qu&rsquo;il soit ?<\/p>\n<p>Apr\u00e8s tout, il ne nous est pas demand\u00e9 de faire fi de notre propre identit\u00e9, pourvu que nous sachions rester le ferment humble et paisible, le lumignon sous le boisseau afin que naisse une nouvelle politique culturelle au sein de laquelle nous assumerions au mieux la part qui nous revient.<\/p>\n<p>Mais pour ce faire, il nous faut changer de mentalit\u00e9, pour promouvoir le gratuit, l&rsquo;inassimilable, ce qui, comme cela a d\u00e9j\u00e0 \u00e9t\u00e9 dit plus haut, ne sert \u00e0 rien mais \u00e9claire tout. Pour aussi insister sur les deux dimensions ins\u00e9parables de communion et de transfiguration et ainsi, enfin, mieux faire comprendre que Dieu est la libert\u00e9 de l&rsquo;homme, c-\u00e0-d ce Quelqu&rsquo;un qui s&rsquo;interpose \u00e0 jamais entre le n\u00e9ant et nous. Un n\u00e9ant qui engendre, en cette fin de si\u00e8cle, tant de terreurs et qui se monnaie en une multitude de peurs.<\/p>\n<p>On acc\u00e8de \u00e0 cela, \u00e9crit le P\u00e8re Grigorie Marcu, \u00ab\u00a0par effort volontaire personnel\u00a0\u00bb certes mais surtout par le fait que \u00ab\u00a0l&rsquo;activit\u00e9 pastorale, gr\u00e2ce aux m\u00e9thodes sp\u00e9cifiques qui lui appartiennent en propre, poss\u00e8de les moyens de d\u00e9clencher les vrais efforts de croissance spirituelle, tant individuelle que collective\u00a0\u00bb et ce parce qu&rsquo;une bonne pastorale finit toujours par s&rsquo;adapter aux circonstances historiques de l&rsquo;existence et du temp.<\/p>\n<p>A quel prix et avec quelles chances ? A nous de les inventer \u00e0 travers toutes les formes de beaut\u00e9, de rencontres, d&rsquo;\u00e9changes et de conversation d&rsquo;homme-\u00e0-homme et surtout sans attendre des r\u00e9sultats spectaculaires, imm\u00e9diats et massifs. Puissions-nous plut\u00f4t devenir les vrais acteurs d&rsquo;un authentique renouveau au sein de nos propres communaut\u00e9s pour pouvoir ensuite nous pr\u00e9senter comme les ap\u00f4tres vrais de la paix, de la compassion et de la gratuit\u00e9. Nous ressemblons un peu \u00e0 ces gens qui parlent en langue et c&rsquo;est pour cela que nos Eglises ont aujourd&rsquo;hui besoin d&rsquo;interpr\u00e8tes capables de proposer une nouvelle traduction de la Parole \u00e9vang\u00e9lique en partant de l&rsquo;homme lui-m\u00eame. Cette grande responsabilit\u00e9 incombe \u00e0 la Th\u00e9ologie.<\/p>\n<p>C&rsquo;est pourquoi pastorale du tourisme et th\u00e9ologie ne font qu&rsquo;un \u00e0 mes yeux .\u2028<b>\u00ab\u00a0Tout est nu &#8230;<\/b>, \u00e9crit le grand po\u00e8te grec Costis Palamas,\u2028<b>le jour d\u00e9ferle de partout&#8230; Rassasiez-vous de lumi\u00e8re&#8230; Ce pays est un vin sans m\u00e9lange !\u00a0\u00bb<\/b>\u2028Est-il donc si utopique d&rsquo;imaginer qu&rsquo;un jour prochain la philosophie des t\u00e9n\u00e8bres se dissipera au-dessus de la mer \u00e9carlate parce que certains, s&rsquo;ils sont chr\u00e9tiens, auront os\u00e9 prendre le risque de s&rsquo;arracher \u00e0 ce monde, quitte \u00e0 le retrouver comme \u00ab\u00a0buisson ardent\u00a0\u00bb, afin de souligner avec vigueur et courage que l&rsquo;Evangile c&rsquo;est avant tout la croix et la r\u00e9surrection et non pas la croisade ?<\/p>\n<p><i>\u00a0<\/i><\/p>\n<p><i>Nice, le 21.11.1998<\/i><i>\u2028<\/i><\/p>\n<p><i>+STEPHANOS, m\u00e9tropolite de Tallinn et de toute l&rsquo;Estonie<\/i><\/p>\n<p>&nbsp;<\/p>\n<p><b>BIBLIOGRAPHIE :<\/b>\u2028<b><br \/>\n<\/b><\/p>\n<p><b>Olivier CLEMENT :<\/b><\/p>\n<p>1.- \u00ab\u00a0ANACHRONIQUES\u00a0\u00bb Descl\u00e9e de Brouwer Paris 1990. pp63-77 et 307-308<br \/>\n2. \u00ab\u00a0LA VERITE VOUS RENDRA LIBRE\u00a0\u00bb JC Latt\u00e8s\/DDB Paris 1996, pp.207-220 ; 279 ; 283-287\u2028<b><br \/>\n<\/b><\/p>\n<p><b>Grigorie MARCU :<\/b> MISSION ET DEVOIRS PASTORAUX in Proc\u00e8s-Verbaux du 2\u00e8me Congr\u00e8s de Th\u00e9ologie Orthodoxe \/ Ath\u00e8nes 1978, pp.318-345\u2028<b><br \/>\n<\/b><\/p>\n<p><b>Hi\u00e9romoine Athanase GIEFTIC : <\/b>L&rsquo;HOMME EN CHRIST PAR-DELA L&rsquo;ORIENT ET L&rsquo;OCCIDENT in Actes du 7\u00e8me Congr\u00e8s Panhell\u00e9nique de Th\u00e9ologie (en grec) Ath\u00e8nes 1990, pp. 208-215.<\/p>\n","protected":false},"excerpt":{"rendered":"<p>Essai pour une pastorale en M\u00e9diterran\u00e9e Aborder donc le th\u00e8me du tourisme dans la perspective chr\u00e9tienne \u00e0 laquelle j&rsquo;adh\u00e8re, c&rsquo;est d&rsquo;abord, c&rsquo;est essentiellement partir de l&rsquo;homme lui-m\u00eame, de la personne irr\u00e9ductible telle que la con\u00e7oit un Nicolas Berdiaev p. ex. ou encore S.S. Jean-Paul Il lorsqu&rsquo;il dit que \u00ab\u00a0l&rsquo;homme est le chemin de Dieu\u00a0\u00bb. C&rsquo;est [&hellip;]<\/p>\n","protected":false},"author":7,"featured_media":0,"comment_status":"closed","ping_status":"open","sticky":false,"template":"","format":"standard","meta":{"_exactmetrics_skip_tracking":false,"_exactmetrics_sitenote_active":false,"_exactmetrics_sitenote_note":"","_exactmetrics_sitenote_category":0,"_monsterinsights_skip_tracking":false,"_monsterinsights_sitenote_active":false,"_monsterinsights_sitenote_note":"","_monsterinsights_sitenote_category":0,"footnotes":""},"categories":[184,163],"tags":[136,130,137,127,131],"class_list":["post-7649","post","type-post","status-publish","format-standard","hentry","category-calendrier-liturgique","category-societe","tag-congres","tag-eglise","tag-foi","tag-metropolite-2","tag-orthodoxie-2"],"yoast_head":"<!-- This site is optimized with the Yoast SEO plugin v27.5 - https:\/\/yoast.com\/product\/yoast-seo-wordpress\/ -->\n<title>ORTHODOXIE et TOURISME &#8211; \u00c9glise Orthodoxe d&#039;Estonie<\/title>\n<meta name=\"robots\" content=\"index, follow, max-snippet:-1, max-image-preview:large, max-video-preview:-1\" \/>\n<link rel=\"canonical\" href=\"https:\/\/www.eoc.ee\/fr\/orthodoxie\/societe\/orthodoxie-et-tourisme\/\" \/>\n<meta property=\"og:locale\" content=\"fr_FR\" \/>\n<meta property=\"og:type\" content=\"article\" \/>\n<meta property=\"og:title\" content=\"ORTHODOXIE et TOURISME &#8211; \u00c9glise Orthodoxe d&#039;Estonie\" \/>\n<meta property=\"og:description\" content=\"Essai pour une pastorale en M\u00e9diterran\u00e9e Aborder donc le th\u00e8me du tourisme dans la perspective chr\u00e9tienne \u00e0 laquelle j&rsquo;adh\u00e8re, c&rsquo;est d&rsquo;abord, c&rsquo;est essentiellement partir de l&rsquo;homme lui-m\u00eame, de la personne irr\u00e9ductible telle que la con\u00e7oit un Nicolas Berdiaev p. ex. ou encore S.S. Jean-Paul Il lorsqu&rsquo;il dit que \u00ab\u00a0l&rsquo;homme est le chemin de Dieu\u00a0\u00bb. C&rsquo;est [&hellip;]\" \/>\n<meta property=\"og:url\" content=\"https:\/\/www.eoc.ee\/fr\/orthodoxie\/societe\/orthodoxie-et-tourisme\/\" \/>\n<meta property=\"og:site_name\" content=\"\u00c9glise Orthodoxe d&#039;Estonie\" \/>\n<meta property=\"article:published_time\" content=\"2015-01-22T13:13:36+00:00\" \/>\n<meta property=\"article:modified_time\" content=\"2015-03-06T10:07:13+00:00\" \/>\n<meta name=\"author\" content=\"Heike H\u00e4rma\" \/>\n<meta name=\"twitter:label1\" content=\"\u00c9crit par\" \/>\n\t<meta name=\"twitter:data1\" content=\"Heike H\u00e4rma\" \/>\n\t<meta name=\"twitter:label2\" content=\"Dur\u00e9e de lecture estim\u00e9e\" \/>\n\t<meta name=\"twitter:data2\" content=\"14 minutes\" \/>\n<script type=\"application\/ld+json\" class=\"yoast-schema-graph\">{\"@context\":\"https:\\\/\\\/schema.org\",\"@graph\":[{\"@type\":\"Article\",\"@id\":\"https:\\\/\\\/www.eoc.ee\\\/fr\\\/orthodoxie\\\/societe\\\/orthodoxie-et-tourisme\\\/#article\",\"isPartOf\":{\"@id\":\"https:\\\/\\\/www.eoc.ee\\\/fr\\\/orthodoxie\\\/societe\\\/orthodoxie-et-tourisme\\\/\"},\"author\":{\"name\":\"Heike H\u00e4rma\",\"@id\":\"https:\\\/\\\/www.eoc.ee\\\/#\\\/schema\\\/person\\\/bfa03b2406703aa1a9256392aaa001b3\"},\"headline\":\"ORTHODOXIE et TOURISME\",\"datePublished\":\"2015-01-22T13:13:36+00:00\",\"dateModified\":\"2015-03-06T10:07:13+00:00\",\"mainEntityOfPage\":{\"@id\":\"https:\\\/\\\/www.eoc.ee\\\/fr\\\/orthodoxie\\\/societe\\\/orthodoxie-et-tourisme\\\/\"},\"wordCount\":2948,\"keywords\":[\"congr\u00e8s\",\"\u00e9glise\",\"foi\",\"m\u00e9tropolite\",\"orthodoxie\"],\"articleSection\":[\"Articles\",\"Soci\u00e9t\u00e9\"],\"inLanguage\":\"fr-FR\"},{\"@type\":\"WebPage\",\"@id\":\"https:\\\/\\\/www.eoc.ee\\\/fr\\\/orthodoxie\\\/societe\\\/orthodoxie-et-tourisme\\\/\",\"url\":\"https:\\\/\\\/www.eoc.ee\\\/fr\\\/orthodoxie\\\/societe\\\/orthodoxie-et-tourisme\\\/\",\"name\":\"ORTHODOXIE et TOURISME &#8211; \u00c9glise Orthodoxe d'Estonie\",\"isPartOf\":{\"@id\":\"https:\\\/\\\/www.eoc.ee\\\/#website\"},\"datePublished\":\"2015-01-22T13:13:36+00:00\",\"dateModified\":\"2015-03-06T10:07:13+00:00\",\"author\":{\"@id\":\"https:\\\/\\\/www.eoc.ee\\\/#\\\/schema\\\/person\\\/bfa03b2406703aa1a9256392aaa001b3\"},\"breadcrumb\":{\"@id\":\"https:\\\/\\\/www.eoc.ee\\\/fr\\\/orthodoxie\\\/societe\\\/orthodoxie-et-tourisme\\\/#breadcrumb\"},\"inLanguage\":\"fr-FR\",\"potentialAction\":[{\"@type\":\"ReadAction\",\"target\":[\"https:\\\/\\\/www.eoc.ee\\\/fr\\\/orthodoxie\\\/societe\\\/orthodoxie-et-tourisme\\\/\"]}]},{\"@type\":\"BreadcrumbList\",\"@id\":\"https:\\\/\\\/www.eoc.ee\\\/fr\\\/orthodoxie\\\/societe\\\/orthodoxie-et-tourisme\\\/#breadcrumb\",\"itemListElement\":[{\"@type\":\"ListItem\",\"position\":1,\"name\":\"Home\",\"item\":\"https:\\\/\\\/www.eoc.ee\\\/\"},{\"@type\":\"ListItem\",\"position\":2,\"name\":\"ORTHODOXIE et TOURISME\"}]},{\"@type\":\"WebSite\",\"@id\":\"https:\\\/\\\/www.eoc.ee\\\/#website\",\"url\":\"https:\\\/\\\/www.eoc.ee\\\/\",\"name\":\"\u00c9glise Orthodoxe d'Estonie\",\"description\":\"Eesti Apostlik-\u00d5igeusu Kirik\",\"potentialAction\":[{\"@type\":\"SearchAction\",\"target\":{\"@type\":\"EntryPoint\",\"urlTemplate\":\"https:\\\/\\\/www.eoc.ee\\\/?s={search_term_string}\"},\"query-input\":{\"@type\":\"PropertyValueSpecification\",\"valueRequired\":true,\"valueName\":\"search_term_string\"}}],\"inLanguage\":\"fr-FR\"},{\"@type\":\"Person\",\"@id\":\"https:\\\/\\\/www.eoc.ee\\\/#\\\/schema\\\/person\\\/bfa03b2406703aa1a9256392aaa001b3\",\"name\":\"Heike H\u00e4rma\",\"image\":{\"@type\":\"ImageObject\",\"inLanguage\":\"fr-FR\",\"@id\":\"https:\\\/\\\/secure.gravatar.com\\\/avatar\\\/8eb3cb357606a6c8ed98d4b92714824fc7d2f06e57b58d2b730a00e0199effb6?s=96&d=mm&r=g\",\"url\":\"https:\\\/\\\/secure.gravatar.com\\\/avatar\\\/8eb3cb357606a6c8ed98d4b92714824fc7d2f06e57b58d2b730a00e0199effb6?s=96&d=mm&r=g\",\"contentUrl\":\"https:\\\/\\\/secure.gravatar.com\\\/avatar\\\/8eb3cb357606a6c8ed98d4b92714824fc7d2f06e57b58d2b730a00e0199effb6?s=96&d=mm&r=g\",\"caption\":\"Heike H\u00e4rma\"},\"url\":\"https:\\\/\\\/www.eoc.ee\\\/fr\\\/author\\\/heike\\\/\"}]}<\/script>\n<!-- \/ Yoast SEO plugin. -->","yoast_head_json":{"title":"ORTHODOXIE et TOURISME &#8211; \u00c9glise Orthodoxe d'Estonie","robots":{"index":"index","follow":"follow","max-snippet":"max-snippet:-1","max-image-preview":"max-image-preview:large","max-video-preview":"max-video-preview:-1"},"canonical":"https:\/\/www.eoc.ee\/fr\/orthodoxie\/societe\/orthodoxie-et-tourisme\/","og_locale":"fr_FR","og_type":"article","og_title":"ORTHODOXIE et TOURISME &#8211; \u00c9glise Orthodoxe d'Estonie","og_description":"Essai pour une pastorale en M\u00e9diterran\u00e9e Aborder donc le th\u00e8me du tourisme dans la perspective chr\u00e9tienne \u00e0 laquelle j&rsquo;adh\u00e8re, c&rsquo;est d&rsquo;abord, c&rsquo;est essentiellement partir de l&rsquo;homme lui-m\u00eame, de la personne irr\u00e9ductible telle que la con\u00e7oit un Nicolas Berdiaev p. ex. ou encore S.S. Jean-Paul Il lorsqu&rsquo;il dit que \u00ab\u00a0l&rsquo;homme est le chemin de Dieu\u00a0\u00bb. C&rsquo;est [&hellip;]","og_url":"https:\/\/www.eoc.ee\/fr\/orthodoxie\/societe\/orthodoxie-et-tourisme\/","og_site_name":"\u00c9glise Orthodoxe d'Estonie","article_published_time":"2015-01-22T13:13:36+00:00","article_modified_time":"2015-03-06T10:07:13+00:00","author":"Heike H\u00e4rma","twitter_misc":{"\u00c9crit par":"Heike H\u00e4rma","Dur\u00e9e de lecture estim\u00e9e":"14 minutes"},"schema":{"@context":"https:\/\/schema.org","@graph":[{"@type":"Article","@id":"https:\/\/www.eoc.ee\/fr\/orthodoxie\/societe\/orthodoxie-et-tourisme\/#article","isPartOf":{"@id":"https:\/\/www.eoc.ee\/fr\/orthodoxie\/societe\/orthodoxie-et-tourisme\/"},"author":{"name":"Heike H\u00e4rma","@id":"https:\/\/www.eoc.ee\/#\/schema\/person\/bfa03b2406703aa1a9256392aaa001b3"},"headline":"ORTHODOXIE et TOURISME","datePublished":"2015-01-22T13:13:36+00:00","dateModified":"2015-03-06T10:07:13+00:00","mainEntityOfPage":{"@id":"https:\/\/www.eoc.ee\/fr\/orthodoxie\/societe\/orthodoxie-et-tourisme\/"},"wordCount":2948,"keywords":["congr\u00e8s","\u00e9glise","foi","m\u00e9tropolite","orthodoxie"],"articleSection":["Articles","Soci\u00e9t\u00e9"],"inLanguage":"fr-FR"},{"@type":"WebPage","@id":"https:\/\/www.eoc.ee\/fr\/orthodoxie\/societe\/orthodoxie-et-tourisme\/","url":"https:\/\/www.eoc.ee\/fr\/orthodoxie\/societe\/orthodoxie-et-tourisme\/","name":"ORTHODOXIE et TOURISME &#8211; \u00c9glise Orthodoxe d'Estonie","isPartOf":{"@id":"https:\/\/www.eoc.ee\/#website"},"datePublished":"2015-01-22T13:13:36+00:00","dateModified":"2015-03-06T10:07:13+00:00","author":{"@id":"https:\/\/www.eoc.ee\/#\/schema\/person\/bfa03b2406703aa1a9256392aaa001b3"},"breadcrumb":{"@id":"https:\/\/www.eoc.ee\/fr\/orthodoxie\/societe\/orthodoxie-et-tourisme\/#breadcrumb"},"inLanguage":"fr-FR","potentialAction":[{"@type":"ReadAction","target":["https:\/\/www.eoc.ee\/fr\/orthodoxie\/societe\/orthodoxie-et-tourisme\/"]}]},{"@type":"BreadcrumbList","@id":"https:\/\/www.eoc.ee\/fr\/orthodoxie\/societe\/orthodoxie-et-tourisme\/#breadcrumb","itemListElement":[{"@type":"ListItem","position":1,"name":"Home","item":"https:\/\/www.eoc.ee\/"},{"@type":"ListItem","position":2,"name":"ORTHODOXIE et TOURISME"}]},{"@type":"WebSite","@id":"https:\/\/www.eoc.ee\/#website","url":"https:\/\/www.eoc.ee\/","name":"\u00c9glise Orthodoxe d'Estonie","description":"Eesti Apostlik-\u00d5igeusu Kirik","potentialAction":[{"@type":"SearchAction","target":{"@type":"EntryPoint","urlTemplate":"https:\/\/www.eoc.ee\/?s={search_term_string}"},"query-input":{"@type":"PropertyValueSpecification","valueRequired":true,"valueName":"search_term_string"}}],"inLanguage":"fr-FR"},{"@type":"Person","@id":"https:\/\/www.eoc.ee\/#\/schema\/person\/bfa03b2406703aa1a9256392aaa001b3","name":"Heike H\u00e4rma","image":{"@type":"ImageObject","inLanguage":"fr-FR","@id":"https:\/\/secure.gravatar.com\/avatar\/8eb3cb357606a6c8ed98d4b92714824fc7d2f06e57b58d2b730a00e0199effb6?s=96&d=mm&r=g","url":"https:\/\/secure.gravatar.com\/avatar\/8eb3cb357606a6c8ed98d4b92714824fc7d2f06e57b58d2b730a00e0199effb6?s=96&d=mm&r=g","contentUrl":"https:\/\/secure.gravatar.com\/avatar\/8eb3cb357606a6c8ed98d4b92714824fc7d2f06e57b58d2b730a00e0199effb6?s=96&d=mm&r=g","caption":"Heike H\u00e4rma"},"url":"https:\/\/www.eoc.ee\/fr\/author\/heike\/"}]}},"_links":{"self":[{"href":"https:\/\/www.eoc.ee\/fr\/wp-json\/wp\/v2\/posts\/7649","targetHints":{"allow":["GET"]}}],"collection":[{"href":"https:\/\/www.eoc.ee\/fr\/wp-json\/wp\/v2\/posts"}],"about":[{"href":"https:\/\/www.eoc.ee\/fr\/wp-json\/wp\/v2\/types\/post"}],"author":[{"embeddable":true,"href":"https:\/\/www.eoc.ee\/fr\/wp-json\/wp\/v2\/users\/7"}],"replies":[{"embeddable":true,"href":"https:\/\/www.eoc.ee\/fr\/wp-json\/wp\/v2\/comments?post=7649"}],"version-history":[{"count":3,"href":"https:\/\/www.eoc.ee\/fr\/wp-json\/wp\/v2\/posts\/7649\/revisions"}],"predecessor-version":[{"id":7651,"href":"https:\/\/www.eoc.ee\/fr\/wp-json\/wp\/v2\/posts\/7649\/revisions\/7651"}],"wp:attachment":[{"href":"https:\/\/www.eoc.ee\/fr\/wp-json\/wp\/v2\/media?parent=7649"}],"wp:term":[{"taxonomy":"category","embeddable":true,"href":"https:\/\/www.eoc.ee\/fr\/wp-json\/wp\/v2\/categories?post=7649"},{"taxonomy":"post_tag","embeddable":true,"href":"https:\/\/www.eoc.ee\/fr\/wp-json\/wp\/v2\/tags?post=7649"}],"curies":[{"name":"wp","href":"https:\/\/api.w.org\/{rel}","templated":true}]}}