{"id":7754,"date":"2015-01-23T10:55:05","date_gmt":"2015-01-23T08:55:05","guid":{"rendered":"http:\/\/www.eoc.ee\/?p=7754"},"modified":"2015-03-06T12:20:10","modified_gmt":"2015-03-06T10:20:10","slug":"le-repentir-chez-les-peres-du-desert","status":"publish","type":"post","link":"https:\/\/www.eoc.ee\/fr\/peres-de-leglise\/le-repentir-chez-les-peres-du-desert\/","title":{"rendered":"LE REPENTIR CHEZ LES P\u00c8RES DU D\u00c9SERT"},"content":{"rendered":"<p>&nbsp;<\/p>\n<p>Abb\u00e9 Cham\u00e9 disait : Mon p\u00e8re abba Anter m\u2019a dit : \u00a0\u00bb Si grands que soient les p\u00e9ch\u00e9s que j\u2019ai commis, si je fais p\u00e9nitence, le Seigneur me pardonnera ; mais si mon fr\u00e8re me demande le pardon et que je ne lui pardonne pas, le Seigneur non plus ne me pardonnera pas. \u00a0\u00bb (Abba 319)<\/p>\n<p>Quand abba Agathon le Grand voyait un fr\u00e8re commettre une faute et que l\u2019envie lui venait de r\u00e9primander le fr\u00e8re, il se reprenait lui-m\u00eame et disait : \u00a0\u00bb Agathon, prends garde de ne pas commettre ce p\u00e9ch\u00e9. \u00a0\u00bb Et apr\u00e8s s\u2019\u00eatre dit cela, il ne r\u00e9primandait pas le fr\u00e8re. (Abba 318)<\/p>\n<p>Un fr\u00e8re qui avait commis un p\u00e9ch\u00e9 fut chass\u00e9 de l\u2019\u00e9glise par le pr\u00eatre. Alors abba Bessarion se leva et sortit avec lui en disant : \u00a0\u00bb Moi aussi, je suis un p\u00e9cheur. \u00a0\u00bb (Abba 326)<\/p>\n<p>Un jour un fr\u00e8re commit une faute \u00e0 Sc\u00e9t\u00e9. Il y eut un conseil et on envoya chercher abba Mo\u00efse. Mais il ne voulait pas venir. Le pr\u00eatre lui envoya donc dire : \u00a0\u00bb Viens, car tout le monde t\u2019attend. \u00a0\u00bb Alors, s\u2019\u00e9tant lev\u00e9, il s\u2019en alla prendre une corbeille perc\u00e9e, la remplit de sable et l\u2019emporta sur son dos. Les autres, sortis \u00e0 sa rencontre, lui dirent : \u00a0\u00bb Qu\u2019est-ce que ceci, P\u00e8re ? \u00a0\u00bb L\u2019ancien leur dit : \u00a0\u00bb Mes p\u00e9ch\u00e9s coulent \u00e0 flot derri\u00e8re moi et je ne les vois pas, et je viens aujourd\u2019hui pour juger des fautes d\u2019autrui. \u00a0\u00bb Ayant entendu cette parole, ils ne dirent rien au fr\u00e8re mais lui pardonn\u00e8rent. (Abba 327)<\/p>\n<p>On disait d\u2019abba Siso\u00e8s que, lorsqu\u2019il fur pr\u00e8s de mourir, les P\u00e8res \u00e9tant assis aupr\u00e8s de lui, son visage brilla comme le soleil. Et il leur dit : \u00a0\u00bb Voici qu\u2019abba Antoine vient. \u00a0\u00bb Et apr\u00e8s un petit moment il dit : \u00a0\u00bb Voici que le c\u0153ur des proph\u00e8tes vient. \u00a0\u00bb Et de nouveau son visage brilla avec plus d\u2019\u00e9clat et il dit : \u00a0\u00bb Voici que le ch\u0153ur des ap\u00f4tres vient. \u00a0\u00bb Et son visage redoubla encore d\u2019\u00e9clat et voici qu\u2019il paraissait parler avec quelques interlocuteurs. Et les anciens lui demand\u00e8rent : \u00a0\u00bb Avec qui parles-tu, P\u00e8re ? \u00a0\u00bb Il dit : \u00a0\u00bb Voici que les anges viennent me prendre, et je supplie qu\u2019on me laisse faire un peu p\u00e9nitence. \u00a0\u00bb Les anciens lui dirent : \u00a0\u00bb Tu n\u2019as pas besoin de faire p\u00e9nitence, P\u00e8re. \u00a0\u00bb Mais il leur dit : \u00a0\u00bb En v\u00e9rit\u00e9, je n\u2019ai pas conscience d\u2019avoir commenc\u00e9. \u00a0\u00bb Et tous reconnurent qu\u2019il \u00e9tait parfait. Et \u00e0 nouveau son visage redevint subitement comme le soleil, et tous furent saisis de crainte. (Abba 375)<\/p>\n<p>Un fr\u00e8re dit \u00e0 abba Poemen : \u00a0\u00bb Si je tombe dans une faute lamentable, ma pens\u00e9e me ronge et me reproche : Pourquoi es-tu tomb\u00e9 ? \u00a0\u00bb L\u2019ancien lui dit : \u00a0\u00bb \u00c0 l\u2019heure m\u00eame o\u00f9 l\u2019homme succombe \u00e0 l\u2019\u00e9garement, s\u2019il dit : J\u2019ai p\u00e9ch\u00e9, aussit\u00f4t c\u2019est fini. \u00a0\u00bb (Abba 201)<\/p>\n<p>Abba Poemen a dit encore : Il y a une voix qui crie \u00e0 l\u2019homme jusqu\u2019\u00e0 son dernier souffle : \u00a0\u00bb Aujourd\u2019hui, convertis-toi. \u00a0\u00bb (Abba 202)<\/p>\n<p>Abba Poemen a dit que le bienheureux abba Antoine disait : Le grand exploit de l\u2019homme, c\u2019est de prendre sur lui sa faute devant le Seigneur et de s\u2019attendre \u00e0 la tentation jusqu\u2019au dernier souffle. (Abba 207)<\/p>\n<p>On demanda \u00e0 un ancien : \u00a0\u00bb Comment l\u2019\u00e2me acquiert-elle l\u2019humilit\u00e9 ? \u00a0\u00bb Il r\u00e9pondit : \u00a0\u00bb En n\u2019\u00e9tant attentive qu\u2019\u00e0 ses propres fautes. \u00a0\u00bb (Abba 209)<\/p>\n<p>Un fr\u00e8re demanda \u00e0 abba Poemen : \u00a0\u00bb Que dois-je faire pour mes p\u00e9ch\u00e9s ? \u00a0\u00bb L\u2019ancien lui dit : \u00a0\u00bb Qui veut racheter ses p\u00e9ch\u00e9s, les rach\u00e8te par les pleurs, et qui veut acqu\u00e9rir les vertus, les acquiert par les pleurs. \u00a0\u00bb (Abba 212)<\/p>\n<p>Un fr\u00e8re demanda \u00e0 abba Poemen : \u00a0\u00bb Si l\u2019homme tombe dans quelque p\u00e9ch\u00e9 et se convertit, obtiendra-t-il le pardon de Dieu ? \u00a0\u00bb L\u2019ancien lui dit : \u00a0\u00bb Assur\u00e9ment Dieu, qui a command\u00e9 aux hommes de pardonner, ne le fera-t-il pas lui-m\u00eame davantage ? Il a command\u00e9 en effet \u00e0 Pierre de pardonner jusqu\u2019\u00e0 soixante-dix-sept fois sept fois \u00a0\u00bb (Abba 215)<\/p>\n<p>On demanda \u00e0 un ancien : \u00a0\u00bb Que faut-il faire pour \u00eatre sauv\u00e9 ? \u00a0\u00bb Il tressait des palmes ; sans lever les yeux de son ouvrage, il r\u00e9pondit : \u00a0\u00bb Ce que tu vois l\u00e0. \u00a0\u00bb (Abba 52)<\/p>\n<p>Un jour abba Dioscore pleurait sur lui-m\u00eame dans sa cellule, tandis que son disciple se tenait dans une autre cellule. Quand celui-ci vint chez l\u2019ancien, il le trouva donc pleurant et il lui dit : \u00a0\u00bb P\u00e8re, pourquoi pleures-tu ? \u00a0\u00bb L\u2019ancien r\u00e9pondit : \u00a0\u00bb Je pleure mes p\u00e9ch\u00e9s. \u00a0\u00bb Alors son disciple lui dit : \u00a0\u00bb Mais, P\u00e8re, tu n\u2019as pas de p\u00e9ch\u00e9s. \u00a0\u00bb Et l\u2019ancien r\u00e9pondit : \u00a0\u00bb Vraiment, mon enfant, si j\u2019obtenais \u00e0 voir mes p\u00e9ch\u00e9s, trois ou quatre autres ne suffiraient pas \u00e0 les pleurer. \u00a0\u00bb (Abba 311)<\/p>\n<p>Abba Antoine a dit : Quiconque n\u2019a pas \u00e9t\u00e9 tent\u00e9 ne pourra entrer dans le royaume des cieux. Il est dit en effet : \u00a0\u00bb Supprime les tentations, et pas un n\u2019est sauv\u00e9. \u00a0\u00bb (Abba 227)<\/p>\n<p>Abba Jacques a dit : De m\u00eame qu\u2019une lampe \u00e9claire une chambre obscure, ainsi la crainte de Dieu, quand elle vient dans un c\u0153ur d\u2019homme, l\u2019\u00e9claire et lui enseigne toutes les vertus et les commandements de Dieu. \u00a0\u00bb (Abba 246)<\/p>\n<p>Abba Poemen a dit : Se jeter en pr\u00e9sence de Dieu, ne pas s\u2019estimer soi-m\u00eame et rejeter derri\u00e8re soi la volont\u00e9 propre, sont les instruments de l\u2019\u00e2me. (Abba 138)<\/p>\n<p>Un fr\u00e8re dit \u00e0 abba Th\u00e9odore : \u00a0\u00bb Dis-moi une sentence, car je suis perdu. \u00a0\u00bb Avec effort l\u2019ancien lui dit : \u00a0\u00bb Je suis moi-m\u00eame en p\u00e9ril, que pourrais-je te dire ? \u00a0\u00bb (Abba 185)<\/p>\n<p>Abba Antoine dit : Je vis tous les filets de l\u2019ennemi d\u00e9ploy\u00e9s sur la terre, et je dis en g\u00e9missant : Qui donc passe outre ces pi\u00e8ges ? Et j\u2019entendis une voix me r\u00e9pondre : l\u2019humilit\u00e9. (Paroles 16,6)<\/p>\n<p>Un fr\u00e8re dit \u00e0 abba Antoine : \u00a0\u00bb Prie pour moi. \u00a0\u00bb Le vieillard lui r\u00e9pondit : \u00a0\u00bb Je ne te prendrai pas en piti\u00e9, ni Dieu non plus, su toi-m\u00eame n\u2019y mets pas du tien et ne supplies pas Dieu. \u00a0\u00bb (Paroles 18,15)<\/p>\n<p>On disait d\u2019abba Macaire l\u2019\u00c9gyptien que, remontant un jour de Sc\u00e9t\u00e9 avec un chargement de paniers, il s\u2019assit accabl\u00e9 de fatigue et se mit \u00e0 prier en ces termes : \u00a0\u00bb Mon Dieu, tu sais bien que je n\u2019en puis plus ! \u00a0\u00bb Aussit\u00f4t il se trouva au fleuve. (Paroles 99, 12)<\/p>\n<p>Abba Mato\u00e8s dit : \u00a0\u00bb Autant l\u2019homme s\u2019approche de Dieu, autant il se voit p\u00e9cheur. En effet, Isa\u00efe le proph\u00e8te, voyant Dieu, se d\u00e9clare mis\u00e9rable et impur. \u00a0\u00bb (Paroles 108, 2)<\/p>\n<p>Sources : Abba &#8211; Dom Lucien Regnault, <i>Abba, dis-moi une parole<\/i>. \u00c9ditions de l\u2019Abbaye de Solesmes, 1984. Paroles &#8211; Jean-Claude Guy, <i>Paroles des anciens : Apophtegmes des p\u00e8res du d\u00e9sert. <\/i>\u00c9ditions du Seuil (Points\/Sagesses, 1), 1976.<\/p>\n<p>&nbsp;<\/p>\n","protected":false},"excerpt":{"rendered":"<p>&nbsp; Abb\u00e9 Cham\u00e9 disait : Mon p\u00e8re abba Anter m\u2019a dit : \u00a0\u00bb Si grands que soient les p\u00e9ch\u00e9s que j\u2019ai commis, si je fais p\u00e9nitence, le Seigneur me pardonnera ; mais si mon fr\u00e8re me demande le pardon et que je ne lui pardonne pas, le Seigneur non plus ne me pardonnera pas. \u00a0\u00bb [&hellip;]<\/p>\n","protected":false},"author":7,"featured_media":0,"comment_status":"closed","ping_status":"open","sticky":false,"template":"","format":"standard","meta":{"_exactmetrics_skip_tracking":false,"_exactmetrics_sitenote_active":false,"_exactmetrics_sitenote_note":"","_exactmetrics_sitenote_category":0,"_monsterinsights_skip_tracking":false,"_monsterinsights_sitenote_active":false,"_monsterinsights_sitenote_note":"","_monsterinsights_sitenote_category":0,"footnotes":""},"categories":[116],"tags":[130,137,138,131,153,142,148,139],"class_list":["post-7754","post","type-post","status-publish","format-standard","hentry","category-peres-de-leglise","tag-eglise","tag-foi","tag-heritage","tag-orthodoxie-2","tag-peres","tag-spiritualite-2","tag-theologie-2","tag-traditions-2"],"yoast_head":"<!-- This site is optimized with the Yoast SEO plugin v27.5 - https:\/\/yoast.com\/product\/yoast-seo-wordpress\/ -->\n<title>LE REPENTIR CHEZ LES P\u00c8RES DU D\u00c9SERT &#8211; \u00c9glise Orthodoxe d&#039;Estonie<\/title>\n<meta name=\"robots\" content=\"index, follow, max-snippet:-1, max-image-preview:large, max-video-preview:-1\" \/>\n<link rel=\"canonical\" href=\"https:\/\/www.eoc.ee\/fr\/orthodoxie\/peres-de-leglise\/le-repentir-chez-les-peres-du-desert\/\" \/>\n<meta property=\"og:locale\" content=\"fr_FR\" \/>\n<meta property=\"og:type\" content=\"article\" \/>\n<meta property=\"og:title\" content=\"LE REPENTIR CHEZ LES P\u00c8RES DU D\u00c9SERT &#8211; \u00c9glise Orthodoxe d&#039;Estonie\" \/>\n<meta property=\"og:description\" content=\"&nbsp; Abb\u00e9 Cham\u00e9 disait : Mon p\u00e8re abba Anter m\u2019a dit : \u00a0\u00bb Si grands que soient les p\u00e9ch\u00e9s que j\u2019ai commis, si je fais p\u00e9nitence, le Seigneur me pardonnera ; mais si mon fr\u00e8re me demande le pardon et que je ne lui pardonne pas, le Seigneur non plus ne me pardonnera pas. \u00a0\u00bb [&hellip;]\" \/>\n<meta property=\"og:url\" content=\"https:\/\/www.eoc.ee\/fr\/orthodoxie\/peres-de-leglise\/le-repentir-chez-les-peres-du-desert\/\" \/>\n<meta property=\"og:site_name\" content=\"\u00c9glise Orthodoxe d&#039;Estonie\" \/>\n<meta property=\"article:published_time\" content=\"2015-01-23T08:55:05+00:00\" \/>\n<meta property=\"article:modified_time\" content=\"2015-03-06T10:20:10+00:00\" \/>\n<meta name=\"author\" content=\"Heike H\u00e4rma\" \/>\n<meta name=\"twitter:label1\" content=\"\u00c9crit par\" \/>\n\t<meta name=\"twitter:data1\" content=\"Heike H\u00e4rma\" \/>\n\t<meta name=\"twitter:label2\" content=\"Dur\u00e9e de lecture estim\u00e9e\" \/>\n\t<meta name=\"twitter:data2\" content=\"6 minutes\" \/>\n<script type=\"application\/ld+json\" class=\"yoast-schema-graph\">{\"@context\":\"https:\\\/\\\/schema.org\",\"@graph\":[{\"@type\":\"Article\",\"@id\":\"https:\\\/\\\/www.eoc.ee\\\/fr\\\/orthodoxie\\\/peres-de-leglise\\\/le-repentir-chez-les-peres-du-desert\\\/#article\",\"isPartOf\":{\"@id\":\"https:\\\/\\\/www.eoc.ee\\\/fr\\\/orthodoxie\\\/peres-de-leglise\\\/le-repentir-chez-les-peres-du-desert\\\/\"},\"author\":{\"name\":\"Heike H\u00e4rma\",\"@id\":\"https:\\\/\\\/www.eoc.ee\\\/#\\\/schema\\\/person\\\/bfa03b2406703aa1a9256392aaa001b3\"},\"headline\":\"LE REPENTIR CHEZ LES P\u00c8RES DU D\u00c9SERT\",\"datePublished\":\"2015-01-23T08:55:05+00:00\",\"dateModified\":\"2015-03-06T10:20:10+00:00\",\"mainEntityOfPage\":{\"@id\":\"https:\\\/\\\/www.eoc.ee\\\/fr\\\/orthodoxie\\\/peres-de-leglise\\\/le-repentir-chez-les-peres-du-desert\\\/\"},\"wordCount\":1160,\"keywords\":[\"\u00e9glise\",\"foi\",\"h\u00e9ritage\",\"orthodoxie\",\"peres\",\"spiritualite\",\"theologie\",\"traditions\"],\"articleSection\":[\"P\u00e8res de l'Eglise\"],\"inLanguage\":\"fr-FR\"},{\"@type\":\"WebPage\",\"@id\":\"https:\\\/\\\/www.eoc.ee\\\/fr\\\/orthodoxie\\\/peres-de-leglise\\\/le-repentir-chez-les-peres-du-desert\\\/\",\"url\":\"https:\\\/\\\/www.eoc.ee\\\/fr\\\/orthodoxie\\\/peres-de-leglise\\\/le-repentir-chez-les-peres-du-desert\\\/\",\"name\":\"LE REPENTIR CHEZ LES P\u00c8RES DU D\u00c9SERT &#8211; \u00c9glise Orthodoxe d'Estonie\",\"isPartOf\":{\"@id\":\"https:\\\/\\\/www.eoc.ee\\\/#website\"},\"datePublished\":\"2015-01-23T08:55:05+00:00\",\"dateModified\":\"2015-03-06T10:20:10+00:00\",\"author\":{\"@id\":\"https:\\\/\\\/www.eoc.ee\\\/#\\\/schema\\\/person\\\/bfa03b2406703aa1a9256392aaa001b3\"},\"breadcrumb\":{\"@id\":\"https:\\\/\\\/www.eoc.ee\\\/fr\\\/orthodoxie\\\/peres-de-leglise\\\/le-repentir-chez-les-peres-du-desert\\\/#breadcrumb\"},\"inLanguage\":\"fr-FR\",\"potentialAction\":[{\"@type\":\"ReadAction\",\"target\":[\"https:\\\/\\\/www.eoc.ee\\\/fr\\\/orthodoxie\\\/peres-de-leglise\\\/le-repentir-chez-les-peres-du-desert\\\/\"]}]},{\"@type\":\"BreadcrumbList\",\"@id\":\"https:\\\/\\\/www.eoc.ee\\\/fr\\\/orthodoxie\\\/peres-de-leglise\\\/le-repentir-chez-les-peres-du-desert\\\/#breadcrumb\",\"itemListElement\":[{\"@type\":\"ListItem\",\"position\":1,\"name\":\"Home\",\"item\":\"https:\\\/\\\/www.eoc.ee\\\/\"},{\"@type\":\"ListItem\",\"position\":2,\"name\":\"LE REPENTIR CHEZ LES P\u00c8RES DU D\u00c9SERT\"}]},{\"@type\":\"WebSite\",\"@id\":\"https:\\\/\\\/www.eoc.ee\\\/#website\",\"url\":\"https:\\\/\\\/www.eoc.ee\\\/\",\"name\":\"\u00c9glise Orthodoxe d'Estonie\",\"description\":\"Eesti Apostlik-\u00d5igeusu Kirik\",\"potentialAction\":[{\"@type\":\"SearchAction\",\"target\":{\"@type\":\"EntryPoint\",\"urlTemplate\":\"https:\\\/\\\/www.eoc.ee\\\/?s={search_term_string}\"},\"query-input\":{\"@type\":\"PropertyValueSpecification\",\"valueRequired\":true,\"valueName\":\"search_term_string\"}}],\"inLanguage\":\"fr-FR\"},{\"@type\":\"Person\",\"@id\":\"https:\\\/\\\/www.eoc.ee\\\/#\\\/schema\\\/person\\\/bfa03b2406703aa1a9256392aaa001b3\",\"name\":\"Heike H\u00e4rma\",\"image\":{\"@type\":\"ImageObject\",\"inLanguage\":\"fr-FR\",\"@id\":\"https:\\\/\\\/secure.gravatar.com\\\/avatar\\\/8eb3cb357606a6c8ed98d4b92714824fc7d2f06e57b58d2b730a00e0199effb6?s=96&d=mm&r=g\",\"url\":\"https:\\\/\\\/secure.gravatar.com\\\/avatar\\\/8eb3cb357606a6c8ed98d4b92714824fc7d2f06e57b58d2b730a00e0199effb6?s=96&d=mm&r=g\",\"contentUrl\":\"https:\\\/\\\/secure.gravatar.com\\\/avatar\\\/8eb3cb357606a6c8ed98d4b92714824fc7d2f06e57b58d2b730a00e0199effb6?s=96&d=mm&r=g\",\"caption\":\"Heike H\u00e4rma\"},\"url\":\"https:\\\/\\\/www.eoc.ee\\\/fr\\\/author\\\/heike\\\/\"}]}<\/script>\n<!-- \/ Yoast SEO plugin. -->","yoast_head_json":{"title":"LE REPENTIR CHEZ LES P\u00c8RES DU D\u00c9SERT &#8211; \u00c9glise Orthodoxe d'Estonie","robots":{"index":"index","follow":"follow","max-snippet":"max-snippet:-1","max-image-preview":"max-image-preview:large","max-video-preview":"max-video-preview:-1"},"canonical":"https:\/\/www.eoc.ee\/fr\/orthodoxie\/peres-de-leglise\/le-repentir-chez-les-peres-du-desert\/","og_locale":"fr_FR","og_type":"article","og_title":"LE REPENTIR CHEZ LES P\u00c8RES DU D\u00c9SERT &#8211; \u00c9glise Orthodoxe d'Estonie","og_description":"&nbsp; Abb\u00e9 Cham\u00e9 disait : Mon p\u00e8re abba Anter m\u2019a dit : \u00a0\u00bb Si grands que soient les p\u00e9ch\u00e9s que j\u2019ai commis, si je fais p\u00e9nitence, le Seigneur me pardonnera ; mais si mon fr\u00e8re me demande le pardon et que je ne lui pardonne pas, le Seigneur non plus ne me pardonnera pas. \u00a0\u00bb [&hellip;]","og_url":"https:\/\/www.eoc.ee\/fr\/orthodoxie\/peres-de-leglise\/le-repentir-chez-les-peres-du-desert\/","og_site_name":"\u00c9glise Orthodoxe d'Estonie","article_published_time":"2015-01-23T08:55:05+00:00","article_modified_time":"2015-03-06T10:20:10+00:00","author":"Heike H\u00e4rma","twitter_misc":{"\u00c9crit par":"Heike H\u00e4rma","Dur\u00e9e de lecture estim\u00e9e":"6 minutes"},"schema":{"@context":"https:\/\/schema.org","@graph":[{"@type":"Article","@id":"https:\/\/www.eoc.ee\/fr\/orthodoxie\/peres-de-leglise\/le-repentir-chez-les-peres-du-desert\/#article","isPartOf":{"@id":"https:\/\/www.eoc.ee\/fr\/orthodoxie\/peres-de-leglise\/le-repentir-chez-les-peres-du-desert\/"},"author":{"name":"Heike H\u00e4rma","@id":"https:\/\/www.eoc.ee\/#\/schema\/person\/bfa03b2406703aa1a9256392aaa001b3"},"headline":"LE REPENTIR CHEZ LES P\u00c8RES DU D\u00c9SERT","datePublished":"2015-01-23T08:55:05+00:00","dateModified":"2015-03-06T10:20:10+00:00","mainEntityOfPage":{"@id":"https:\/\/www.eoc.ee\/fr\/orthodoxie\/peres-de-leglise\/le-repentir-chez-les-peres-du-desert\/"},"wordCount":1160,"keywords":["\u00e9glise","foi","h\u00e9ritage","orthodoxie","peres","spiritualite","theologie","traditions"],"articleSection":["P\u00e8res de l'Eglise"],"inLanguage":"fr-FR"},{"@type":"WebPage","@id":"https:\/\/www.eoc.ee\/fr\/orthodoxie\/peres-de-leglise\/le-repentir-chez-les-peres-du-desert\/","url":"https:\/\/www.eoc.ee\/fr\/orthodoxie\/peres-de-leglise\/le-repentir-chez-les-peres-du-desert\/","name":"LE REPENTIR CHEZ LES P\u00c8RES DU D\u00c9SERT &#8211; \u00c9glise Orthodoxe d'Estonie","isPartOf":{"@id":"https:\/\/www.eoc.ee\/#website"},"datePublished":"2015-01-23T08:55:05+00:00","dateModified":"2015-03-06T10:20:10+00:00","author":{"@id":"https:\/\/www.eoc.ee\/#\/schema\/person\/bfa03b2406703aa1a9256392aaa001b3"},"breadcrumb":{"@id":"https:\/\/www.eoc.ee\/fr\/orthodoxie\/peres-de-leglise\/le-repentir-chez-les-peres-du-desert\/#breadcrumb"},"inLanguage":"fr-FR","potentialAction":[{"@type":"ReadAction","target":["https:\/\/www.eoc.ee\/fr\/orthodoxie\/peres-de-leglise\/le-repentir-chez-les-peres-du-desert\/"]}]},{"@type":"BreadcrumbList","@id":"https:\/\/www.eoc.ee\/fr\/orthodoxie\/peres-de-leglise\/le-repentir-chez-les-peres-du-desert\/#breadcrumb","itemListElement":[{"@type":"ListItem","position":1,"name":"Home","item":"https:\/\/www.eoc.ee\/"},{"@type":"ListItem","position":2,"name":"LE REPENTIR CHEZ LES P\u00c8RES DU D\u00c9SERT"}]},{"@type":"WebSite","@id":"https:\/\/www.eoc.ee\/#website","url":"https:\/\/www.eoc.ee\/","name":"\u00c9glise Orthodoxe d'Estonie","description":"Eesti Apostlik-\u00d5igeusu Kirik","potentialAction":[{"@type":"SearchAction","target":{"@type":"EntryPoint","urlTemplate":"https:\/\/www.eoc.ee\/?s={search_term_string}"},"query-input":{"@type":"PropertyValueSpecification","valueRequired":true,"valueName":"search_term_string"}}],"inLanguage":"fr-FR"},{"@type":"Person","@id":"https:\/\/www.eoc.ee\/#\/schema\/person\/bfa03b2406703aa1a9256392aaa001b3","name":"Heike H\u00e4rma","image":{"@type":"ImageObject","inLanguage":"fr-FR","@id":"https:\/\/secure.gravatar.com\/avatar\/8eb3cb357606a6c8ed98d4b92714824fc7d2f06e57b58d2b730a00e0199effb6?s=96&d=mm&r=g","url":"https:\/\/secure.gravatar.com\/avatar\/8eb3cb357606a6c8ed98d4b92714824fc7d2f06e57b58d2b730a00e0199effb6?s=96&d=mm&r=g","contentUrl":"https:\/\/secure.gravatar.com\/avatar\/8eb3cb357606a6c8ed98d4b92714824fc7d2f06e57b58d2b730a00e0199effb6?s=96&d=mm&r=g","caption":"Heike H\u00e4rma"},"url":"https:\/\/www.eoc.ee\/fr\/author\/heike\/"}]}},"_links":{"self":[{"href":"https:\/\/www.eoc.ee\/fr\/wp-json\/wp\/v2\/posts\/7754","targetHints":{"allow":["GET"]}}],"collection":[{"href":"https:\/\/www.eoc.ee\/fr\/wp-json\/wp\/v2\/posts"}],"about":[{"href":"https:\/\/www.eoc.ee\/fr\/wp-json\/wp\/v2\/types\/post"}],"author":[{"embeddable":true,"href":"https:\/\/www.eoc.ee\/fr\/wp-json\/wp\/v2\/users\/7"}],"replies":[{"embeddable":true,"href":"https:\/\/www.eoc.ee\/fr\/wp-json\/wp\/v2\/comments?post=7754"}],"version-history":[{"count":3,"href":"https:\/\/www.eoc.ee\/fr\/wp-json\/wp\/v2\/posts\/7754\/revisions"}],"predecessor-version":[{"id":7756,"href":"https:\/\/www.eoc.ee\/fr\/wp-json\/wp\/v2\/posts\/7754\/revisions\/7756"}],"wp:attachment":[{"href":"https:\/\/www.eoc.ee\/fr\/wp-json\/wp\/v2\/media?parent=7754"}],"wp:term":[{"taxonomy":"category","embeddable":true,"href":"https:\/\/www.eoc.ee\/fr\/wp-json\/wp\/v2\/categories?post=7754"},{"taxonomy":"post_tag","embeddable":true,"href":"https:\/\/www.eoc.ee\/fr\/wp-json\/wp\/v2\/tags?post=7754"}],"curies":[{"name":"wp","href":"https:\/\/api.w.org\/{rel}","templated":true}]}}