{"id":7762,"date":"2015-01-23T11:01:29","date_gmt":"2015-01-23T09:01:29","guid":{"rendered":"http:\/\/www.eoc.ee\/?p=7762"},"modified":"2015-03-06T12:19:01","modified_gmt":"2015-03-06T10:19:01","slug":"canons-du-2eme-concile-de-constantinople","status":"publish","type":"post","link":"https:\/\/www.eoc.ee\/fr\/orthodoxie\/canons-du-2eme-concile-de-constantinople\/","title":{"rendered":"CANONS DU 2\u00e8me CONCILE DE CONSTANTINOPLE\u2028\u2028"},"content":{"rendered":"<p>Les 7 canons du concile r\u00e9uni \u00e0 Constantinople \u00e0 la 9\u00e8me indiction, sous le consulat d&rsquo;Euch\u00e8re et d&rsquo;Evagre, le 6\u00e8me jour des calendes d&rsquo;ao\u00fbt, en l&rsquo;an 429 de l&rsquo;\u00e8re d&rsquo;Antioche.<\/p>\n<p><b>1. Que les d\u00e9cisions prises \u00e0 Nic\u00e9e demeureront inalt\u00e9rables et de l&rsquo;anath\u00e8me des h\u00e9r\u00e9tiques. <\/b><\/p>\n<p>La profession de foi des 318 p\u00e8res r\u00e9unis \u00e0 Nic\u00e9e en Bithynie, ne doit pas \u00eatre alt\u00e9r\u00e9e, mais au contraire conserver toute son autorit\u00e9, et l&rsquo;on doit anath\u00e9matiser toute h\u00e9r\u00e9sie, en particulier celle des eunomiens ou anom\u00e9ens, celle des ariens ou eudoxiens, celle des semi-ariens ou pneumatistes, celle des sabelliens, celle des marcelliens, celle des photiniens et celle des apollinaristes.<\/p>\n<p><b>2. Du bon ordre \u00e0 garder dans chaque province et de la primaut\u00e9 qui revient aux grands si\u00e8ges d&rsquo;Alexandrie, d&rsquo;Antioche et de Constantinople, et de ce qu&rsquo;un \u00e9v\u00eaque ne doit pas intervenir dans un \u00e9v\u00each\u00e9 autre que le sien.<\/b><\/p>\n<p>Les \u00e9v\u00eaques qui sont \u00e0 la t\u00eate d&rsquo;un dioc\u00e8se ne doivent pas s&rsquo;immiscer dans les affaires des Eglises qui sont hors de leurs limites, ni jeter par-l\u00e0 le trouble dans les Eglises. Mais, conform\u00e9ment aux canons, l&rsquo;\u00e9v\u00eaque d&rsquo;Alexandrie administrera uniquement les affaires de l&rsquo;Egypte, les \u00e9v\u00eaques d&rsquo;Orient gouverneront les Eglises du seul Orient, tout en gardant la pr\u00e9s\u00e9ance reconnue par les canons \u00e0 l&rsquo;Eglise d&rsquo;Antioche, et les \u00e9v\u00eaques du dioc\u00e8se d&rsquo;Asie administreront les affaires de l&rsquo;Asie seule, et ceux du Pont uniquement les affaires du Pont et ceux de la Thrace, les affaires de la Thrace seule. A moins d&rsquo;\u00eatre appel\u00e9s, les \u00e9v\u00eaques ne doivent jamais intervenir hors de leurs dioc\u00e8ses pour des \u00e9lections d&rsquo;\u00e9v\u00eaques ou quelque autre acte eccl\u00e9siastique. Tout en observant au sujet des dioc\u00e8ses la r\u00e8gle prescrite ci-dessus, il est \u00e9vident que, conform\u00e9ment aux ordonnances de Nic\u00e9e, le synode provincial d\u00e9cidera des affaires de toute la province. Quant aux Eglises de Dieu qui sont parmi les nations barbares, elles doivent \u00eatre gouvern\u00e9es selon la coutume \u00e9tablie du temps de nos p\u00e8res.<\/p>\n<p><b>\u20283. Que l&rsquo;\u00e9v\u00eaque de Constantinople est le second apr\u00e8s celui de Rome. <\/b><\/p>\n<p>Cependant l&rsquo;\u00e9v\u00eaque de Constantinople aura la pr\u00e9s\u00e9ance d&rsquo;honneur apr\u00e8s l&rsquo;\u00e9v\u00eaque de Rome, puisque cette ville est la nouvelle Rome.<\/p>\n<p><b>4. De l&rsquo;ordination illicite de Maxime. <\/b><\/p>\n<p>Au sujet de Maxime le cynique et des d\u00e9sordres qui se sont produits \u00e0 cause de lui \u00e0 Constantinople, (nous d\u00e9clarons) que Maxime n&rsquo;a jamais \u00e9t\u00e9 \u00e9v\u00eaque, et qu&rsquo;il ne l&rsquo;est pas m\u00eame aujourd&rsquo;hui, ni ceux qui ont \u00e9t\u00e9 ordonn\u00e9s par lui, pour quelque degr\u00e9 de la cl\u00e9ricature que ce soit, car tout ce qui s&rsquo;est fait \u00e0 son sujet, et tout ce qu&rsquo;il a fait lui-m\u00eame est sans valeur.<\/p>\n<p><b>5. Que le tome de foi des occidentaux est recevable. <\/b><\/p>\n<p>Nous r\u00e9f\u00e9rant au tome des occidentaux, nous avons aussi re\u00e7u ceux d&rsquo;Antioche qui professent l&rsquo;\u00e9gale divinit\u00e9 du P\u00e8re, du Fils et du saint Esprit.<\/p>\n<p><b>6. De ceux que l&rsquo;on doit admettre \u00e0 l&rsquo;accusation contre des \u00e9v\u00eaques et des pr\u00eatres. <\/b><\/p>\n<p>Comme dans le but de troubler l&rsquo;ordre de l&rsquo;Eglise, plusieurs imaginent, par un esprit de haine et de calomnie, des accusations contre les \u00e9v\u00eaques orthodoxes, charg\u00e9s du gouvernement de l&rsquo;Eglise, ne se proposant par-l\u00e0, que de porter atteinte \u00e0 l&rsquo;honneur du sacerdoce et d&rsquo;agiter le peuple naturellement amoureux de la paix, le saint concile des \u00e9v\u00eaques r\u00e9unis \u00e0 Constantinople a d\u00e9cid\u00e9 qu&rsquo;\u00e0 l&rsquo;avenir on ne recevra pas les accusateurs sans enqu\u00eate pr\u00e9alable ; et l&rsquo;on ne permettra pas \u00e0 tous sans distinction de se porter comme accusateurs contre ceux qui gouvernent les Eglises, sans cependant l&rsquo;interdire \u00e0 tous d&rsquo;une mani\u00e8re absolue et sans distinction; mais, lorsque quelqu&rsquo;un portera contre l&rsquo;\u00e9v\u00eaque une accusation personnelle, c. \u00e0. d. priv\u00e9e, soit qu&rsquo;il ait subi un dommage de la part de celui-ci, soit qu&rsquo;il ait \u00e9t\u00e9 trait\u00e9 injustement d&rsquo;une mani\u00e8re quelconque, on ne doit pas dans les accusations de cette sorte prendre en consid\u00e9ration la personne ou la religion du plaignant, car la conscience de l&rsquo;\u00e9v\u00eaque doit \u00eatre lib\u00e9r\u00e9e de l&rsquo;accusation, et celui qui croit avoir subi un dommage doit obtenir justice, quelle que soit la r\u00e9gion \u00e0 laquelle il appartient. Mais si la plainte port\u00e9e a trait \u00e0 des choses de l&rsquo;Eglise, il faut alors examiner ce que sont les accusateurs ; car il faut \u00e9viter avant tout que des h\u00e9r\u00e9tiques ne portent contre des \u00e9v\u00eaques orthodoxes des accusations qui concernent les affaires de l&rsquo;Eglise ; (nous regardons comme h\u00e9r\u00e9tiques ceux qui sont d\u00e9j\u00e0 depuis longtemps exclus de l&rsquo;Eglise et qui ensuite ont \u00e9t\u00e9 anath\u00e9matis\u00e9s par nous ; de m\u00eame, ceux qui professent la foi orthodoxe, mais qui se s\u00e9parant des \u00e9v\u00eaques en communion avec nous, tiennent des conventicules). En outre, des membres de l&rsquo;Eglise, d\u00e9j\u00e0 condamn\u00e9s pour certains motifs ou exclus ou excommuni\u00e9s, fussent-ils clercs ou la\u00efcs, doivent avant de porter une plainte contre un \u00e9v\u00eaque, se laver eux-m\u00eames de leurs propres inculpations. De m\u00eame ceux qui sont sous le coup d&rsquo;une accusation, ne peuvent \u00e0 leur tour se porter accusateurs contre l&rsquo;\u00e9v\u00eaque ou contre d&rsquo;autres clercs avant d&rsquo;avoir d\u00e9montr\u00e9 leur innocence au sujet des imputations port\u00e9es contre eux. Mais si des personnes qui ne sont ni h\u00e9r\u00e9tiques, ni excommuni\u00e9es, qui n&rsquo;ont pas subi de condamnation et qui ne sont pas sous le coup d&rsquo;une accusation, croient avoir \u00e0 se plaindre de l&rsquo;\u00e9v\u00eaque dans les choses de l&rsquo;Eglise, le saint concile leur ordonne de soumettre ces plaintes au jugement des \u00e9v\u00eaques r\u00e9unis de la province et de prouver par-devant eux les accusations port\u00e9es contre l&rsquo;\u00e9v\u00eaque incrimin\u00e9; et si les \u00e9v\u00eaques de la province sont dans l&rsquo;impossibilit\u00e9 de porter rem\u00e8de aux torts dont l&rsquo;\u00e9v\u00eaque est accus\u00e9, alors les accusateurs s&rsquo;adresseront au concile plus consid\u00e9rable des \u00e9v\u00eaques de ce dioc\u00e8se, qui se r\u00e9unira pour juger cette affaire-l\u00e0 mais ne pourront porter leur plainte \u00e0 ce dernier, avant d&rsquo;avoir promis par \u00e9crit d&rsquo;accepter pour eux la peine qui reviendrait \u00e0 l&rsquo;accus\u00e9 convaincu de culpabilit\u00e9, s&rsquo;il \u00e9tait prouv\u00e9 par l&rsquo;examen de l&rsquo;affaire que leurs accusations contre l&rsquo;\u00e9v\u00eaque fussent des calomnies, Mais si quelqu&rsquo;un ne tenant pas compte des pr\u00e9sentes prescriptions, ose fatiguer les oreilles de l&#8217;empereur ou bien agiter les salles d&rsquo;audience de l&rsquo;autorit\u00e9 civile ou bien le concile oecum\u00e9nique, t\u00e9moignant par-l\u00e0 du m\u00e9pris pour les \u00e9v\u00eaques du dioc\u00e8se, on ne doit pas lui permettre de se porter accusateur, parce qu&rsquo;il ne tient pas compte des canons et qu&rsquo;il trouble l&rsquo;ordre de l&rsquo;Eglise.<\/p>\n<p><b>7. De ceux qui reviennent \u00e0 la vraie foi, comment les recevoir. <\/b><\/p>\n<p>Ceux qui passent de l&rsquo;h\u00e9r\u00e9sie \u00e0 l&rsquo;Orthodoxie et \u00e0 l&rsquo;h\u00e9ritage des \u00e9lus, doivent \u00eatre re\u00e7us de la mani\u00e8re suivante. Les ariens et les mac\u00e9doniens, les sabbaziens et les novatiens qui se qualifient de pures, et les aristeroi, de m\u00eame que les t\u00e9tradites et les apollinaristes, ne doivent \u00eatre admis qu&rsquo;apr\u00e8s avoir anath\u00e9matis\u00e9 par \u00e9crit toutes les h\u00e9r\u00e9sies qui ne s&rsquo;accordent pas avec la sainte, catholique et apostolique Eglise de Dieu, et aussi apr\u00e8s avoir \u00e9t\u00e9 marqu\u00e9s ou oints du saint chr\u00eame en forme de croix au front, aux yeux, au nez, \u00e0 la bouche et aux oreilles; et en les marquant du signe de la croix nous disons : Sceau du don du saint-Esprit. Quant aux eunomiens qui ne baptisent qu&rsquo;avec une seule immersion, et aux montanistes que l&rsquo;on appelle ici phrygiens, et aux sabelliens qui enseignent la doctrine du Fils-\u00e9gale-P\u00e8re et commettent d&rsquo;autres choses abominables, et enfin, pour les autres h\u00e9r\u00e9tiques, (et il en existe ici un grand nombre, surtout ceux qui viennent de la Galatie), s&rsquo;ils veulent passer \u00e0 l&rsquo;orthodoxie, nous ne les recevons que comme des pa\u00efens : le premier jour nous les marquons du signe du chr\u00e9tien, le second jour nous en faisons des cat\u00e9chum\u00e8nes, le troisi\u00e8me jour nous les exorcisons en leur soufflant trois fois sur le visage et sur les oreilles, et nous les instruisons alors et les laissons venir \u00e0 l&rsquo;Eglise pendant un an \u00e0 entendre les saintes \u00e9critures, apr\u00e8s cela nous les baptisons.<\/p>\n","protected":false},"excerpt":{"rendered":"<p>Les 7 canons du concile r\u00e9uni \u00e0 Constantinople \u00e0 la 9\u00e8me indiction, sous le consulat d&rsquo;Euch\u00e8re et d&rsquo;Evagre, le 6\u00e8me jour des calendes d&rsquo;ao\u00fbt, en l&rsquo;an 429 de l&rsquo;\u00e8re d&rsquo;Antioche. 1. Que les d\u00e9cisions prises \u00e0 Nic\u00e9e demeureront inalt\u00e9rables et de l&rsquo;anath\u00e8me des h\u00e9r\u00e9tiques. La profession de foi des 318 p\u00e8res r\u00e9unis \u00e0 Nic\u00e9e en [&hellip;]<\/p>\n","protected":false},"author":7,"featured_media":0,"comment_status":"closed","ping_status":"open","sticky":false,"template":"","format":"standard","meta":{"_exactmetrics_skip_tracking":false,"_exactmetrics_sitenote_active":false,"_exactmetrics_sitenote_note":"","_exactmetrics_sitenote_category":0,"_monsterinsights_skip_tracking":false,"_monsterinsights_sitenote_active":false,"_monsterinsights_sitenote_note":"","_monsterinsights_sitenote_category":0,"footnotes":""},"categories":[170,124],"tags":[154,130,131,153,148,139],"class_list":["post-7762","post","type-post","status-publish","format-standard","hentry","category-droit-canon-2","category-orthodoxie","tag-canon","tag-eglise","tag-orthodoxie-2","tag-peres","tag-theologie-2","tag-traditions-2"],"yoast_head":"<!-- This site is optimized with the Yoast SEO plugin v27.4 - https:\/\/yoast.com\/product\/yoast-seo-wordpress\/ -->\n<title>CANONS DU 2\u00e8me CONCILE DE CONSTANTINOPLE\u2028\u2028 &#8211; \u00c9glise Orthodoxe d&#039;Estonie<\/title>\n<meta name=\"robots\" content=\"index, follow, max-snippet:-1, max-image-preview:large, max-video-preview:-1\" \/>\n<link rel=\"canonical\" href=\"https:\/\/www.eoc.ee\/fr\/orthodoxie\/canons-du-2eme-concile-de-constantinople\/\" \/>\n<meta property=\"og:locale\" content=\"fr_FR\" \/>\n<meta property=\"og:type\" content=\"article\" \/>\n<meta property=\"og:title\" content=\"CANONS DU 2\u00e8me CONCILE DE CONSTANTINOPLE\u2028\u2028 &#8211; \u00c9glise Orthodoxe d&#039;Estonie\" \/>\n<meta property=\"og:description\" content=\"Les 7 canons du concile r\u00e9uni \u00e0 Constantinople \u00e0 la 9\u00e8me indiction, sous le consulat d&rsquo;Euch\u00e8re et d&rsquo;Evagre, le 6\u00e8me jour des calendes d&rsquo;ao\u00fbt, en l&rsquo;an 429 de l&rsquo;\u00e8re d&rsquo;Antioche. 1. Que les d\u00e9cisions prises \u00e0 Nic\u00e9e demeureront inalt\u00e9rables et de l&rsquo;anath\u00e8me des h\u00e9r\u00e9tiques. La profession de foi des 318 p\u00e8res r\u00e9unis \u00e0 Nic\u00e9e en [&hellip;]\" \/>\n<meta property=\"og:url\" content=\"https:\/\/www.eoc.ee\/fr\/orthodoxie\/canons-du-2eme-concile-de-constantinople\/\" \/>\n<meta property=\"og:site_name\" content=\"\u00c9glise Orthodoxe d&#039;Estonie\" \/>\n<meta property=\"article:published_time\" content=\"2015-01-23T09:01:29+00:00\" \/>\n<meta property=\"article:modified_time\" content=\"2015-03-06T10:19:01+00:00\" \/>\n<meta name=\"author\" content=\"Heike H\u00e4rma\" \/>\n<meta name=\"twitter:label1\" content=\"\u00c9crit par\" \/>\n\t<meta name=\"twitter:data1\" content=\"Heike H\u00e4rma\" \/>\n\t<meta name=\"twitter:label2\" content=\"Dur\u00e9e de lecture estim\u00e9e\" \/>\n\t<meta name=\"twitter:data2\" content=\"7 minutes\" \/>\n<script type=\"application\/ld+json\" class=\"yoast-schema-graph\">{\"@context\":\"https:\\\/\\\/schema.org\",\"@graph\":[{\"@type\":\"Article\",\"@id\":\"https:\\\/\\\/www.eoc.ee\\\/fr\\\/orthodoxie\\\/canons-du-2eme-concile-de-constantinople\\\/#article\",\"isPartOf\":{\"@id\":\"https:\\\/\\\/www.eoc.ee\\\/fr\\\/orthodoxie\\\/canons-du-2eme-concile-de-constantinople\\\/\"},\"author\":{\"name\":\"Heike H\u00e4rma\",\"@id\":\"https:\\\/\\\/www.eoc.ee\\\/#\\\/schema\\\/person\\\/bfa03b2406703aa1a9256392aaa001b3\"},\"headline\":\"CANONS DU 2\u00e8me CONCILE DE CONSTANTINOPLE\\u2028\\u2028\",\"datePublished\":\"2015-01-23T09:01:29+00:00\",\"dateModified\":\"2015-03-06T10:19:01+00:00\",\"mainEntityOfPage\":{\"@id\":\"https:\\\/\\\/www.eoc.ee\\\/fr\\\/orthodoxie\\\/canons-du-2eme-concile-de-constantinople\\\/\"},\"wordCount\":1488,\"keywords\":[\"canon\",\"\u00e9glise\",\"orthodoxie\",\"peres\",\"theologie\",\"traditions\"],\"articleSection\":[\"Droit Canon\",\"Orthodoxie\"],\"inLanguage\":\"fr-FR\"},{\"@type\":\"WebPage\",\"@id\":\"https:\\\/\\\/www.eoc.ee\\\/fr\\\/orthodoxie\\\/canons-du-2eme-concile-de-constantinople\\\/\",\"url\":\"https:\\\/\\\/www.eoc.ee\\\/fr\\\/orthodoxie\\\/canons-du-2eme-concile-de-constantinople\\\/\",\"name\":\"CANONS DU 2\u00e8me CONCILE DE CONSTANTINOPLE\\u2028\\u2028 &#8211; \u00c9glise Orthodoxe d'Estonie\",\"isPartOf\":{\"@id\":\"https:\\\/\\\/www.eoc.ee\\\/#website\"},\"datePublished\":\"2015-01-23T09:01:29+00:00\",\"dateModified\":\"2015-03-06T10:19:01+00:00\",\"author\":{\"@id\":\"https:\\\/\\\/www.eoc.ee\\\/#\\\/schema\\\/person\\\/bfa03b2406703aa1a9256392aaa001b3\"},\"breadcrumb\":{\"@id\":\"https:\\\/\\\/www.eoc.ee\\\/fr\\\/orthodoxie\\\/canons-du-2eme-concile-de-constantinople\\\/#breadcrumb\"},\"inLanguage\":\"fr-FR\",\"potentialAction\":[{\"@type\":\"ReadAction\",\"target\":[\"https:\\\/\\\/www.eoc.ee\\\/fr\\\/orthodoxie\\\/canons-du-2eme-concile-de-constantinople\\\/\"]}]},{\"@type\":\"BreadcrumbList\",\"@id\":\"https:\\\/\\\/www.eoc.ee\\\/fr\\\/orthodoxie\\\/canons-du-2eme-concile-de-constantinople\\\/#breadcrumb\",\"itemListElement\":[{\"@type\":\"ListItem\",\"position\":1,\"name\":\"Home\",\"item\":\"https:\\\/\\\/www.eoc.ee\\\/\"},{\"@type\":\"ListItem\",\"position\":2,\"name\":\"CANONS DU 2\u00e8me CONCILE DE CONSTANTINOPLE\\u2028\\u2028\"}]},{\"@type\":\"WebSite\",\"@id\":\"https:\\\/\\\/www.eoc.ee\\\/#website\",\"url\":\"https:\\\/\\\/www.eoc.ee\\\/\",\"name\":\"\u00c9glise Orthodoxe d'Estonie\",\"description\":\"Eesti Apostlik-\u00d5igeusu Kirik\",\"potentialAction\":[{\"@type\":\"SearchAction\",\"target\":{\"@type\":\"EntryPoint\",\"urlTemplate\":\"https:\\\/\\\/www.eoc.ee\\\/?s={search_term_string}\"},\"query-input\":{\"@type\":\"PropertyValueSpecification\",\"valueRequired\":true,\"valueName\":\"search_term_string\"}}],\"inLanguage\":\"fr-FR\"},{\"@type\":\"Person\",\"@id\":\"https:\\\/\\\/www.eoc.ee\\\/#\\\/schema\\\/person\\\/bfa03b2406703aa1a9256392aaa001b3\",\"name\":\"Heike H\u00e4rma\",\"image\":{\"@type\":\"ImageObject\",\"inLanguage\":\"fr-FR\",\"@id\":\"https:\\\/\\\/secure.gravatar.com\\\/avatar\\\/8eb3cb357606a6c8ed98d4b92714824fc7d2f06e57b58d2b730a00e0199effb6?s=96&d=mm&r=g\",\"url\":\"https:\\\/\\\/secure.gravatar.com\\\/avatar\\\/8eb3cb357606a6c8ed98d4b92714824fc7d2f06e57b58d2b730a00e0199effb6?s=96&d=mm&r=g\",\"contentUrl\":\"https:\\\/\\\/secure.gravatar.com\\\/avatar\\\/8eb3cb357606a6c8ed98d4b92714824fc7d2f06e57b58d2b730a00e0199effb6?s=96&d=mm&r=g\",\"caption\":\"Heike H\u00e4rma\"},\"url\":\"https:\\\/\\\/www.eoc.ee\\\/fr\\\/author\\\/heike\\\/\"}]}<\/script>\n<!-- \/ Yoast SEO plugin. -->","yoast_head_json":{"title":"CANONS DU 2\u00e8me CONCILE DE CONSTANTINOPLE\u2028\u2028 &#8211; \u00c9glise Orthodoxe d'Estonie","robots":{"index":"index","follow":"follow","max-snippet":"max-snippet:-1","max-image-preview":"max-image-preview:large","max-video-preview":"max-video-preview:-1"},"canonical":"https:\/\/www.eoc.ee\/fr\/orthodoxie\/canons-du-2eme-concile-de-constantinople\/","og_locale":"fr_FR","og_type":"article","og_title":"CANONS DU 2\u00e8me CONCILE DE CONSTANTINOPLE\u2028\u2028 &#8211; \u00c9glise Orthodoxe d'Estonie","og_description":"Les 7 canons du concile r\u00e9uni \u00e0 Constantinople \u00e0 la 9\u00e8me indiction, sous le consulat d&rsquo;Euch\u00e8re et d&rsquo;Evagre, le 6\u00e8me jour des calendes d&rsquo;ao\u00fbt, en l&rsquo;an 429 de l&rsquo;\u00e8re d&rsquo;Antioche. 1. Que les d\u00e9cisions prises \u00e0 Nic\u00e9e demeureront inalt\u00e9rables et de l&rsquo;anath\u00e8me des h\u00e9r\u00e9tiques. La profession de foi des 318 p\u00e8res r\u00e9unis \u00e0 Nic\u00e9e en [&hellip;]","og_url":"https:\/\/www.eoc.ee\/fr\/orthodoxie\/canons-du-2eme-concile-de-constantinople\/","og_site_name":"\u00c9glise Orthodoxe d'Estonie","article_published_time":"2015-01-23T09:01:29+00:00","article_modified_time":"2015-03-06T10:19:01+00:00","author":"Heike H\u00e4rma","twitter_misc":{"\u00c9crit par":"Heike H\u00e4rma","Dur\u00e9e de lecture estim\u00e9e":"7 minutes"},"schema":{"@context":"https:\/\/schema.org","@graph":[{"@type":"Article","@id":"https:\/\/www.eoc.ee\/fr\/orthodoxie\/canons-du-2eme-concile-de-constantinople\/#article","isPartOf":{"@id":"https:\/\/www.eoc.ee\/fr\/orthodoxie\/canons-du-2eme-concile-de-constantinople\/"},"author":{"name":"Heike H\u00e4rma","@id":"https:\/\/www.eoc.ee\/#\/schema\/person\/bfa03b2406703aa1a9256392aaa001b3"},"headline":"CANONS DU 2\u00e8me CONCILE DE CONSTANTINOPLE\u2028\u2028","datePublished":"2015-01-23T09:01:29+00:00","dateModified":"2015-03-06T10:19:01+00:00","mainEntityOfPage":{"@id":"https:\/\/www.eoc.ee\/fr\/orthodoxie\/canons-du-2eme-concile-de-constantinople\/"},"wordCount":1488,"keywords":["canon","\u00e9glise","orthodoxie","peres","theologie","traditions"],"articleSection":["Droit Canon","Orthodoxie"],"inLanguage":"fr-FR"},{"@type":"WebPage","@id":"https:\/\/www.eoc.ee\/fr\/orthodoxie\/canons-du-2eme-concile-de-constantinople\/","url":"https:\/\/www.eoc.ee\/fr\/orthodoxie\/canons-du-2eme-concile-de-constantinople\/","name":"CANONS DU 2\u00e8me CONCILE DE CONSTANTINOPLE\u2028\u2028 &#8211; \u00c9glise Orthodoxe d'Estonie","isPartOf":{"@id":"https:\/\/www.eoc.ee\/#website"},"datePublished":"2015-01-23T09:01:29+00:00","dateModified":"2015-03-06T10:19:01+00:00","author":{"@id":"https:\/\/www.eoc.ee\/#\/schema\/person\/bfa03b2406703aa1a9256392aaa001b3"},"breadcrumb":{"@id":"https:\/\/www.eoc.ee\/fr\/orthodoxie\/canons-du-2eme-concile-de-constantinople\/#breadcrumb"},"inLanguage":"fr-FR","potentialAction":[{"@type":"ReadAction","target":["https:\/\/www.eoc.ee\/fr\/orthodoxie\/canons-du-2eme-concile-de-constantinople\/"]}]},{"@type":"BreadcrumbList","@id":"https:\/\/www.eoc.ee\/fr\/orthodoxie\/canons-du-2eme-concile-de-constantinople\/#breadcrumb","itemListElement":[{"@type":"ListItem","position":1,"name":"Home","item":"https:\/\/www.eoc.ee\/"},{"@type":"ListItem","position":2,"name":"CANONS DU 2\u00e8me CONCILE DE CONSTANTINOPLE\u2028\u2028"}]},{"@type":"WebSite","@id":"https:\/\/www.eoc.ee\/#website","url":"https:\/\/www.eoc.ee\/","name":"\u00c9glise Orthodoxe d'Estonie","description":"Eesti Apostlik-\u00d5igeusu Kirik","potentialAction":[{"@type":"SearchAction","target":{"@type":"EntryPoint","urlTemplate":"https:\/\/www.eoc.ee\/?s={search_term_string}"},"query-input":{"@type":"PropertyValueSpecification","valueRequired":true,"valueName":"search_term_string"}}],"inLanguage":"fr-FR"},{"@type":"Person","@id":"https:\/\/www.eoc.ee\/#\/schema\/person\/bfa03b2406703aa1a9256392aaa001b3","name":"Heike H\u00e4rma","image":{"@type":"ImageObject","inLanguage":"fr-FR","@id":"https:\/\/secure.gravatar.com\/avatar\/8eb3cb357606a6c8ed98d4b92714824fc7d2f06e57b58d2b730a00e0199effb6?s=96&d=mm&r=g","url":"https:\/\/secure.gravatar.com\/avatar\/8eb3cb357606a6c8ed98d4b92714824fc7d2f06e57b58d2b730a00e0199effb6?s=96&d=mm&r=g","contentUrl":"https:\/\/secure.gravatar.com\/avatar\/8eb3cb357606a6c8ed98d4b92714824fc7d2f06e57b58d2b730a00e0199effb6?s=96&d=mm&r=g","caption":"Heike H\u00e4rma"},"url":"https:\/\/www.eoc.ee\/fr\/author\/heike\/"}]}},"_links":{"self":[{"href":"https:\/\/www.eoc.ee\/fr\/wp-json\/wp\/v2\/posts\/7762","targetHints":{"allow":["GET"]}}],"collection":[{"href":"https:\/\/www.eoc.ee\/fr\/wp-json\/wp\/v2\/posts"}],"about":[{"href":"https:\/\/www.eoc.ee\/fr\/wp-json\/wp\/v2\/types\/post"}],"author":[{"embeddable":true,"href":"https:\/\/www.eoc.ee\/fr\/wp-json\/wp\/v2\/users\/7"}],"replies":[{"embeddable":true,"href":"https:\/\/www.eoc.ee\/fr\/wp-json\/wp\/v2\/comments?post=7762"}],"version-history":[{"count":3,"href":"https:\/\/www.eoc.ee\/fr\/wp-json\/wp\/v2\/posts\/7762\/revisions"}],"predecessor-version":[{"id":9482,"href":"https:\/\/www.eoc.ee\/fr\/wp-json\/wp\/v2\/posts\/7762\/revisions\/9482"}],"wp:attachment":[{"href":"https:\/\/www.eoc.ee\/fr\/wp-json\/wp\/v2\/media?parent=7762"}],"wp:term":[{"taxonomy":"category","embeddable":true,"href":"https:\/\/www.eoc.ee\/fr\/wp-json\/wp\/v2\/categories?post=7762"},{"taxonomy":"post_tag","embeddable":true,"href":"https:\/\/www.eoc.ee\/fr\/wp-json\/wp\/v2\/tags?post=7762"}],"curies":[{"name":"wp","href":"https:\/\/api.w.org\/{rel}","templated":true}]}}