{"id":7809,"date":"2015-01-23T12:37:54","date_gmt":"2015-01-23T10:37:54","guid":{"rendered":"http:\/\/www.eoc.ee\/?p=7809"},"modified":"2015-01-23T12:37:54","modified_gmt":"2015-01-23T10:37:54","slug":"notre-paroisse","status":"publish","type":"post","link":"https:\/\/www.eoc.ee\/fr\/orthodoxie\/catechese\/notre-paroisse\/","title":{"rendered":"NOTRE PAROISSE"},"content":{"rendered":"<p>La paroisse est l&rsquo;institution la plus ancienne de l&rsquo;Eglise. Elle a \u00e9t\u00e9 \u00e9prouv\u00e9e et elle a r\u00e9sist\u00e9 \u00e0 travers les si\u00e8cles pour le bien des chr\u00e9tiens. La paroisse est notre communaut\u00e9 eccl\u00e9siale en un endroit donn\u00e9. La paroisse n&rsquo;est pas une partie, une petite parcelle de l&rsquo;Eglise. C&rsquo;est l&rsquo;Eglise. Car rien ne manque \u00e0 la paroisse pour qu&rsquo;elle soit l&rsquo;Eglise. Partout o\u00f9 se trouvent le peuple de Dieu, le minist\u00e8re sacerdotal et le saint Autel, se trouve aussi l&rsquo;Eglise. Or la paroisse poss\u00e8de en v\u00e9rit\u00e9 ces trois biens: ce sont les chr\u00e9tiens avec leur pr\u00eatre qui, au nom de l&rsquo;Ev\u00eaque, c\u00e9l\u00e8bre la Divine Liturgie. Notre paroisse, c&rsquo;est notre Eglise.\u2028Chaque chr\u00e9tien, en tant que membre de sa paroisse, appartient \u00e0 l&rsquo;Eglise. Chacun, dans sa paroisse, est uni avec l&rsquo;Eglise et reste en contact avec celle-ci. C&rsquo;est dans sa propre paroisse que chaque fid\u00e8le est baptis\u00e9, que son nom s&rsquo;inscrit dans les registres de l&rsquo;Eglise, de la m\u00eame mani\u00e8re qu&rsquo;il est inscrit dans les registres de la municipalit\u00e9 pour faire valoir ses droits de citoyen. En effet par son bapt\u00eame, le chr\u00e9tien re\u00e7oit aussi une autre citoyennet\u00e9, celle du Royaume des cieux. Dans ces m\u00eames registres paroissiaux on inscrira aussi le nom de tous les enfants qui na\u00eetront par la suite, le jour de leur bapt\u00eame, de leur mariage et de leur enterrement. Cette inscription dans le livre de la paroisse est un acte sacr\u00e9, car les registres sont en quelque sorte les copies des livres de Dieu Lui-m\u00eame.<\/p>\n<p>Chacun peut ainsi comprendre les liens qui l&rsquo;unissent \u00e0 sa paroisse et \u00e0 l&rsquo;Eglise dont elle rel\u00e8ve. Nous sommes tous fr\u00e8res, puisque nous avons connu une nouvelle naissance par le bapt\u00eame que nous avons re\u00e7u dans les m\u00eames fonts baptismaux. Nous sommes tous un seul corps, puisque nous communions au m\u00eame saint Calice qui nous unit au Christ et les uns aux autres. Nous sommes tous les paroissiens d&rsquo;une petite communaut\u00e9 de chr\u00e9tiens au sein d&rsquo;une grande communaut\u00e9 qui est l&rsquo;Eglise. C&rsquo;est la raison pour laquelle pr\u00e9cis\u00e9ment il ne faut rompre avec sa paroisse sous aucun pr\u00e9texte et pour aucun motif. D&rsquo;abord en ce qui concerne notre pratique religieuse. Notre demeure sacr\u00e9e, c&rsquo;est le lieu de culte de notre paroisse. II est vrai que le culte qui y est c\u00e9l\u00e9br\u00e9, l&rsquo;est pour tous les chr\u00e9tiens, mais tout particuli\u00e8rement surtout pour tous ceux qui demeurent dans la paroisse (ainsi que nous le proclamons au cours de nos offices) : les \u00e9pitropes, les chantres, ceux qui prient et qui servent, qui font le bien et qui font des dons dans la paroisse m\u00eame o\u00f9 ils vivent quotidiennement.<\/p>\n<p>C&rsquo;est une tr\u00e8s mauvaise habitude et m\u00eame un p\u00e9ch\u00e9, d&rsquo;abandonner sa paroisse pour diverses raisons afin d&rsquo;aller ailleurs assister \u00e0 la Divine Liturgie ou poser d&rsquo;autres actes liturgiques, comme par exemple le bapt\u00eame, le mariage, les collybes, etc&#8230; En dehors du fait que cela \u00e9quivaut \u00e0 une sorte de m\u00e9pris vis \u00e0 vis du Saint (ou de la Sainte) \u00e0 qui est d\u00e9di\u00e9e l&rsquo;\u00e9glise du lieu et qui est le rempart et la protection de chaque foyer de la paroisse, c&rsquo;est aussi l&rsquo;expression d&rsquo;un manque d&rsquo;affection et m\u00eame d&rsquo;une certaine indiff\u00e9rence pour tout ce qui s&rsquo;y fait et s&rsquo;y vit.<\/p>\n<p>II faut donc que nous ayons \u00e0 c\u0153ur de veiller aux besoins de la paroisse. Non seulement de ne pas la d\u00e9laisser pour aller ailleurs, mais aussi de lui offrir tout ce dont nous sommes capables pour sa prosp\u00e9rit\u00e9 et donc le progr\u00e8s de tous.\u2028La paroisse est notre propre jardin, et on ne d\u00e9laisse pas son jardin pour aller arroser les fleurs d&rsquo;un autre jardin.\u2028On dit \u00e0 juste titre qu&rsquo;on peut d\u00e9finir la paroisse comme la cellule de l&rsquo;institution eccl\u00e9siale. Si nous croyons \u00e0 l&rsquo;Eglise, si nous voulons son bien, commen\u00e7ons donc par porter toute notre attention sur notre propre paroisse.<\/p>\n<p>( D&rsquo;apr\u00e8s Exapla &#8211; Ed. Tertios, 1989. Katerini. Gr\u00e8ce ).<\/p>\n","protected":false},"excerpt":{"rendered":"<p>La paroisse est l&rsquo;institution la plus ancienne de l&rsquo;Eglise. Elle a \u00e9t\u00e9 \u00e9prouv\u00e9e et elle a r\u00e9sist\u00e9 \u00e0 travers les si\u00e8cles pour le bien des chr\u00e9tiens. La paroisse est notre communaut\u00e9 eccl\u00e9siale en un endroit donn\u00e9. La paroisse n&rsquo;est pas une partie, une petite parcelle de l&rsquo;Eglise. C&rsquo;est l&rsquo;Eglise. Car rien ne manque \u00e0 la [&hellip;]<\/p>\n","protected":false},"author":7,"featured_media":0,"comment_status":"closed","ping_status":"open","sticky":false,"template":"","format":"standard","meta":{"_exactmetrics_skip_tracking":false,"_exactmetrics_sitenote_active":false,"_exactmetrics_sitenote_note":"","_exactmetrics_sitenote_category":0,"_monsterinsights_skip_tracking":false,"_monsterinsights_sitenote_active":false,"_monsterinsights_sitenote_note":"","_monsterinsights_sitenote_category":0,"footnotes":""},"categories":[117],"tags":[158,130,137,138,131,160,142,148,139],"class_list":["post-7809","post","type-post","status-publish","format-standard","hentry","category-catechese","tag-catechese-2","tag-eglise","tag-foi","tag-heritage","tag-orthodoxie-2","tag-paroisse","tag-spiritualite-2","tag-theologie-2","tag-traditions-2"],"yoast_head":"<!-- This site is optimized with the Yoast SEO plugin v27.5 - https:\/\/yoast.com\/product\/yoast-seo-wordpress\/ -->\n<title>NOTRE PAROISSE &#8211; \u00c9glise Orthodoxe d&#039;Estonie<\/title>\n<meta name=\"robots\" content=\"index, follow, max-snippet:-1, max-image-preview:large, max-video-preview:-1\" \/>\n<link rel=\"canonical\" href=\"https:\/\/www.eoc.ee\/fr\/orthodoxie\/catechese\/notre-paroisse\/\" \/>\n<meta property=\"og:locale\" content=\"fr_FR\" \/>\n<meta property=\"og:type\" content=\"article\" \/>\n<meta property=\"og:title\" content=\"NOTRE PAROISSE &#8211; \u00c9glise Orthodoxe d&#039;Estonie\" \/>\n<meta property=\"og:description\" content=\"La paroisse est l&rsquo;institution la plus ancienne de l&rsquo;Eglise. Elle a \u00e9t\u00e9 \u00e9prouv\u00e9e et elle a r\u00e9sist\u00e9 \u00e0 travers les si\u00e8cles pour le bien des chr\u00e9tiens. La paroisse est notre communaut\u00e9 eccl\u00e9siale en un endroit donn\u00e9. La paroisse n&rsquo;est pas une partie, une petite parcelle de l&rsquo;Eglise. C&rsquo;est l&rsquo;Eglise. Car rien ne manque \u00e0 la [&hellip;]\" \/>\n<meta property=\"og:url\" content=\"https:\/\/www.eoc.ee\/fr\/orthodoxie\/catechese\/notre-paroisse\/\" \/>\n<meta property=\"og:site_name\" content=\"\u00c9glise Orthodoxe d&#039;Estonie\" \/>\n<meta property=\"article:published_time\" content=\"2015-01-23T10:37:54+00:00\" \/>\n<meta name=\"author\" content=\"Heike H\u00e4rma\" \/>\n<meta name=\"twitter:label1\" content=\"\u00c9crit par\" \/>\n\t<meta name=\"twitter:data1\" content=\"Heike H\u00e4rma\" \/>\n\t<meta name=\"twitter:label2\" content=\"Dur\u00e9e de lecture estim\u00e9e\" \/>\n\t<meta name=\"twitter:data2\" content=\"3 minutes\" \/>\n<script type=\"application\/ld+json\" class=\"yoast-schema-graph\">{\"@context\":\"https:\\\/\\\/schema.org\",\"@graph\":[{\"@type\":\"Article\",\"@id\":\"https:\\\/\\\/www.eoc.ee\\\/fr\\\/orthodoxie\\\/catechese\\\/notre-paroisse\\\/#article\",\"isPartOf\":{\"@id\":\"https:\\\/\\\/www.eoc.ee\\\/fr\\\/orthodoxie\\\/catechese\\\/notre-paroisse\\\/\"},\"author\":{\"name\":\"Heike H\u00e4rma\",\"@id\":\"https:\\\/\\\/www.eoc.ee\\\/#\\\/schema\\\/person\\\/bfa03b2406703aa1a9256392aaa001b3\"},\"headline\":\"NOTRE PAROISSE\",\"datePublished\":\"2015-01-23T10:37:54+00:00\",\"mainEntityOfPage\":{\"@id\":\"https:\\\/\\\/www.eoc.ee\\\/fr\\\/orthodoxie\\\/catechese\\\/notre-paroisse\\\/\"},\"wordCount\":734,\"keywords\":[\"cat\u00e9ch\u00e8se\",\"\u00e9glise\",\"foi\",\"h\u00e9ritage\",\"orthodoxie\",\"paroisse\",\"spiritualite\",\"theologie\",\"traditions\"],\"articleSection\":[\"Cat\u00e9ch\u00e8se\"],\"inLanguage\":\"fr-FR\"},{\"@type\":\"WebPage\",\"@id\":\"https:\\\/\\\/www.eoc.ee\\\/fr\\\/orthodoxie\\\/catechese\\\/notre-paroisse\\\/\",\"url\":\"https:\\\/\\\/www.eoc.ee\\\/fr\\\/orthodoxie\\\/catechese\\\/notre-paroisse\\\/\",\"name\":\"NOTRE PAROISSE &#8211; \u00c9glise Orthodoxe d'Estonie\",\"isPartOf\":{\"@id\":\"https:\\\/\\\/www.eoc.ee\\\/#website\"},\"datePublished\":\"2015-01-23T10:37:54+00:00\",\"author\":{\"@id\":\"https:\\\/\\\/www.eoc.ee\\\/#\\\/schema\\\/person\\\/bfa03b2406703aa1a9256392aaa001b3\"},\"breadcrumb\":{\"@id\":\"https:\\\/\\\/www.eoc.ee\\\/fr\\\/orthodoxie\\\/catechese\\\/notre-paroisse\\\/#breadcrumb\"},\"inLanguage\":\"fr-FR\",\"potentialAction\":[{\"@type\":\"ReadAction\",\"target\":[\"https:\\\/\\\/www.eoc.ee\\\/fr\\\/orthodoxie\\\/catechese\\\/notre-paroisse\\\/\"]}]},{\"@type\":\"BreadcrumbList\",\"@id\":\"https:\\\/\\\/www.eoc.ee\\\/fr\\\/orthodoxie\\\/catechese\\\/notre-paroisse\\\/#breadcrumb\",\"itemListElement\":[{\"@type\":\"ListItem\",\"position\":1,\"name\":\"Home\",\"item\":\"https:\\\/\\\/www.eoc.ee\\\/\"},{\"@type\":\"ListItem\",\"position\":2,\"name\":\"NOTRE PAROISSE\"}]},{\"@type\":\"WebSite\",\"@id\":\"https:\\\/\\\/www.eoc.ee\\\/#website\",\"url\":\"https:\\\/\\\/www.eoc.ee\\\/\",\"name\":\"\u00c9glise Orthodoxe d'Estonie\",\"description\":\"Eesti Apostlik-\u00d5igeusu Kirik\",\"potentialAction\":[{\"@type\":\"SearchAction\",\"target\":{\"@type\":\"EntryPoint\",\"urlTemplate\":\"https:\\\/\\\/www.eoc.ee\\\/?s={search_term_string}\"},\"query-input\":{\"@type\":\"PropertyValueSpecification\",\"valueRequired\":true,\"valueName\":\"search_term_string\"}}],\"inLanguage\":\"fr-FR\"},{\"@type\":\"Person\",\"@id\":\"https:\\\/\\\/www.eoc.ee\\\/#\\\/schema\\\/person\\\/bfa03b2406703aa1a9256392aaa001b3\",\"name\":\"Heike H\u00e4rma\",\"image\":{\"@type\":\"ImageObject\",\"inLanguage\":\"fr-FR\",\"@id\":\"https:\\\/\\\/secure.gravatar.com\\\/avatar\\\/8eb3cb357606a6c8ed98d4b92714824fc7d2f06e57b58d2b730a00e0199effb6?s=96&d=mm&r=g\",\"url\":\"https:\\\/\\\/secure.gravatar.com\\\/avatar\\\/8eb3cb357606a6c8ed98d4b92714824fc7d2f06e57b58d2b730a00e0199effb6?s=96&d=mm&r=g\",\"contentUrl\":\"https:\\\/\\\/secure.gravatar.com\\\/avatar\\\/8eb3cb357606a6c8ed98d4b92714824fc7d2f06e57b58d2b730a00e0199effb6?s=96&d=mm&r=g\",\"caption\":\"Heike H\u00e4rma\"},\"url\":\"https:\\\/\\\/www.eoc.ee\\\/fr\\\/author\\\/heike\\\/\"}]}<\/script>\n<!-- \/ Yoast SEO plugin. -->","yoast_head_json":{"title":"NOTRE PAROISSE &#8211; \u00c9glise Orthodoxe d'Estonie","robots":{"index":"index","follow":"follow","max-snippet":"max-snippet:-1","max-image-preview":"max-image-preview:large","max-video-preview":"max-video-preview:-1"},"canonical":"https:\/\/www.eoc.ee\/fr\/orthodoxie\/catechese\/notre-paroisse\/","og_locale":"fr_FR","og_type":"article","og_title":"NOTRE PAROISSE &#8211; \u00c9glise Orthodoxe d'Estonie","og_description":"La paroisse est l&rsquo;institution la plus ancienne de l&rsquo;Eglise. Elle a \u00e9t\u00e9 \u00e9prouv\u00e9e et elle a r\u00e9sist\u00e9 \u00e0 travers les si\u00e8cles pour le bien des chr\u00e9tiens. La paroisse est notre communaut\u00e9 eccl\u00e9siale en un endroit donn\u00e9. La paroisse n&rsquo;est pas une partie, une petite parcelle de l&rsquo;Eglise. C&rsquo;est l&rsquo;Eglise. Car rien ne manque \u00e0 la [&hellip;]","og_url":"https:\/\/www.eoc.ee\/fr\/orthodoxie\/catechese\/notre-paroisse\/","og_site_name":"\u00c9glise Orthodoxe d'Estonie","article_published_time":"2015-01-23T10:37:54+00:00","author":"Heike H\u00e4rma","twitter_misc":{"\u00c9crit par":"Heike H\u00e4rma","Dur\u00e9e de lecture estim\u00e9e":"3 minutes"},"schema":{"@context":"https:\/\/schema.org","@graph":[{"@type":"Article","@id":"https:\/\/www.eoc.ee\/fr\/orthodoxie\/catechese\/notre-paroisse\/#article","isPartOf":{"@id":"https:\/\/www.eoc.ee\/fr\/orthodoxie\/catechese\/notre-paroisse\/"},"author":{"name":"Heike H\u00e4rma","@id":"https:\/\/www.eoc.ee\/#\/schema\/person\/bfa03b2406703aa1a9256392aaa001b3"},"headline":"NOTRE PAROISSE","datePublished":"2015-01-23T10:37:54+00:00","mainEntityOfPage":{"@id":"https:\/\/www.eoc.ee\/fr\/orthodoxie\/catechese\/notre-paroisse\/"},"wordCount":734,"keywords":["cat\u00e9ch\u00e8se","\u00e9glise","foi","h\u00e9ritage","orthodoxie","paroisse","spiritualite","theologie","traditions"],"articleSection":["Cat\u00e9ch\u00e8se"],"inLanguage":"fr-FR"},{"@type":"WebPage","@id":"https:\/\/www.eoc.ee\/fr\/orthodoxie\/catechese\/notre-paroisse\/","url":"https:\/\/www.eoc.ee\/fr\/orthodoxie\/catechese\/notre-paroisse\/","name":"NOTRE PAROISSE &#8211; \u00c9glise Orthodoxe d'Estonie","isPartOf":{"@id":"https:\/\/www.eoc.ee\/#website"},"datePublished":"2015-01-23T10:37:54+00:00","author":{"@id":"https:\/\/www.eoc.ee\/#\/schema\/person\/bfa03b2406703aa1a9256392aaa001b3"},"breadcrumb":{"@id":"https:\/\/www.eoc.ee\/fr\/orthodoxie\/catechese\/notre-paroisse\/#breadcrumb"},"inLanguage":"fr-FR","potentialAction":[{"@type":"ReadAction","target":["https:\/\/www.eoc.ee\/fr\/orthodoxie\/catechese\/notre-paroisse\/"]}]},{"@type":"BreadcrumbList","@id":"https:\/\/www.eoc.ee\/fr\/orthodoxie\/catechese\/notre-paroisse\/#breadcrumb","itemListElement":[{"@type":"ListItem","position":1,"name":"Home","item":"https:\/\/www.eoc.ee\/"},{"@type":"ListItem","position":2,"name":"NOTRE PAROISSE"}]},{"@type":"WebSite","@id":"https:\/\/www.eoc.ee\/#website","url":"https:\/\/www.eoc.ee\/","name":"\u00c9glise Orthodoxe d'Estonie","description":"Eesti Apostlik-\u00d5igeusu Kirik","potentialAction":[{"@type":"SearchAction","target":{"@type":"EntryPoint","urlTemplate":"https:\/\/www.eoc.ee\/?s={search_term_string}"},"query-input":{"@type":"PropertyValueSpecification","valueRequired":true,"valueName":"search_term_string"}}],"inLanguage":"fr-FR"},{"@type":"Person","@id":"https:\/\/www.eoc.ee\/#\/schema\/person\/bfa03b2406703aa1a9256392aaa001b3","name":"Heike H\u00e4rma","image":{"@type":"ImageObject","inLanguage":"fr-FR","@id":"https:\/\/secure.gravatar.com\/avatar\/8eb3cb357606a6c8ed98d4b92714824fc7d2f06e57b58d2b730a00e0199effb6?s=96&d=mm&r=g","url":"https:\/\/secure.gravatar.com\/avatar\/8eb3cb357606a6c8ed98d4b92714824fc7d2f06e57b58d2b730a00e0199effb6?s=96&d=mm&r=g","contentUrl":"https:\/\/secure.gravatar.com\/avatar\/8eb3cb357606a6c8ed98d4b92714824fc7d2f06e57b58d2b730a00e0199effb6?s=96&d=mm&r=g","caption":"Heike H\u00e4rma"},"url":"https:\/\/www.eoc.ee\/fr\/author\/heike\/"}]}},"_links":{"self":[{"href":"https:\/\/www.eoc.ee\/fr\/wp-json\/wp\/v2\/posts\/7809","targetHints":{"allow":["GET"]}}],"collection":[{"href":"https:\/\/www.eoc.ee\/fr\/wp-json\/wp\/v2\/posts"}],"about":[{"href":"https:\/\/www.eoc.ee\/fr\/wp-json\/wp\/v2\/types\/post"}],"author":[{"embeddable":true,"href":"https:\/\/www.eoc.ee\/fr\/wp-json\/wp\/v2\/users\/7"}],"replies":[{"embeddable":true,"href":"https:\/\/www.eoc.ee\/fr\/wp-json\/wp\/v2\/comments?post=7809"}],"version-history":[{"count":2,"href":"https:\/\/www.eoc.ee\/fr\/wp-json\/wp\/v2\/posts\/7809\/revisions"}],"predecessor-version":[{"id":7811,"href":"https:\/\/www.eoc.ee\/fr\/wp-json\/wp\/v2\/posts\/7809\/revisions\/7811"}],"wp:attachment":[{"href":"https:\/\/www.eoc.ee\/fr\/wp-json\/wp\/v2\/media?parent=7809"}],"wp:term":[{"taxonomy":"category","embeddable":true,"href":"https:\/\/www.eoc.ee\/fr\/wp-json\/wp\/v2\/categories?post=7809"},{"taxonomy":"post_tag","embeddable":true,"href":"https:\/\/www.eoc.ee\/fr\/wp-json\/wp\/v2\/tags?post=7809"}],"curies":[{"name":"wp","href":"https:\/\/api.w.org\/{rel}","templated":true}]}}