{"id":7839,"date":"2015-01-23T14:24:21","date_gmt":"2015-01-23T12:24:21","guid":{"rendered":"http:\/\/www.eoc.ee\/?p=7839"},"modified":"2015-01-26T14:56:41","modified_gmt":"2015-01-26T12:56:41","slug":"la-divine-liturgie-expliquee-aux-enfants-la-preparation-proscomidie","status":"publish","type":"post","link":"https:\/\/www.eoc.ee\/fr\/orthodoxie\/catechese\/la-divine-liturgie-expliquee-aux-enfants-la-preparation-proscomidie\/","title":{"rendered":"La Divine Liturgie expliqu\u00e9e aux enfants &#8211; LA PREPARATION (PROSCOMIDIE)"},"content":{"rendered":"<p align=\"justify\"><span style=\"font-family: Arial, Helvetica, sans-serif; font-size: medium;\"><a href=\"http:\/\/www.eoc.ee\/wp-content\/uploads\/2015\/01\/liturgie2.gif\"><img loading=\"lazy\" decoding=\"async\" class=\"alignleft size-medium wp-image-7872\" alt=\"liturgie2\" src=\"http:\/\/www.eoc.ee\/wp-content\/uploads\/2015\/01\/liturgie2-310x399.gif\" width=\"310\" height=\"399\" \/><\/a>Habituellement, tu ne la vois pas&#8230; Tous se passe dans le Sanctuaire et souvent pendant les Matines, mais souviens-toi que tout commence par-l\u00e0. La pr\u00e9paration est c\u00e9l\u00e9br\u00e9e par le pr\u00eatre, devant l&rsquo;ic\u00f4ne de la Nativit\u00e9, comme tu le vois sur l&rsquo;image.<\/span><\/p>\n<p align=\"justify\"><span style=\"font-family: Arial, Helvetica, sans-serif; font-size: medium;\">Dans le milieu du pain pr\u00e9par\u00e9 pour la Divine Liturgie, il va d\u00e9couper une parcelle (un morceau) en forme de cube. On appelle cette parcelle \u00ab\u00a0l&rsquo;Agneau\u00a0\u00bb parce qu&rsquo;il deviendra le Corps de J\u00e9sus-Christ. Le Seigneur a dit : \u00ab\u00a0Je suis l&rsquo;Agneau de Dieu venu pour sauver les p\u00e9ch\u00e9s du monde\u00a0\u00bb.<\/span><\/p>\n<p align=\"justify\"><span style=\"font-family: Arial, Helvetica, sans-serif; font-size: medium;\">Sur l&rsquo;image tu vois le pain qu&rsquo;on appelle la \u00ab\u00a0prosphore\u00a0\u00bb et sur lesquelles sont grav\u00e9es les lettres :\u00a0<b>IC-XC NI-KA<\/b>\u00a0Ces lettres, initiales grecques, signifient :\u00a0<b>J\u00e9sus-Christ Vainqueur de la mort<\/b>. Le pr\u00eatre d\u00e9pose le pain sur la pat\u00e8ne, l\u00e0 o\u00f9 sur l&rsquo;image sont pos\u00e9es la cuill\u00e8re qui sert \u00e0 donner la communion et la lance qui sert \u00e0 d\u00e9couper les parcelles. Sur la table tu vois aussi le calice dans lequel le pr\u00eatre verse le vin et l&rsquo;eau qui deviendront le sang du Christ.<\/span><\/p>\n<p align=\"justify\"><span style=\"font-family: Arial, Helvetica, sans-serif; font-size: medium;\">Sur la pat\u00e8ne, le pr\u00eatre d\u00e9pose aussi d&rsquo;autres parcelles en forme de pyramide : une grande pour la M\u00e8re de Dieu, la Vierge Marie, neuf plus petites pour tous les saints, pour ceux qui ont servis le Christ avec un amour parfait et qui sont des mod\u00e8les pour nous, puis pleins d&rsquo;autres petites parcelles qui repr\u00e9sentent les vivants, nous tous, enfin pleins d&rsquo;autres enfin pour les morts que nous confions \u00e0 l&rsquo;Amour de Dieu. Tu comprends maintenant que tout commence par cette pr\u00e9paration.<\/span><\/p>\n<p align=\"justify\"><span style=\"font-family: Arial, Helvetica, sans-serif; font-size: medium;\">On se souvient alors de ce que le Christ nous a demand\u00e9 : partager le pain et le vin pour nous souvenir de Lui. Nous allons, tous ensemble, offrir au Seigneur ce pain et ce vin pour qu&rsquo;Il soit vraiment pr\u00e9sent dans ce pain et ce vin. Pour Le recevoir au moment de la Communion.<\/span><\/p>\n<p align=\"justify\"><span style=\"font-family: Arial, Helvetica, sans-serif; font-size: medium;\">La pr\u00e9paration est la naissance de la Liturgie, comme la naissance du Christ-J\u00e9sus est, pour nous, la naissance du pardon de nos p\u00e9ch\u00e9s et la naissance \u00e0 la Vie \u00e9ternelle&#8230; Souviens-toi que cette pr\u00e9paration et toutes les pri\u00e8res qui sont dites pendant ce petit office rappellent tout ce que le Seigneur a accept\u00e9 de vivre pour nous sauver : la souffrance et la mort sur la croix.<\/span><\/p>\n<p align=\"justify\"><span style=\"font-family: Arial, Helvetica, sans-serif; font-size: medium;\">Pour que nous aussi, comme Lui, nous puissions vivre la R\u00e9surrection.\u00a0<\/span><span style=\"font-family: Arial, Helvetica, sans-serif; font-size: medium;\">La Liturgie va maintenant commencer. Il nous faut nous pr\u00e9parer \u00e0 offrir tous ensemble le Pain et le Vin.<\/span><\/p>\n","protected":false},"excerpt":{"rendered":"<p>Habituellement, tu ne la vois pas&#8230; Tous se passe dans le Sanctuaire et souvent pendant les Matines, mais souviens-toi que tout commence par-l\u00e0. La pr\u00e9paration est c\u00e9l\u00e9br\u00e9e par le pr\u00eatre, devant l&rsquo;ic\u00f4ne de la Nativit\u00e9, comme tu le vois sur l&rsquo;image. Dans le milieu du pain pr\u00e9par\u00e9 pour la Divine Liturgie, il va d\u00e9couper une [&hellip;]<\/p>\n","protected":false},"author":7,"featured_media":0,"comment_status":"closed","ping_status":"open","sticky":false,"template":"","format":"standard","meta":{"_exactmetrics_skip_tracking":false,"_exactmetrics_sitenote_active":false,"_exactmetrics_sitenote_note":"","_exactmetrics_sitenote_category":0,"_monsterinsights_skip_tracking":false,"_monsterinsights_sitenote_active":false,"_monsterinsights_sitenote_note":"","_monsterinsights_sitenote_category":0,"footnotes":""},"categories":[117,167],"tags":[158,130,137,138,129,131,141,148,139],"class_list":["post-7839","post","type-post","status-publish","format-standard","hentry","category-catechese","category-jeunesse-orthodoxie","tag-catechese-2","tag-eglise","tag-foi","tag-heritage","tag-jeunesse","tag-orthodoxie-2","tag-sacrement","tag-theologie-2","tag-traditions-2"],"yoast_head":"<!-- This site is optimized with the Yoast SEO plugin v27.5 - https:\/\/yoast.com\/product\/yoast-seo-wordpress\/ -->\n<title>La Divine Liturgie expliqu\u00e9e aux enfants - LA PREPARATION (PROSCOMIDIE) &#8211; \u00c9glise Orthodoxe d&#039;Estonie<\/title>\n<meta name=\"robots\" content=\"index, follow, max-snippet:-1, max-image-preview:large, max-video-preview:-1\" \/>\n<link rel=\"canonical\" href=\"https:\/\/www.eoc.ee\/fr\/orthodoxie\/catechese\/la-divine-liturgie-expliquee-aux-enfants-la-preparation-proscomidie\/\" \/>\n<meta property=\"og:locale\" content=\"fr_FR\" \/>\n<meta property=\"og:type\" content=\"article\" \/>\n<meta property=\"og:title\" content=\"La Divine Liturgie expliqu\u00e9e aux enfants - LA PREPARATION (PROSCOMIDIE) &#8211; \u00c9glise Orthodoxe d&#039;Estonie\" \/>\n<meta property=\"og:description\" content=\"Habituellement, tu ne la vois pas&#8230; Tous se passe dans le Sanctuaire et souvent pendant les Matines, mais souviens-toi que tout commence par-l\u00e0. La pr\u00e9paration est c\u00e9l\u00e9br\u00e9e par le pr\u00eatre, devant l&rsquo;ic\u00f4ne de la Nativit\u00e9, comme tu le vois sur l&rsquo;image. Dans le milieu du pain pr\u00e9par\u00e9 pour la Divine Liturgie, il va d\u00e9couper une [&hellip;]\" \/>\n<meta property=\"og:url\" content=\"https:\/\/www.eoc.ee\/fr\/orthodoxie\/catechese\/la-divine-liturgie-expliquee-aux-enfants-la-preparation-proscomidie\/\" \/>\n<meta property=\"og:site_name\" content=\"\u00c9glise Orthodoxe d&#039;Estonie\" \/>\n<meta property=\"article:published_time\" content=\"2015-01-23T12:24:21+00:00\" \/>\n<meta property=\"article:modified_time\" content=\"2015-01-26T12:56:41+00:00\" \/>\n<meta property=\"og:image\" content=\"https:\/\/www.eoc.ee\/wp-content\/uploads\/2015\/01\/liturgie2.gif\" \/>\n\t<meta property=\"og:image:width\" content=\"450\" \/>\n\t<meta property=\"og:image:height\" content=\"580\" \/>\n\t<meta property=\"og:image:type\" content=\"image\/gif\" \/>\n<meta name=\"author\" content=\"Heike H\u00e4rma\" \/>\n<meta name=\"twitter:label1\" content=\"\u00c9crit par\" \/>\n\t<meta name=\"twitter:data1\" content=\"Heike H\u00e4rma\" \/>\n\t<meta name=\"twitter:label2\" content=\"Dur\u00e9e de lecture estim\u00e9e\" \/>\n\t<meta name=\"twitter:data2\" content=\"2 minutes\" \/>\n<script type=\"application\/ld+json\" class=\"yoast-schema-graph\">{\"@context\":\"https:\\\/\\\/schema.org\",\"@graph\":[{\"@type\":\"Article\",\"@id\":\"https:\\\/\\\/www.eoc.ee\\\/fr\\\/orthodoxie\\\/catechese\\\/la-divine-liturgie-expliquee-aux-enfants-la-preparation-proscomidie\\\/#article\",\"isPartOf\":{\"@id\":\"https:\\\/\\\/www.eoc.ee\\\/fr\\\/orthodoxie\\\/catechese\\\/la-divine-liturgie-expliquee-aux-enfants-la-preparation-proscomidie\\\/\"},\"author\":{\"name\":\"Heike H\u00e4rma\",\"@id\":\"https:\\\/\\\/www.eoc.ee\\\/#\\\/schema\\\/person\\\/bfa03b2406703aa1a9256392aaa001b3\"},\"headline\":\"La Divine Liturgie expliqu\u00e9e aux enfants &#8211; LA PREPARATION (PROSCOMIDIE)\",\"datePublished\":\"2015-01-23T12:24:21+00:00\",\"dateModified\":\"2015-01-26T12:56:41+00:00\",\"mainEntityOfPage\":{\"@id\":\"https:\\\/\\\/www.eoc.ee\\\/fr\\\/orthodoxie\\\/catechese\\\/la-divine-liturgie-expliquee-aux-enfants-la-preparation-proscomidie\\\/\"},\"wordCount\":461,\"image\":{\"@id\":\"https:\\\/\\\/www.eoc.ee\\\/fr\\\/orthodoxie\\\/catechese\\\/la-divine-liturgie-expliquee-aux-enfants-la-preparation-proscomidie\\\/#primaryimage\"},\"thumbnailUrl\":\"http:\\\/\\\/www.eoc.ee\\\/wp-content\\\/uploads\\\/2015\\\/01\\\/liturgie2-310x399.gif\",\"keywords\":[\"cat\u00e9ch\u00e8se\",\"\u00e9glise\",\"foi\",\"h\u00e9ritage\",\"jeunesse\",\"orthodoxie\",\"sacrement\",\"theologie\",\"traditions\"],\"articleSection\":[\"Cat\u00e9ch\u00e8se\",\"Jeunesse\"],\"inLanguage\":\"fr-FR\"},{\"@type\":\"WebPage\",\"@id\":\"https:\\\/\\\/www.eoc.ee\\\/fr\\\/orthodoxie\\\/catechese\\\/la-divine-liturgie-expliquee-aux-enfants-la-preparation-proscomidie\\\/\",\"url\":\"https:\\\/\\\/www.eoc.ee\\\/fr\\\/orthodoxie\\\/catechese\\\/la-divine-liturgie-expliquee-aux-enfants-la-preparation-proscomidie\\\/\",\"name\":\"La Divine Liturgie expliqu\u00e9e aux enfants - LA PREPARATION (PROSCOMIDIE) &#8211; \u00c9glise Orthodoxe d'Estonie\",\"isPartOf\":{\"@id\":\"https:\\\/\\\/www.eoc.ee\\\/#website\"},\"primaryImageOfPage\":{\"@id\":\"https:\\\/\\\/www.eoc.ee\\\/fr\\\/orthodoxie\\\/catechese\\\/la-divine-liturgie-expliquee-aux-enfants-la-preparation-proscomidie\\\/#primaryimage\"},\"image\":{\"@id\":\"https:\\\/\\\/www.eoc.ee\\\/fr\\\/orthodoxie\\\/catechese\\\/la-divine-liturgie-expliquee-aux-enfants-la-preparation-proscomidie\\\/#primaryimage\"},\"thumbnailUrl\":\"http:\\\/\\\/www.eoc.ee\\\/wp-content\\\/uploads\\\/2015\\\/01\\\/liturgie2-310x399.gif\",\"datePublished\":\"2015-01-23T12:24:21+00:00\",\"dateModified\":\"2015-01-26T12:56:41+00:00\",\"author\":{\"@id\":\"https:\\\/\\\/www.eoc.ee\\\/#\\\/schema\\\/person\\\/bfa03b2406703aa1a9256392aaa001b3\"},\"breadcrumb\":{\"@id\":\"https:\\\/\\\/www.eoc.ee\\\/fr\\\/orthodoxie\\\/catechese\\\/la-divine-liturgie-expliquee-aux-enfants-la-preparation-proscomidie\\\/#breadcrumb\"},\"inLanguage\":\"fr-FR\",\"potentialAction\":[{\"@type\":\"ReadAction\",\"target\":[\"https:\\\/\\\/www.eoc.ee\\\/fr\\\/orthodoxie\\\/catechese\\\/la-divine-liturgie-expliquee-aux-enfants-la-preparation-proscomidie\\\/\"]}]},{\"@type\":\"ImageObject\",\"inLanguage\":\"fr-FR\",\"@id\":\"https:\\\/\\\/www.eoc.ee\\\/fr\\\/orthodoxie\\\/catechese\\\/la-divine-liturgie-expliquee-aux-enfants-la-preparation-proscomidie\\\/#primaryimage\",\"url\":\"http:\\\/\\\/www.eoc.ee\\\/wp-content\\\/uploads\\\/2015\\\/01\\\/liturgie2-310x399.gif\",\"contentUrl\":\"http:\\\/\\\/www.eoc.ee\\\/wp-content\\\/uploads\\\/2015\\\/01\\\/liturgie2-310x399.gif\"},{\"@type\":\"BreadcrumbList\",\"@id\":\"https:\\\/\\\/www.eoc.ee\\\/fr\\\/orthodoxie\\\/catechese\\\/la-divine-liturgie-expliquee-aux-enfants-la-preparation-proscomidie\\\/#breadcrumb\",\"itemListElement\":[{\"@type\":\"ListItem\",\"position\":1,\"name\":\"Home\",\"item\":\"https:\\\/\\\/www.eoc.ee\\\/\"},{\"@type\":\"ListItem\",\"position\":2,\"name\":\"La Divine Liturgie expliqu\u00e9e aux enfants &#8211; LA PREPARATION (PROSCOMIDIE)\"}]},{\"@type\":\"WebSite\",\"@id\":\"https:\\\/\\\/www.eoc.ee\\\/#website\",\"url\":\"https:\\\/\\\/www.eoc.ee\\\/\",\"name\":\"\u00c9glise Orthodoxe d'Estonie\",\"description\":\"Eesti Apostlik-\u00d5igeusu Kirik\",\"potentialAction\":[{\"@type\":\"SearchAction\",\"target\":{\"@type\":\"EntryPoint\",\"urlTemplate\":\"https:\\\/\\\/www.eoc.ee\\\/?s={search_term_string}\"},\"query-input\":{\"@type\":\"PropertyValueSpecification\",\"valueRequired\":true,\"valueName\":\"search_term_string\"}}],\"inLanguage\":\"fr-FR\"},{\"@type\":\"Person\",\"@id\":\"https:\\\/\\\/www.eoc.ee\\\/#\\\/schema\\\/person\\\/bfa03b2406703aa1a9256392aaa001b3\",\"name\":\"Heike H\u00e4rma\",\"image\":{\"@type\":\"ImageObject\",\"inLanguage\":\"fr-FR\",\"@id\":\"https:\\\/\\\/secure.gravatar.com\\\/avatar\\\/8eb3cb357606a6c8ed98d4b92714824fc7d2f06e57b58d2b730a00e0199effb6?s=96&d=mm&r=g\",\"url\":\"https:\\\/\\\/secure.gravatar.com\\\/avatar\\\/8eb3cb357606a6c8ed98d4b92714824fc7d2f06e57b58d2b730a00e0199effb6?s=96&d=mm&r=g\",\"contentUrl\":\"https:\\\/\\\/secure.gravatar.com\\\/avatar\\\/8eb3cb357606a6c8ed98d4b92714824fc7d2f06e57b58d2b730a00e0199effb6?s=96&d=mm&r=g\",\"caption\":\"Heike H\u00e4rma\"},\"url\":\"https:\\\/\\\/www.eoc.ee\\\/fr\\\/author\\\/heike\\\/\"}]}<\/script>\n<!-- \/ Yoast SEO plugin. -->","yoast_head_json":{"title":"La Divine Liturgie expliqu\u00e9e aux enfants - LA PREPARATION (PROSCOMIDIE) &#8211; \u00c9glise Orthodoxe d'Estonie","robots":{"index":"index","follow":"follow","max-snippet":"max-snippet:-1","max-image-preview":"max-image-preview:large","max-video-preview":"max-video-preview:-1"},"canonical":"https:\/\/www.eoc.ee\/fr\/orthodoxie\/catechese\/la-divine-liturgie-expliquee-aux-enfants-la-preparation-proscomidie\/","og_locale":"fr_FR","og_type":"article","og_title":"La Divine Liturgie expliqu\u00e9e aux enfants - LA PREPARATION (PROSCOMIDIE) &#8211; \u00c9glise Orthodoxe d'Estonie","og_description":"Habituellement, tu ne la vois pas&#8230; Tous se passe dans le Sanctuaire et souvent pendant les Matines, mais souviens-toi que tout commence par-l\u00e0. La pr\u00e9paration est c\u00e9l\u00e9br\u00e9e par le pr\u00eatre, devant l&rsquo;ic\u00f4ne de la Nativit\u00e9, comme tu le vois sur l&rsquo;image. Dans le milieu du pain pr\u00e9par\u00e9 pour la Divine Liturgie, il va d\u00e9couper une [&hellip;]","og_url":"https:\/\/www.eoc.ee\/fr\/orthodoxie\/catechese\/la-divine-liturgie-expliquee-aux-enfants-la-preparation-proscomidie\/","og_site_name":"\u00c9glise Orthodoxe d'Estonie","article_published_time":"2015-01-23T12:24:21+00:00","article_modified_time":"2015-01-26T12:56:41+00:00","og_image":[{"width":450,"height":580,"url":"https:\/\/www.eoc.ee\/wp-content\/uploads\/2015\/01\/liturgie2.gif","type":"image\/gif"}],"author":"Heike H\u00e4rma","twitter_misc":{"\u00c9crit par":"Heike H\u00e4rma","Dur\u00e9e de lecture estim\u00e9e":"2 minutes"},"schema":{"@context":"https:\/\/schema.org","@graph":[{"@type":"Article","@id":"https:\/\/www.eoc.ee\/fr\/orthodoxie\/catechese\/la-divine-liturgie-expliquee-aux-enfants-la-preparation-proscomidie\/#article","isPartOf":{"@id":"https:\/\/www.eoc.ee\/fr\/orthodoxie\/catechese\/la-divine-liturgie-expliquee-aux-enfants-la-preparation-proscomidie\/"},"author":{"name":"Heike H\u00e4rma","@id":"https:\/\/www.eoc.ee\/#\/schema\/person\/bfa03b2406703aa1a9256392aaa001b3"},"headline":"La Divine Liturgie expliqu\u00e9e aux enfants &#8211; LA PREPARATION (PROSCOMIDIE)","datePublished":"2015-01-23T12:24:21+00:00","dateModified":"2015-01-26T12:56:41+00:00","mainEntityOfPage":{"@id":"https:\/\/www.eoc.ee\/fr\/orthodoxie\/catechese\/la-divine-liturgie-expliquee-aux-enfants-la-preparation-proscomidie\/"},"wordCount":461,"image":{"@id":"https:\/\/www.eoc.ee\/fr\/orthodoxie\/catechese\/la-divine-liturgie-expliquee-aux-enfants-la-preparation-proscomidie\/#primaryimage"},"thumbnailUrl":"http:\/\/www.eoc.ee\/wp-content\/uploads\/2015\/01\/liturgie2-310x399.gif","keywords":["cat\u00e9ch\u00e8se","\u00e9glise","foi","h\u00e9ritage","jeunesse","orthodoxie","sacrement","theologie","traditions"],"articleSection":["Cat\u00e9ch\u00e8se","Jeunesse"],"inLanguage":"fr-FR"},{"@type":"WebPage","@id":"https:\/\/www.eoc.ee\/fr\/orthodoxie\/catechese\/la-divine-liturgie-expliquee-aux-enfants-la-preparation-proscomidie\/","url":"https:\/\/www.eoc.ee\/fr\/orthodoxie\/catechese\/la-divine-liturgie-expliquee-aux-enfants-la-preparation-proscomidie\/","name":"La Divine Liturgie expliqu\u00e9e aux enfants - LA PREPARATION (PROSCOMIDIE) &#8211; \u00c9glise Orthodoxe d'Estonie","isPartOf":{"@id":"https:\/\/www.eoc.ee\/#website"},"primaryImageOfPage":{"@id":"https:\/\/www.eoc.ee\/fr\/orthodoxie\/catechese\/la-divine-liturgie-expliquee-aux-enfants-la-preparation-proscomidie\/#primaryimage"},"image":{"@id":"https:\/\/www.eoc.ee\/fr\/orthodoxie\/catechese\/la-divine-liturgie-expliquee-aux-enfants-la-preparation-proscomidie\/#primaryimage"},"thumbnailUrl":"http:\/\/www.eoc.ee\/wp-content\/uploads\/2015\/01\/liturgie2-310x399.gif","datePublished":"2015-01-23T12:24:21+00:00","dateModified":"2015-01-26T12:56:41+00:00","author":{"@id":"https:\/\/www.eoc.ee\/#\/schema\/person\/bfa03b2406703aa1a9256392aaa001b3"},"breadcrumb":{"@id":"https:\/\/www.eoc.ee\/fr\/orthodoxie\/catechese\/la-divine-liturgie-expliquee-aux-enfants-la-preparation-proscomidie\/#breadcrumb"},"inLanguage":"fr-FR","potentialAction":[{"@type":"ReadAction","target":["https:\/\/www.eoc.ee\/fr\/orthodoxie\/catechese\/la-divine-liturgie-expliquee-aux-enfants-la-preparation-proscomidie\/"]}]},{"@type":"ImageObject","inLanguage":"fr-FR","@id":"https:\/\/www.eoc.ee\/fr\/orthodoxie\/catechese\/la-divine-liturgie-expliquee-aux-enfants-la-preparation-proscomidie\/#primaryimage","url":"http:\/\/www.eoc.ee\/wp-content\/uploads\/2015\/01\/liturgie2-310x399.gif","contentUrl":"http:\/\/www.eoc.ee\/wp-content\/uploads\/2015\/01\/liturgie2-310x399.gif"},{"@type":"BreadcrumbList","@id":"https:\/\/www.eoc.ee\/fr\/orthodoxie\/catechese\/la-divine-liturgie-expliquee-aux-enfants-la-preparation-proscomidie\/#breadcrumb","itemListElement":[{"@type":"ListItem","position":1,"name":"Home","item":"https:\/\/www.eoc.ee\/"},{"@type":"ListItem","position":2,"name":"La Divine Liturgie expliqu\u00e9e aux enfants &#8211; LA PREPARATION (PROSCOMIDIE)"}]},{"@type":"WebSite","@id":"https:\/\/www.eoc.ee\/#website","url":"https:\/\/www.eoc.ee\/","name":"\u00c9glise Orthodoxe d'Estonie","description":"Eesti Apostlik-\u00d5igeusu Kirik","potentialAction":[{"@type":"SearchAction","target":{"@type":"EntryPoint","urlTemplate":"https:\/\/www.eoc.ee\/?s={search_term_string}"},"query-input":{"@type":"PropertyValueSpecification","valueRequired":true,"valueName":"search_term_string"}}],"inLanguage":"fr-FR"},{"@type":"Person","@id":"https:\/\/www.eoc.ee\/#\/schema\/person\/bfa03b2406703aa1a9256392aaa001b3","name":"Heike H\u00e4rma","image":{"@type":"ImageObject","inLanguage":"fr-FR","@id":"https:\/\/secure.gravatar.com\/avatar\/8eb3cb357606a6c8ed98d4b92714824fc7d2f06e57b58d2b730a00e0199effb6?s=96&d=mm&r=g","url":"https:\/\/secure.gravatar.com\/avatar\/8eb3cb357606a6c8ed98d4b92714824fc7d2f06e57b58d2b730a00e0199effb6?s=96&d=mm&r=g","contentUrl":"https:\/\/secure.gravatar.com\/avatar\/8eb3cb357606a6c8ed98d4b92714824fc7d2f06e57b58d2b730a00e0199effb6?s=96&d=mm&r=g","caption":"Heike H\u00e4rma"},"url":"https:\/\/www.eoc.ee\/fr\/author\/heike\/"}]}},"_links":{"self":[{"href":"https:\/\/www.eoc.ee\/fr\/wp-json\/wp\/v2\/posts\/7839","targetHints":{"allow":["GET"]}}],"collection":[{"href":"https:\/\/www.eoc.ee\/fr\/wp-json\/wp\/v2\/posts"}],"about":[{"href":"https:\/\/www.eoc.ee\/fr\/wp-json\/wp\/v2\/types\/post"}],"author":[{"embeddable":true,"href":"https:\/\/www.eoc.ee\/fr\/wp-json\/wp\/v2\/users\/7"}],"replies":[{"embeddable":true,"href":"https:\/\/www.eoc.ee\/fr\/wp-json\/wp\/v2\/comments?post=7839"}],"version-history":[{"count":4,"href":"https:\/\/www.eoc.ee\/fr\/wp-json\/wp\/v2\/posts\/7839\/revisions"}],"predecessor-version":[{"id":8052,"href":"https:\/\/www.eoc.ee\/fr\/wp-json\/wp\/v2\/posts\/7839\/revisions\/8052"}],"wp:attachment":[{"href":"https:\/\/www.eoc.ee\/fr\/wp-json\/wp\/v2\/media?parent=7839"}],"wp:term":[{"taxonomy":"category","embeddable":true,"href":"https:\/\/www.eoc.ee\/fr\/wp-json\/wp\/v2\/categories?post=7839"},{"taxonomy":"post_tag","embeddable":true,"href":"https:\/\/www.eoc.ee\/fr\/wp-json\/wp\/v2\/tags?post=7839"}],"curies":[{"name":"wp","href":"https:\/\/api.w.org\/{rel}","templated":true}]}}