{"id":7970,"date":"2015-01-26T11:13:47","date_gmt":"2015-01-26T09:13:47","guid":{"rendered":"http:\/\/www.eoc.ee\/?p=7970"},"modified":"2015-03-24T15:28:56","modified_gmt":"2015-03-24T13:28:56","slug":"saint-just","status":"publish","type":"post","link":"https:\/\/www.eoc.ee\/fr\/orthodoxie\/saint-just\/","title":{"rendered":"Saint Just"},"content":{"rendered":"<p style=\"text-align: center;\"><a href=\"http:\/\/www.eoc.ee\/wp-content\/uploads\/2015\/03\/JustdeLyon.jpg\"><img loading=\"lazy\" decoding=\"async\" class=\"alignnone size-medium wp-image-9857\" alt=\"JustdeLyon\" src=\"http:\/\/www.eoc.ee\/wp-content\/uploads\/2015\/03\/JustdeLyon-310x368.jpg\" width=\"310\" height=\"368\" srcset=\"https:\/\/www.eoc.ee\/wp-content\/uploads\/2015\/03\/JustdeLyon-310x368.jpg 310w, https:\/\/www.eoc.ee\/wp-content\/uploads\/2015\/03\/JustdeLyon.jpg 397w\" sizes=\"auto, (max-width: 310px) 100vw, 310px\" \/><\/a><\/p>\n<p>Archev\u00eaque de Lyon et moine au d\u00e9sert de Sc\u00e9t\u00e9 (Egypte)<\/p>\n<p>Saint Just (en latin : Iustus) naquit \u00e0 Tournon, sur les bords du Rh\u00f4ne, dans la premi\u00e8re moiti\u00e9 du IVe si\u00e8cle. Son p\u00e8re \u00e9tait gouverneur de la province environnante, appel\u00e9e depuis Vivarais. Lorsque le jeune Just eut atteint l&rsquo;\u00e2ge d&rsquo;\u00e9tudier, ses parents, qui voulaient lui donner une \u00e9ducation chr\u00e9tienne, le mirent sous la conduite de saint Paschasius, archev\u00eaque de Vienne, qui fut l&rsquo;un des plus grands \u00e9v\u00eaques de son temps.<\/p>\n<p>Ce dernier eut la satisfaction de voir son jeune disciple cro\u00eetre en sagesse et en vertu. Just fit \u00e0 son \u00e9cole de si grands progr\u00e8s dans la pri\u00e8re et dans l&rsquo;\u00e9tude des Saintes Ecritures que Claudius, le successeur de saint Paschasius, l&rsquo;ordonna diacre. Peu de temps apr\u00e8s, vers 350, \u00e0 la suite de la mort de V\u00e9rissimus, le si\u00e8ge \u00e9piscopal de Lyon \u00e9tant vacant, saint Just y fut \u00e9lu malgr\u00e9 les vains efforts qu&rsquo;il fournit pour se soustraire \u00e0 cet honneur. Il gouverna son peuple avec tant de z\u00e8le, d&rsquo;humilit\u00e9 et de douceur que tous le regardaient comme un ange descendu du ciel. Son z\u00e8le le rendit la terreur des d\u00e9mons et des pa\u00efens. Sa mis\u00e9ricorde \u00e9tait si grande qu&rsquo;on l&rsquo;appelait le P\u00e8re des pauvres, le protecteur des veuves et des orphelins, le refuge des malades. Il \u00e9tait attentif \u00e0 tous et sa charit\u00e9 s&rsquo;\u00e9tendait \u00e0 toutes les cr\u00e9atures.<\/p>\n<p>Il participa \u00e0 deux conciles, celui de Valence en 374, puis celui d&rsquo;Aquil\u00e9e en 381, ce dernier fut r\u00e9uni pour condamner l&rsquo;h\u00e9r\u00e9sie arienne. Deux \u00e9v\u00eaques de ce parti, Palladius et Secondianus, appuy\u00e9s par Justine, femme de l&#8217;empereur Valentinien l&rsquo;Ancien, demandaient un concile g\u00e9n\u00e9ral pour revoir ce qui avait d\u00e9j\u00e0 \u00e9t\u00e9 arr\u00eat\u00e9 et d\u00e9fini. Saint Ambroise de Milan s&rsquo;y opposa, et consentit seulement \u00e0 la tenue d&rsquo;un concile provincial. N\u00e9anmoins, l&#8217;empereur Gratien laissa \u00e0 d&rsquo;autres \u00e9v\u00eaques la libert\u00e9 d&rsquo;y assister. Ceux des Gaules furent convoqu\u00e9s, mais, ne voulant pas quitter leurs dioc\u00e8ses, ils se content\u00e8rent d&rsquo;y envoyer trois d\u00e9put\u00e9s. Saint Just fut l&rsquo;un d&rsquo;eux. Il se rendit \u00e0 Aquil\u00e9e et fut l&rsquo;un des trente-deux \u00e9v\u00eaques qui compos\u00e8rent le concile, que pr\u00e9sidait saint Val\u00e9rien d&rsquo;Aquil\u00e9e. Saint Ambroise ouvrit la s\u00e9ance inaugurale et demanda \u00e0 saint Just de prendre la parole. Celui-ci d\u00e9clara, au nom de tous les \u00e9v\u00eaques des Gaules, que celui qui ne confessait pas que le Fils de Dieu \u00e9tait co\u00e9ternel \u00e0 son P\u00e8re devait \u00eatre anath\u00e8me. D\u00e8s lors, il demanda que l&rsquo;on destitu\u00e2t Palladius et Secondianus de l&rsquo;\u00e9piscopat et du sacerdoce, comme des blasph\u00e9mateurs qui suivaient les erreurs impies d&rsquo;Arius. Cette proposition fut ent\u00e9rin\u00e9e par l&rsquo;ensemble du concile. Saint Just sortit de cette assembl\u00e9e avec la gloire d&rsquo;avoir soutenu la foi orthodoxe et d&rsquo;avoir dignement repr\u00e9sent\u00e9 l&rsquo;\u00e9piscopat des Gaules.<\/p>\n<p>Peu apr\u00e8s son retour, alors que l&rsquo;on esp\u00e9rait le voir diriger son Eglise pendant de nombreuses ann\u00e9es encore, un incident impr\u00e9vu le fit renoncer \u00e0 sa charge et l&rsquo;amena \u00e0 se retirer au d\u00e9sert, pour donner libre cours \u00e0 son z\u00e8le pour la pri\u00e8re et la solitude.<\/p>\n<p>Un homme en proie \u00e0 la folie, dans un acc\u00e8s de violence, massacra plusieurs personnes dans les rues de Lyon. On voulut le saisir, mais, revenant \u00e0 lui, l&rsquo;homme s&rsquo;\u00e9chappa et alla se r\u00e9fugier dans l&rsquo;\u00e9glise o\u00f9 il s&rsquo;enferma. La saintet\u00e9 du lieu arr\u00eata quelque temps le peuple et l&#8217;emp\u00eacha de passer outre ; mais le tumulte reprenant peu \u00e0 peu, on mena\u00e7a saint Just, qui soutenait l&rsquo;immunit\u00e9 de cet asile, de briser ou de br\u00fbler les portes s&rsquo;il ne le faisait pas sortir. Il leur expliqua, avec sa douceur et son z\u00e8le ordinaires, qu&rsquo;ils commettraient un grand crime en violant la saintet\u00e9 du temple de Dieu. Sur ces entrefaites, un magistrat arriva. Il esp\u00e9rait par son adresse apaiser le tumulte. II s&rsquo;adressa \u00e0 l&rsquo;\u00e9v\u00eaque et le pria de lui livrer cet homme pour le conduire en prison, en lui donnant sa parole que, d\u00e8s que le trouble serait apais\u00e9 et les gens dispers\u00e9s, il le lui ram\u00e8nerait. L&rsquo;homme de Dieu lui fit confiance et lui livra le malheureux; mais \u00e0 peine fut-il sorti de l&rsquo;\u00e9glise que le peuple l&rsquo;arracha des mains du magistrat, le tra\u00eena par les rues et le fit mourir cruellement.<\/p>\n<p>Cet \u00e9v\u00e9nement affecta profond\u00e9ment saint Just ; sans chercher \u00e0 se justifier en pr\u00e9textant sa bonne foi et ses bonnes intentions, il se regarda comme responsable de la mort de cet homme. Il n&rsquo;accusa ni le peuple ni le magistrat, mais se d\u00e9clara lui-m\u00eame indigne de l&rsquo;\u00e9piscopat, et se retira dans sa maison natale de Tournon. Tous ses amis, venus l&rsquo;y visiter, ne parvinrent pas \u00e0 le faire revenir sur sa d\u00e9cision.<\/p>\n<p>Une nuit, il partit secr\u00e8tement de sa demeure accompagn\u00e9 d&rsquo;un jeune lecteur de son \u00e9glise, nomm\u00e9 Viator. Il prit le chemin d&rsquo;Arles, puis de Marseille, o\u00f9 il s&#8217;embarqua pour l&rsquo;Egypte.<\/p>\n<p>A peine arriv\u00e9, il se retira au d\u00e9sert de Sc\u00e9t\u00e9 en compagnie des saints moines qui peuplaient alors ces solitudes. Il ne r\u00e9v\u00e9la ni son nom ni sa dignit\u00e9, mais, en compagnie de saint Viator son compagnon, il v\u00e9cut au d\u00e9sert comme un simple moine ignor\u00e9 de tous. Il demeura ainsi pendant plusieurs ann\u00e9es dans une profonde humilit\u00e9 et une parfaite ob\u00e9issance. Dieu, cependant, qui ne voulait pas laisser m\u00e9conna\u00eetre une telle saintet\u00e9, lui qui \u00e9l\u00e8ve ceux qui s&rsquo;humilient, permit qu&rsquo;un p\u00e8lerin lyonnais se fit moine dans le monast\u00e8re o\u00f9 vivait notre saint. L&rsquo;ayant reconnu, il fit une m\u00e9tanie devant lui et lui demanda sa b\u00e9n\u00e9diction. Les moines, \u00e9tonn\u00e9s, lui demand\u00e8rent la raison d&rsquo;un tel geste. Il leur r\u00e9pondit que cet humble moine qui vivait au milieu d&rsquo;eux depuis plusieurs ann\u00e9es n&rsquo;\u00e9tait autre que le grand \u00e9v\u00eaque Just, m\u00e9tropolite de Lyon. Pendant que celui-ci se d\u00e9solait d&rsquo;avoir \u00e9t\u00e9 reconnu, l&rsquo;ensemble de la communaut\u00e9, confuse de ne pas l&rsquo;avoir trait\u00e9 selon sa dignit\u00e9, lui demanda pardon du peu de respect qu&rsquo;elle lui avait t\u00e9moign\u00e9 jusqu&rsquo;\u00e0 ce jour, dans l&rsquo;ignorance qu&rsquo;elle \u00e9tait de sa dignit\u00e9. Mais lui les pria de le garder en leur compagnie comme auparavant, sans \u00e9gard \u00e0 son rang, ce qu&rsquo;ils accept\u00e8rent. Il continua donc \u00e0 vivre comme un simple moine avec la m\u00eame perfection et la m\u00eame humilit\u00e9, se contentant de prier sans cesse pour son troupeau qui \u00e9tait toujours pr\u00e9sent \u00e0 son esprit.<\/p>\n<p>Quelques ann\u00e9es pass\u00e8rent jusqu&rsquo;\u00e0 ce qu&rsquo;Antiochus, qui devait \u00eatre le troisi\u00e8me successeur de Just sur le si\u00e8ge \u00e9piscopal de Lyon, pouss\u00e9 par l&rsquo;Esprit, eut le d\u00e9sir de revoir le saint pr\u00e9lat. Il s&#8217;embarqua donc \u00e0 Marseille pour l&rsquo;Egypte. Saint Just, qui en avait eu la r\u00e9v\u00e9lation, annon\u00e7a cette nouvelle \u00e0 saint Viator, et lui indiquait \u00e9tape par \u00e9tape les lieux par o\u00f9 Antiochus passait. Apr\u00e8s que ce dernier eut rejoint leur monast\u00e8re, une fois les salutations achev\u00e9es, saint Just prit la parole et dit : \u00a0\u00bb Sois le bienvenu, la fin de ma vie approche et Dieu t&rsquo;a envoy\u00e9 pour me rendre les devoirs de la s\u00e9pulture\u00a0\u00bb. Antiochus et Viator furent attrist\u00e9s de ces paroles. Le compagnon de Just le lui d\u00e9clara, mais celui-ci le consola par une autre pr\u00e9dication : \u00a0\u00bb Ne t&rsquo;attriste pas, mon enfant, de me voir partir de ce monde; tu me suivras bient\u00f4t dans la vie \u00e9ternelle. \u00a0\u00bb En effet, saint Just expira le 2 septembre 390, et son disciple le suivit un mois apr\u00e8s.<\/p>\n<p>Les Lyonnais, ayant appris la mort de leur \u00e9v\u00eaque, envoy\u00e8rent quelques uns d&rsquo;entre eux en Egypte pour aller chercher son corps et le ramener \u00e0 Lyon, o\u00f9 on l&rsquo;inhuma dans l&rsquo;\u00e9glise des Macchab\u00e9es, qui \u00e9tait \u00e0 cette \u00e9poque la cath\u00e9drale de la ville.<\/p>\n<p>Le tombeau de ce grand \u00e9v\u00eaque de Lyon devint l&rsquo;objet de la v\u00e9n\u00e9ration de tout le peuple. Chaque ann\u00e9e, pour sa f\u00eate, des foules nombreuses s&rsquo;y rassemblaient. Saint Sidoine Apollinaire qui y avait assist\u00e9, raconte que l&rsquo;on marchait en procession avant le jour, et qu&rsquo;il y avait une si grande affluence de peuple que l&rsquo;\u00e9glise ne pouvait le contenir en entier. Un nombre infini de cierges \u00e9taient allum\u00e9s. Pendant l&rsquo;agrypnie, les psaumes \u00e9taient chant\u00e9s alternativement \u00e0 deux ch\u0153urs par les moines, le clerg\u00e9 et les fid\u00e8les. A l&rsquo;issue de cet office, on se retirait jusqu&rsquo;\u00e0 l&rsquo;heure de Tierce \u00e0 laquelle on se rassemblait pour la Divine liturgie.<\/p>\n","protected":false},"excerpt":{"rendered":"<p>Archev\u00eaque de Lyon et moine au d\u00e9sert de Sc\u00e9t\u00e9 (Egypte) Saint Just (en latin : Iustus) naquit \u00e0 Tournon, sur les bords du Rh\u00f4ne, dans la premi\u00e8re moiti\u00e9 du IVe si\u00e8cle. Son p\u00e8re \u00e9tait gouverneur de la province environnante, appel\u00e9e depuis Vivarais. Lorsque le jeune Just eut atteint l&rsquo;\u00e2ge d&rsquo;\u00e9tudier, ses parents, qui voulaient lui [&hellip;]<\/p>\n","protected":false},"author":7,"featured_media":0,"comment_status":"closed","ping_status":"open","sticky":false,"template":"","format":"standard","meta":{"_exactmetrics_skip_tracking":false,"_exactmetrics_sitenote_active":false,"_exactmetrics_sitenote_note":"","_exactmetrics_sitenote_category":0,"_monsterinsights_skip_tracking":false,"_monsterinsights_sitenote_active":false,"_monsterinsights_sitenote_note":"","_monsterinsights_sitenote_category":0,"footnotes":""},"categories":[124,198],"tags":[137,138,131,153,140,142,139],"class_list":["post-7970","post","type-post","status-publish","format-standard","hentry","category-orthodoxie","category-synaxaire","tag-foi","tag-heritage","tag-orthodoxie-2","tag-peres","tag-saint","tag-spiritualite-2","tag-traditions-2"],"yoast_head":"<!-- This site is optimized with the Yoast SEO plugin v27.5 - https:\/\/yoast.com\/product\/yoast-seo-wordpress\/ -->\n<title>Saint Just &#8211; \u00c9glise Orthodoxe d&#039;Estonie<\/title>\n<meta name=\"robots\" content=\"index, follow, max-snippet:-1, max-image-preview:large, max-video-preview:-1\" \/>\n<link rel=\"canonical\" href=\"https:\/\/www.eoc.ee\/fr\/orthodoxie\/saint-just\/\" \/>\n<meta property=\"og:locale\" content=\"fr_FR\" \/>\n<meta property=\"og:type\" content=\"article\" \/>\n<meta property=\"og:title\" content=\"Saint Just &#8211; \u00c9glise Orthodoxe d&#039;Estonie\" \/>\n<meta property=\"og:description\" content=\"Archev\u00eaque de Lyon et moine au d\u00e9sert de Sc\u00e9t\u00e9 (Egypte) Saint Just (en latin : Iustus) naquit \u00e0 Tournon, sur les bords du Rh\u00f4ne, dans la premi\u00e8re moiti\u00e9 du IVe si\u00e8cle. Son p\u00e8re \u00e9tait gouverneur de la province environnante, appel\u00e9e depuis Vivarais. Lorsque le jeune Just eut atteint l&rsquo;\u00e2ge d&rsquo;\u00e9tudier, ses parents, qui voulaient lui [&hellip;]\" \/>\n<meta property=\"og:url\" content=\"https:\/\/www.eoc.ee\/fr\/orthodoxie\/saint-just\/\" \/>\n<meta property=\"og:site_name\" content=\"\u00c9glise Orthodoxe d&#039;Estonie\" \/>\n<meta property=\"article:published_time\" content=\"2015-01-26T09:13:47+00:00\" \/>\n<meta property=\"article:modified_time\" content=\"2015-03-24T13:28:56+00:00\" \/>\n<meta property=\"og:image\" content=\"https:\/\/www.eoc.ee\/wp-content\/uploads\/2015\/03\/JustdeLyon.jpg\" \/>\n\t<meta property=\"og:image:width\" content=\"397\" \/>\n\t<meta property=\"og:image:height\" content=\"472\" \/>\n\t<meta property=\"og:image:type\" content=\"image\/jpeg\" \/>\n<meta name=\"author\" content=\"Heike H\u00e4rma\" \/>\n<meta name=\"twitter:label1\" content=\"\u00c9crit par\" \/>\n\t<meta name=\"twitter:data1\" content=\"Heike H\u00e4rma\" \/>\n\t<meta name=\"twitter:label2\" content=\"Dur\u00e9e de lecture estim\u00e9e\" \/>\n\t<meta name=\"twitter:data2\" content=\"7 minutes\" \/>\n<script type=\"application\/ld+json\" class=\"yoast-schema-graph\">{\"@context\":\"https:\\\/\\\/schema.org\",\"@graph\":[{\"@type\":\"Article\",\"@id\":\"https:\\\/\\\/www.eoc.ee\\\/fr\\\/orthodoxie\\\/saint-just\\\/#article\",\"isPartOf\":{\"@id\":\"https:\\\/\\\/www.eoc.ee\\\/fr\\\/orthodoxie\\\/saint-just\\\/\"},\"author\":{\"name\":\"Heike H\u00e4rma\",\"@id\":\"https:\\\/\\\/www.eoc.ee\\\/#\\\/schema\\\/person\\\/bfa03b2406703aa1a9256392aaa001b3\"},\"headline\":\"Saint Just\",\"datePublished\":\"2015-01-26T09:13:47+00:00\",\"dateModified\":\"2015-03-24T13:28:56+00:00\",\"mainEntityOfPage\":{\"@id\":\"https:\\\/\\\/www.eoc.ee\\\/fr\\\/orthodoxie\\\/saint-just\\\/\"},\"wordCount\":1536,\"image\":{\"@id\":\"https:\\\/\\\/www.eoc.ee\\\/fr\\\/orthodoxie\\\/saint-just\\\/#primaryimage\"},\"thumbnailUrl\":\"http:\\\/\\\/www.eoc.ee\\\/wp-content\\\/uploads\\\/2015\\\/03\\\/JustdeLyon-310x368.jpg\",\"keywords\":[\"foi\",\"h\u00e9ritage\",\"orthodoxie\",\"peres\",\"saint\",\"spiritualite\",\"traditions\"],\"articleSection\":[\"Orthodoxie\",\"Synaxaire\"],\"inLanguage\":\"fr-FR\"},{\"@type\":\"WebPage\",\"@id\":\"https:\\\/\\\/www.eoc.ee\\\/fr\\\/orthodoxie\\\/saint-just\\\/\",\"url\":\"https:\\\/\\\/www.eoc.ee\\\/fr\\\/orthodoxie\\\/saint-just\\\/\",\"name\":\"Saint Just &#8211; \u00c9glise Orthodoxe d'Estonie\",\"isPartOf\":{\"@id\":\"https:\\\/\\\/www.eoc.ee\\\/#website\"},\"primaryImageOfPage\":{\"@id\":\"https:\\\/\\\/www.eoc.ee\\\/fr\\\/orthodoxie\\\/saint-just\\\/#primaryimage\"},\"image\":{\"@id\":\"https:\\\/\\\/www.eoc.ee\\\/fr\\\/orthodoxie\\\/saint-just\\\/#primaryimage\"},\"thumbnailUrl\":\"http:\\\/\\\/www.eoc.ee\\\/wp-content\\\/uploads\\\/2015\\\/03\\\/JustdeLyon-310x368.jpg\",\"datePublished\":\"2015-01-26T09:13:47+00:00\",\"dateModified\":\"2015-03-24T13:28:56+00:00\",\"author\":{\"@id\":\"https:\\\/\\\/www.eoc.ee\\\/#\\\/schema\\\/person\\\/bfa03b2406703aa1a9256392aaa001b3\"},\"breadcrumb\":{\"@id\":\"https:\\\/\\\/www.eoc.ee\\\/fr\\\/orthodoxie\\\/saint-just\\\/#breadcrumb\"},\"inLanguage\":\"fr-FR\",\"potentialAction\":[{\"@type\":\"ReadAction\",\"target\":[\"https:\\\/\\\/www.eoc.ee\\\/fr\\\/orthodoxie\\\/saint-just\\\/\"]}]},{\"@type\":\"ImageObject\",\"inLanguage\":\"fr-FR\",\"@id\":\"https:\\\/\\\/www.eoc.ee\\\/fr\\\/orthodoxie\\\/saint-just\\\/#primaryimage\",\"url\":\"http:\\\/\\\/www.eoc.ee\\\/wp-content\\\/uploads\\\/2015\\\/03\\\/JustdeLyon-310x368.jpg\",\"contentUrl\":\"http:\\\/\\\/www.eoc.ee\\\/wp-content\\\/uploads\\\/2015\\\/03\\\/JustdeLyon-310x368.jpg\"},{\"@type\":\"BreadcrumbList\",\"@id\":\"https:\\\/\\\/www.eoc.ee\\\/fr\\\/orthodoxie\\\/saint-just\\\/#breadcrumb\",\"itemListElement\":[{\"@type\":\"ListItem\",\"position\":1,\"name\":\"Home\",\"item\":\"https:\\\/\\\/www.eoc.ee\\\/\"},{\"@type\":\"ListItem\",\"position\":2,\"name\":\"Saint Just\"}]},{\"@type\":\"WebSite\",\"@id\":\"https:\\\/\\\/www.eoc.ee\\\/#website\",\"url\":\"https:\\\/\\\/www.eoc.ee\\\/\",\"name\":\"\u00c9glise Orthodoxe d'Estonie\",\"description\":\"Eesti Apostlik-\u00d5igeusu Kirik\",\"potentialAction\":[{\"@type\":\"SearchAction\",\"target\":{\"@type\":\"EntryPoint\",\"urlTemplate\":\"https:\\\/\\\/www.eoc.ee\\\/?s={search_term_string}\"},\"query-input\":{\"@type\":\"PropertyValueSpecification\",\"valueRequired\":true,\"valueName\":\"search_term_string\"}}],\"inLanguage\":\"fr-FR\"},{\"@type\":\"Person\",\"@id\":\"https:\\\/\\\/www.eoc.ee\\\/#\\\/schema\\\/person\\\/bfa03b2406703aa1a9256392aaa001b3\",\"name\":\"Heike H\u00e4rma\",\"image\":{\"@type\":\"ImageObject\",\"inLanguage\":\"fr-FR\",\"@id\":\"https:\\\/\\\/secure.gravatar.com\\\/avatar\\\/8eb3cb357606a6c8ed98d4b92714824fc7d2f06e57b58d2b730a00e0199effb6?s=96&d=mm&r=g\",\"url\":\"https:\\\/\\\/secure.gravatar.com\\\/avatar\\\/8eb3cb357606a6c8ed98d4b92714824fc7d2f06e57b58d2b730a00e0199effb6?s=96&d=mm&r=g\",\"contentUrl\":\"https:\\\/\\\/secure.gravatar.com\\\/avatar\\\/8eb3cb357606a6c8ed98d4b92714824fc7d2f06e57b58d2b730a00e0199effb6?s=96&d=mm&r=g\",\"caption\":\"Heike H\u00e4rma\"},\"url\":\"https:\\\/\\\/www.eoc.ee\\\/fr\\\/author\\\/heike\\\/\"}]}<\/script>\n<!-- \/ Yoast SEO plugin. -->","yoast_head_json":{"title":"Saint Just &#8211; \u00c9glise Orthodoxe d'Estonie","robots":{"index":"index","follow":"follow","max-snippet":"max-snippet:-1","max-image-preview":"max-image-preview:large","max-video-preview":"max-video-preview:-1"},"canonical":"https:\/\/www.eoc.ee\/fr\/orthodoxie\/saint-just\/","og_locale":"fr_FR","og_type":"article","og_title":"Saint Just &#8211; \u00c9glise Orthodoxe d'Estonie","og_description":"Archev\u00eaque de Lyon et moine au d\u00e9sert de Sc\u00e9t\u00e9 (Egypte) Saint Just (en latin : Iustus) naquit \u00e0 Tournon, sur les bords du Rh\u00f4ne, dans la premi\u00e8re moiti\u00e9 du IVe si\u00e8cle. Son p\u00e8re \u00e9tait gouverneur de la province environnante, appel\u00e9e depuis Vivarais. Lorsque le jeune Just eut atteint l&rsquo;\u00e2ge d&rsquo;\u00e9tudier, ses parents, qui voulaient lui [&hellip;]","og_url":"https:\/\/www.eoc.ee\/fr\/orthodoxie\/saint-just\/","og_site_name":"\u00c9glise Orthodoxe d'Estonie","article_published_time":"2015-01-26T09:13:47+00:00","article_modified_time":"2015-03-24T13:28:56+00:00","og_image":[{"width":397,"height":472,"url":"https:\/\/www.eoc.ee\/wp-content\/uploads\/2015\/03\/JustdeLyon.jpg","type":"image\/jpeg"}],"author":"Heike H\u00e4rma","twitter_misc":{"\u00c9crit par":"Heike H\u00e4rma","Dur\u00e9e de lecture estim\u00e9e":"7 minutes"},"schema":{"@context":"https:\/\/schema.org","@graph":[{"@type":"Article","@id":"https:\/\/www.eoc.ee\/fr\/orthodoxie\/saint-just\/#article","isPartOf":{"@id":"https:\/\/www.eoc.ee\/fr\/orthodoxie\/saint-just\/"},"author":{"name":"Heike H\u00e4rma","@id":"https:\/\/www.eoc.ee\/#\/schema\/person\/bfa03b2406703aa1a9256392aaa001b3"},"headline":"Saint Just","datePublished":"2015-01-26T09:13:47+00:00","dateModified":"2015-03-24T13:28:56+00:00","mainEntityOfPage":{"@id":"https:\/\/www.eoc.ee\/fr\/orthodoxie\/saint-just\/"},"wordCount":1536,"image":{"@id":"https:\/\/www.eoc.ee\/fr\/orthodoxie\/saint-just\/#primaryimage"},"thumbnailUrl":"http:\/\/www.eoc.ee\/wp-content\/uploads\/2015\/03\/JustdeLyon-310x368.jpg","keywords":["foi","h\u00e9ritage","orthodoxie","peres","saint","spiritualite","traditions"],"articleSection":["Orthodoxie","Synaxaire"],"inLanguage":"fr-FR"},{"@type":"WebPage","@id":"https:\/\/www.eoc.ee\/fr\/orthodoxie\/saint-just\/","url":"https:\/\/www.eoc.ee\/fr\/orthodoxie\/saint-just\/","name":"Saint Just &#8211; \u00c9glise Orthodoxe d'Estonie","isPartOf":{"@id":"https:\/\/www.eoc.ee\/#website"},"primaryImageOfPage":{"@id":"https:\/\/www.eoc.ee\/fr\/orthodoxie\/saint-just\/#primaryimage"},"image":{"@id":"https:\/\/www.eoc.ee\/fr\/orthodoxie\/saint-just\/#primaryimage"},"thumbnailUrl":"http:\/\/www.eoc.ee\/wp-content\/uploads\/2015\/03\/JustdeLyon-310x368.jpg","datePublished":"2015-01-26T09:13:47+00:00","dateModified":"2015-03-24T13:28:56+00:00","author":{"@id":"https:\/\/www.eoc.ee\/#\/schema\/person\/bfa03b2406703aa1a9256392aaa001b3"},"breadcrumb":{"@id":"https:\/\/www.eoc.ee\/fr\/orthodoxie\/saint-just\/#breadcrumb"},"inLanguage":"fr-FR","potentialAction":[{"@type":"ReadAction","target":["https:\/\/www.eoc.ee\/fr\/orthodoxie\/saint-just\/"]}]},{"@type":"ImageObject","inLanguage":"fr-FR","@id":"https:\/\/www.eoc.ee\/fr\/orthodoxie\/saint-just\/#primaryimage","url":"http:\/\/www.eoc.ee\/wp-content\/uploads\/2015\/03\/JustdeLyon-310x368.jpg","contentUrl":"http:\/\/www.eoc.ee\/wp-content\/uploads\/2015\/03\/JustdeLyon-310x368.jpg"},{"@type":"BreadcrumbList","@id":"https:\/\/www.eoc.ee\/fr\/orthodoxie\/saint-just\/#breadcrumb","itemListElement":[{"@type":"ListItem","position":1,"name":"Home","item":"https:\/\/www.eoc.ee\/"},{"@type":"ListItem","position":2,"name":"Saint Just"}]},{"@type":"WebSite","@id":"https:\/\/www.eoc.ee\/#website","url":"https:\/\/www.eoc.ee\/","name":"\u00c9glise Orthodoxe d'Estonie","description":"Eesti Apostlik-\u00d5igeusu Kirik","potentialAction":[{"@type":"SearchAction","target":{"@type":"EntryPoint","urlTemplate":"https:\/\/www.eoc.ee\/?s={search_term_string}"},"query-input":{"@type":"PropertyValueSpecification","valueRequired":true,"valueName":"search_term_string"}}],"inLanguage":"fr-FR"},{"@type":"Person","@id":"https:\/\/www.eoc.ee\/#\/schema\/person\/bfa03b2406703aa1a9256392aaa001b3","name":"Heike H\u00e4rma","image":{"@type":"ImageObject","inLanguage":"fr-FR","@id":"https:\/\/secure.gravatar.com\/avatar\/8eb3cb357606a6c8ed98d4b92714824fc7d2f06e57b58d2b730a00e0199effb6?s=96&d=mm&r=g","url":"https:\/\/secure.gravatar.com\/avatar\/8eb3cb357606a6c8ed98d4b92714824fc7d2f06e57b58d2b730a00e0199effb6?s=96&d=mm&r=g","contentUrl":"https:\/\/secure.gravatar.com\/avatar\/8eb3cb357606a6c8ed98d4b92714824fc7d2f06e57b58d2b730a00e0199effb6?s=96&d=mm&r=g","caption":"Heike H\u00e4rma"},"url":"https:\/\/www.eoc.ee\/fr\/author\/heike\/"}]}},"_links":{"self":[{"href":"https:\/\/www.eoc.ee\/fr\/wp-json\/wp\/v2\/posts\/7970","targetHints":{"allow":["GET"]}}],"collection":[{"href":"https:\/\/www.eoc.ee\/fr\/wp-json\/wp\/v2\/posts"}],"about":[{"href":"https:\/\/www.eoc.ee\/fr\/wp-json\/wp\/v2\/types\/post"}],"author":[{"embeddable":true,"href":"https:\/\/www.eoc.ee\/fr\/wp-json\/wp\/v2\/users\/7"}],"replies":[{"embeddable":true,"href":"https:\/\/www.eoc.ee\/fr\/wp-json\/wp\/v2\/comments?post=7970"}],"version-history":[{"count":3,"href":"https:\/\/www.eoc.ee\/fr\/wp-json\/wp\/v2\/posts\/7970\/revisions"}],"predecessor-version":[{"id":9858,"href":"https:\/\/www.eoc.ee\/fr\/wp-json\/wp\/v2\/posts\/7970\/revisions\/9858"}],"wp:attachment":[{"href":"https:\/\/www.eoc.ee\/fr\/wp-json\/wp\/v2\/media?parent=7970"}],"wp:term":[{"taxonomy":"category","embeddable":true,"href":"https:\/\/www.eoc.ee\/fr\/wp-json\/wp\/v2\/categories?post=7970"},{"taxonomy":"post_tag","embeddable":true,"href":"https:\/\/www.eoc.ee\/fr\/wp-json\/wp\/v2\/tags?post=7970"}],"curies":[{"name":"wp","href":"https:\/\/api.w.org\/{rel}","templated":true}]}}