{"id":8121,"date":"2015-01-27T09:44:19","date_gmt":"2015-01-27T07:44:19","guid":{"rendered":"http:\/\/www.eoc.ee\/?p=8121"},"modified":"2015-03-06T12:32:44","modified_gmt":"2015-03-06T10:32:44","slug":"message-pascal-an-de-graces-2009","status":"publish","type":"post","link":"https:\/\/www.eoc.ee\/fr\/messages\/message-pascal-an-de-graces-2009\/","title":{"rendered":"MESSAGE PASCAL AN DE GRACES 2009"},"content":{"rendered":"<p><b>\u00abPourquoi cherchez-vous parmi les morts celui qui vit ?<\/b><br \/>\n<b>\u2028Pourquoi pleurez-vous sur la tombe du Seigneur immortel ? \u00bb\u2028(Matines pascales)<\/b><\/p>\n<p>&nbsp;<\/p>\n<p>Bien-aim\u00e9s dans le Seigneur,\u2028Pr\u00eatres, diacres et fid\u00e8les de notre Sainte Eglise,<\/p>\n<p>Voici enfin venu ce jour de la R\u00e9surrection o\u00f9 la lumi\u00e8re jaillit dans les t\u00e9n\u00e8bres. Dieu est de nouveau \u00e0 l\u2019\u0153uvre, de nouveau il ordonne \u00e0 la lumi\u00e8re d\u2019\u00eatre, de resplendir dans les t\u00e9n\u00e8bres. C\u2019est pour cette raison que l\u2019acclamation : le Christ est ressuscit\u00e9 ! En v\u00e9rit\u00e9 Il est ressuscit\u00e9 ! Retentit avec autant de force. Le message pascal est le message de la lumi\u00e8re pour le monde. Les t\u00e9n\u00e8bres sont vaincues, m\u00eame si elles sont encore puissantes dans le monde d\u2019aujourd\u2019hui, et combien puissantes\u2026et la lumi\u00e8re luit dans les t\u00e9n\u00e8bres, venons-nous de lire dans le passage de l\u2019\u00e9vangile de Jean (1,5), et les t\u00e9n\u00e8bres ne l\u2019ont point saisie.<\/p>\n<p>Une fois pour toutes, le Christ a jailli du tombeau et nous vivons sa r\u00e9surrection maintenant et pour toujours. Comprenons que ce jour est l\u2019aujourd\u2019hui de Dieu qui ne conna\u00eet pas de soir. C\u2019est un jour sans d\u00e9clin. Cette P\u00e2que est bien la P\u00e2que unique : le Christ est l\u00e0, Sa parole se r\u00e9alise. Dans la joie, dans la peine, au milieu de la foule ou de la solitude, nous avons la certitude et la force de sa pr\u00e9sence, la joie que nous procure la foi en Lui. Sa lumi\u00e8re atteint ce qui est \u00e9ternel en nous : notre myst\u00e8re personnel unique. Vivre ce jour, c\u2019est vivre l\u2019amour qui est notre Dieu. C\u2019est recevoir la r\u00e9v\u00e9lation que notre vie \u00e0 chaque instant n\u2019a de sens que si elle est anim\u00e9e par la sienne, par son amour.<\/p>\n<p>Le Christ est ressuscit\u00e9 ! Que toute la Cr\u00e9ation c\u00e9l\u00e8bre la R\u00e9surrection du Christ car en Lui elle est confirm\u00e9e, chante notre Eglise. Mais, se demande le Professeur Olivier Cl\u00e9ment de bienheureuse m\u00e9moire, \u00ab est-il vrai que le Christ est ressuscit\u00e9, ou sommes-nous des menteurs qui se contentent de bien chanter ? \u00bb Et d\u2019ajouter : \u00ab si le Christ est vraiment ressuscit\u00e9, un peu en nous, si peu que ce soit, alors soyons assur\u00e9s que quelles que soient les difficult\u00e9s, l\u2019amour et l\u2019intelligence vaincront \u00bb. Le royaume de Dieu ne vient pas comme un fait observable, a dit le Christ ( Lc 17,20). Il vient, dans toute sa force, sa lumi\u00e8re et sa victoire, chaque fois que nous le faisons sortir des enceintes que nous nous r\u00e9servons \u00e9go\u00efstement pour nous seuls \u00e0 l\u2019int\u00e9rieur de nos \u00e9glises, chaque fois que nous ne l\u2019enfermons pas dans le tombeau de nos espaces psychiques, de nos imaginations, de nos pens\u00e9es et de nos \u00e9motions, o\u00f9 nous croyions poss\u00e9der sa pr\u00e9sence. L\u2019espace myst\u00e9rieux du c\u0153ur, lorsqu\u2019il est habit\u00e9 par J\u00e9sus ressuscit\u00e9, ne conna\u00eet plus de limite ; il porte l\u2019univers dans la largeur et la profondeur de l\u2019amour de son Seigneur.<\/p>\n<p>Alors, laissons-nous saisir par Lui. Offrons-nous \u00e0 Lui tels que nous sommes avec cette certitude que c\u2019est plut\u00f4t Lui qui se saisit de nous pour r\u00e9pandre en chacun de nous sa propre vie, son Esprit Saint. La nuit pascale t\u00e9moigne que le Christ est vivant parmi nous et que nous vivons en Lui. Car le Christ n\u2019est pas mort en vain. Puissions-nous \u00e0 notre tour t\u00e9moigner de cette gr\u00e2ce qui nous p\u00e9n\u00e8tre, nous pacifie et nous sanctifie.<\/p>\n<p>Aujourd\u2019hui le printemps embaume et la nouvelle cr\u00e9ation est en liesse\u2026Aujourd\u2019hui tout est r\u00e9uni : le ciel, la terre, m\u00eame le royaume de la mort. L\u2019univers tout entier prend part \u00e0 cette victoire, trouve son sens, sa confirmation dans la r\u00e9surrection du Christ. N\u2019ayez pas peur, dit l\u2019ange aux trois femmes de l\u2019Evangile ! Vous cherchez J\u00e9sus de Nazareth, le Crucifi\u00e9 ?Il est ressuscit\u00e9, Il n\u2019est pas ici\u2026(Mc 16,6) Telles sont les merveilles que la liturgie pascale nous dit en ce jour aux oreilles. Que notre c\u0153ur les entende.<\/p>\n<p>Avec notre b\u00e9n\u00e9diction paternelle dans le Seigneur surgissant glorieusement du tombeau.<\/p>\n<p>&nbsp;<\/p>\n<p><b>P\u00e2ques du Seigneur, de l\u2019An de gr\u00e2ces 2009.\u2028<\/b><\/p>\n<p><b>+STEPHANOS, M\u00e9tropolite de Tallinn et de toute l\u2019Estonie,\u2028<\/b><br \/>\n<b>+Elias, Ev\u00eaque de Tartu,\u2028<\/b><br \/>\n<b>+Alexander, Ev\u00eaque de P\u00e4rnu-Saare.<\/b><\/p>\n","protected":false},"excerpt":{"rendered":"<p>\u00abPourquoi cherchez-vous parmi les morts celui qui vit ? \u2028Pourquoi pleurez-vous sur la tombe du Seigneur immortel ? \u00bb\u2028(Matines pascales) &nbsp; Bien-aim\u00e9s dans le Seigneur,\u2028Pr\u00eatres, diacres et fid\u00e8les de notre Sainte Eglise, Voici enfin venu ce jour de la R\u00e9surrection o\u00f9 la lumi\u00e8re jaillit dans les t\u00e9n\u00e8bres. Dieu est de nouveau \u00e0 l\u2019\u0153uvre, de nouveau [&hellip;]<\/p>\n","protected":false},"author":7,"featured_media":0,"comment_status":"closed","ping_status":"open","sticky":false,"template":"","format":"standard","meta":{"_exactmetrics_skip_tracking":false,"_exactmetrics_sitenote_active":false,"_exactmetrics_sitenote_note":"","_exactmetrics_sitenote_category":0,"_monsterinsights_skip_tracking":false,"_monsterinsights_sitenote_active":false,"_monsterinsights_sitenote_note":"","_monsterinsights_sitenote_category":0,"footnotes":""},"categories":[186],"tags":[130,128,127,134],"class_list":["post-8121","post","type-post","status-publish","format-standard","hentry","category-messages","tag-eglise","tag-estonie","tag-metropolite-2","tag-paques"],"yoast_head":"<!-- This site is optimized with the Yoast SEO plugin v27.5 - https:\/\/yoast.com\/product\/yoast-seo-wordpress\/ -->\n<title>MESSAGE PASCAL AN DE GRACES 2009 &#8211; \u00c9glise Orthodoxe d&#039;Estonie<\/title>\n<meta name=\"robots\" content=\"index, follow, max-snippet:-1, max-image-preview:large, max-video-preview:-1\" \/>\n<link rel=\"canonical\" href=\"https:\/\/www.eoc.ee\/fr\/metropolite\/messages\/message-pascal-an-de-graces-2009\/\" \/>\n<meta property=\"og:locale\" content=\"fr_FR\" \/>\n<meta property=\"og:type\" content=\"article\" \/>\n<meta property=\"og:title\" content=\"MESSAGE PASCAL AN DE GRACES 2009 &#8211; \u00c9glise Orthodoxe d&#039;Estonie\" \/>\n<meta property=\"og:description\" content=\"\u00abPourquoi cherchez-vous parmi les morts celui qui vit ? \u2028Pourquoi pleurez-vous sur la tombe du Seigneur immortel ? \u00bb\u2028(Matines pascales) &nbsp; Bien-aim\u00e9s dans le Seigneur,\u2028Pr\u00eatres, diacres et fid\u00e8les de notre Sainte Eglise, Voici enfin venu ce jour de la R\u00e9surrection o\u00f9 la lumi\u00e8re jaillit dans les t\u00e9n\u00e8bres. Dieu est de nouveau \u00e0 l\u2019\u0153uvre, de nouveau [&hellip;]\" \/>\n<meta property=\"og:url\" content=\"https:\/\/www.eoc.ee\/fr\/metropolite\/messages\/message-pascal-an-de-graces-2009\/\" \/>\n<meta property=\"og:site_name\" content=\"\u00c9glise Orthodoxe d&#039;Estonie\" \/>\n<meta property=\"article:published_time\" content=\"2015-01-27T07:44:19+00:00\" \/>\n<meta property=\"article:modified_time\" content=\"2015-03-06T10:32:44+00:00\" \/>\n<meta name=\"author\" content=\"Heike H\u00e4rma\" \/>\n<meta name=\"twitter:label1\" content=\"\u00c9crit par\" \/>\n\t<meta name=\"twitter:data1\" content=\"Heike H\u00e4rma\" \/>\n\t<meta name=\"twitter:label2\" content=\"Dur\u00e9e de lecture estim\u00e9e\" \/>\n\t<meta name=\"twitter:data2\" content=\"4 minutes\" \/>\n<script type=\"application\/ld+json\" class=\"yoast-schema-graph\">{\"@context\":\"https:\\\/\\\/schema.org\",\"@graph\":[{\"@type\":\"Article\",\"@id\":\"https:\\\/\\\/www.eoc.ee\\\/fr\\\/metropolite\\\/messages\\\/message-pascal-an-de-graces-2009\\\/#article\",\"isPartOf\":{\"@id\":\"https:\\\/\\\/www.eoc.ee\\\/fr\\\/metropolite\\\/messages\\\/message-pascal-an-de-graces-2009\\\/\"},\"author\":{\"name\":\"Heike H\u00e4rma\",\"@id\":\"https:\\\/\\\/www.eoc.ee\\\/#\\\/schema\\\/person\\\/bfa03b2406703aa1a9256392aaa001b3\"},\"headline\":\"MESSAGE PASCAL AN DE GRACES 2009\",\"datePublished\":\"2015-01-27T07:44:19+00:00\",\"dateModified\":\"2015-03-06T10:32:44+00:00\",\"mainEntityOfPage\":{\"@id\":\"https:\\\/\\\/www.eoc.ee\\\/fr\\\/metropolite\\\/messages\\\/message-pascal-an-de-graces-2009\\\/\"},\"wordCount\":765,\"keywords\":[\"\u00e9glise\",\"Estonie\",\"m\u00e9tropolite\",\"p\u00e2ques\"],\"articleSection\":[\"Messages\"],\"inLanguage\":\"fr-FR\"},{\"@type\":\"WebPage\",\"@id\":\"https:\\\/\\\/www.eoc.ee\\\/fr\\\/metropolite\\\/messages\\\/message-pascal-an-de-graces-2009\\\/\",\"url\":\"https:\\\/\\\/www.eoc.ee\\\/fr\\\/metropolite\\\/messages\\\/message-pascal-an-de-graces-2009\\\/\",\"name\":\"MESSAGE PASCAL AN DE GRACES 2009 &#8211; \u00c9glise Orthodoxe d'Estonie\",\"isPartOf\":{\"@id\":\"https:\\\/\\\/www.eoc.ee\\\/#website\"},\"datePublished\":\"2015-01-27T07:44:19+00:00\",\"dateModified\":\"2015-03-06T10:32:44+00:00\",\"author\":{\"@id\":\"https:\\\/\\\/www.eoc.ee\\\/#\\\/schema\\\/person\\\/bfa03b2406703aa1a9256392aaa001b3\"},\"breadcrumb\":{\"@id\":\"https:\\\/\\\/www.eoc.ee\\\/fr\\\/metropolite\\\/messages\\\/message-pascal-an-de-graces-2009\\\/#breadcrumb\"},\"inLanguage\":\"fr-FR\",\"potentialAction\":[{\"@type\":\"ReadAction\",\"target\":[\"https:\\\/\\\/www.eoc.ee\\\/fr\\\/metropolite\\\/messages\\\/message-pascal-an-de-graces-2009\\\/\"]}]},{\"@type\":\"BreadcrumbList\",\"@id\":\"https:\\\/\\\/www.eoc.ee\\\/fr\\\/metropolite\\\/messages\\\/message-pascal-an-de-graces-2009\\\/#breadcrumb\",\"itemListElement\":[{\"@type\":\"ListItem\",\"position\":1,\"name\":\"Home\",\"item\":\"https:\\\/\\\/www.eoc.ee\\\/\"},{\"@type\":\"ListItem\",\"position\":2,\"name\":\"MESSAGE PASCAL AN DE GRACES 2009\"}]},{\"@type\":\"WebSite\",\"@id\":\"https:\\\/\\\/www.eoc.ee\\\/#website\",\"url\":\"https:\\\/\\\/www.eoc.ee\\\/\",\"name\":\"\u00c9glise Orthodoxe d'Estonie\",\"description\":\"Eesti Apostlik-\u00d5igeusu Kirik\",\"potentialAction\":[{\"@type\":\"SearchAction\",\"target\":{\"@type\":\"EntryPoint\",\"urlTemplate\":\"https:\\\/\\\/www.eoc.ee\\\/?s={search_term_string}\"},\"query-input\":{\"@type\":\"PropertyValueSpecification\",\"valueRequired\":true,\"valueName\":\"search_term_string\"}}],\"inLanguage\":\"fr-FR\"},{\"@type\":\"Person\",\"@id\":\"https:\\\/\\\/www.eoc.ee\\\/#\\\/schema\\\/person\\\/bfa03b2406703aa1a9256392aaa001b3\",\"name\":\"Heike H\u00e4rma\",\"image\":{\"@type\":\"ImageObject\",\"inLanguage\":\"fr-FR\",\"@id\":\"https:\\\/\\\/secure.gravatar.com\\\/avatar\\\/8eb3cb357606a6c8ed98d4b92714824fc7d2f06e57b58d2b730a00e0199effb6?s=96&d=mm&r=g\",\"url\":\"https:\\\/\\\/secure.gravatar.com\\\/avatar\\\/8eb3cb357606a6c8ed98d4b92714824fc7d2f06e57b58d2b730a00e0199effb6?s=96&d=mm&r=g\",\"contentUrl\":\"https:\\\/\\\/secure.gravatar.com\\\/avatar\\\/8eb3cb357606a6c8ed98d4b92714824fc7d2f06e57b58d2b730a00e0199effb6?s=96&d=mm&r=g\",\"caption\":\"Heike H\u00e4rma\"},\"url\":\"https:\\\/\\\/www.eoc.ee\\\/fr\\\/author\\\/heike\\\/\"}]}<\/script>\n<!-- \/ Yoast SEO plugin. -->","yoast_head_json":{"title":"MESSAGE PASCAL AN DE GRACES 2009 &#8211; \u00c9glise Orthodoxe d'Estonie","robots":{"index":"index","follow":"follow","max-snippet":"max-snippet:-1","max-image-preview":"max-image-preview:large","max-video-preview":"max-video-preview:-1"},"canonical":"https:\/\/www.eoc.ee\/fr\/metropolite\/messages\/message-pascal-an-de-graces-2009\/","og_locale":"fr_FR","og_type":"article","og_title":"MESSAGE PASCAL AN DE GRACES 2009 &#8211; \u00c9glise Orthodoxe d'Estonie","og_description":"\u00abPourquoi cherchez-vous parmi les morts celui qui vit ? \u2028Pourquoi pleurez-vous sur la tombe du Seigneur immortel ? \u00bb\u2028(Matines pascales) &nbsp; Bien-aim\u00e9s dans le Seigneur,\u2028Pr\u00eatres, diacres et fid\u00e8les de notre Sainte Eglise, Voici enfin venu ce jour de la R\u00e9surrection o\u00f9 la lumi\u00e8re jaillit dans les t\u00e9n\u00e8bres. Dieu est de nouveau \u00e0 l\u2019\u0153uvre, de nouveau [&hellip;]","og_url":"https:\/\/www.eoc.ee\/fr\/metropolite\/messages\/message-pascal-an-de-graces-2009\/","og_site_name":"\u00c9glise Orthodoxe d'Estonie","article_published_time":"2015-01-27T07:44:19+00:00","article_modified_time":"2015-03-06T10:32:44+00:00","author":"Heike H\u00e4rma","twitter_misc":{"\u00c9crit par":"Heike H\u00e4rma","Dur\u00e9e de lecture estim\u00e9e":"4 minutes"},"schema":{"@context":"https:\/\/schema.org","@graph":[{"@type":"Article","@id":"https:\/\/www.eoc.ee\/fr\/metropolite\/messages\/message-pascal-an-de-graces-2009\/#article","isPartOf":{"@id":"https:\/\/www.eoc.ee\/fr\/metropolite\/messages\/message-pascal-an-de-graces-2009\/"},"author":{"name":"Heike H\u00e4rma","@id":"https:\/\/www.eoc.ee\/#\/schema\/person\/bfa03b2406703aa1a9256392aaa001b3"},"headline":"MESSAGE PASCAL AN DE GRACES 2009","datePublished":"2015-01-27T07:44:19+00:00","dateModified":"2015-03-06T10:32:44+00:00","mainEntityOfPage":{"@id":"https:\/\/www.eoc.ee\/fr\/metropolite\/messages\/message-pascal-an-de-graces-2009\/"},"wordCount":765,"keywords":["\u00e9glise","Estonie","m\u00e9tropolite","p\u00e2ques"],"articleSection":["Messages"],"inLanguage":"fr-FR"},{"@type":"WebPage","@id":"https:\/\/www.eoc.ee\/fr\/metropolite\/messages\/message-pascal-an-de-graces-2009\/","url":"https:\/\/www.eoc.ee\/fr\/metropolite\/messages\/message-pascal-an-de-graces-2009\/","name":"MESSAGE PASCAL AN DE GRACES 2009 &#8211; \u00c9glise Orthodoxe d'Estonie","isPartOf":{"@id":"https:\/\/www.eoc.ee\/#website"},"datePublished":"2015-01-27T07:44:19+00:00","dateModified":"2015-03-06T10:32:44+00:00","author":{"@id":"https:\/\/www.eoc.ee\/#\/schema\/person\/bfa03b2406703aa1a9256392aaa001b3"},"breadcrumb":{"@id":"https:\/\/www.eoc.ee\/fr\/metropolite\/messages\/message-pascal-an-de-graces-2009\/#breadcrumb"},"inLanguage":"fr-FR","potentialAction":[{"@type":"ReadAction","target":["https:\/\/www.eoc.ee\/fr\/metropolite\/messages\/message-pascal-an-de-graces-2009\/"]}]},{"@type":"BreadcrumbList","@id":"https:\/\/www.eoc.ee\/fr\/metropolite\/messages\/message-pascal-an-de-graces-2009\/#breadcrumb","itemListElement":[{"@type":"ListItem","position":1,"name":"Home","item":"https:\/\/www.eoc.ee\/"},{"@type":"ListItem","position":2,"name":"MESSAGE PASCAL AN DE GRACES 2009"}]},{"@type":"WebSite","@id":"https:\/\/www.eoc.ee\/#website","url":"https:\/\/www.eoc.ee\/","name":"\u00c9glise Orthodoxe d'Estonie","description":"Eesti Apostlik-\u00d5igeusu Kirik","potentialAction":[{"@type":"SearchAction","target":{"@type":"EntryPoint","urlTemplate":"https:\/\/www.eoc.ee\/?s={search_term_string}"},"query-input":{"@type":"PropertyValueSpecification","valueRequired":true,"valueName":"search_term_string"}}],"inLanguage":"fr-FR"},{"@type":"Person","@id":"https:\/\/www.eoc.ee\/#\/schema\/person\/bfa03b2406703aa1a9256392aaa001b3","name":"Heike H\u00e4rma","image":{"@type":"ImageObject","inLanguage":"fr-FR","@id":"https:\/\/secure.gravatar.com\/avatar\/8eb3cb357606a6c8ed98d4b92714824fc7d2f06e57b58d2b730a00e0199effb6?s=96&d=mm&r=g","url":"https:\/\/secure.gravatar.com\/avatar\/8eb3cb357606a6c8ed98d4b92714824fc7d2f06e57b58d2b730a00e0199effb6?s=96&d=mm&r=g","contentUrl":"https:\/\/secure.gravatar.com\/avatar\/8eb3cb357606a6c8ed98d4b92714824fc7d2f06e57b58d2b730a00e0199effb6?s=96&d=mm&r=g","caption":"Heike H\u00e4rma"},"url":"https:\/\/www.eoc.ee\/fr\/author\/heike\/"}]}},"_links":{"self":[{"href":"https:\/\/www.eoc.ee\/fr\/wp-json\/wp\/v2\/posts\/8121","targetHints":{"allow":["GET"]}}],"collection":[{"href":"https:\/\/www.eoc.ee\/fr\/wp-json\/wp\/v2\/posts"}],"about":[{"href":"https:\/\/www.eoc.ee\/fr\/wp-json\/wp\/v2\/types\/post"}],"author":[{"embeddable":true,"href":"https:\/\/www.eoc.ee\/fr\/wp-json\/wp\/v2\/users\/7"}],"replies":[{"embeddable":true,"href":"https:\/\/www.eoc.ee\/fr\/wp-json\/wp\/v2\/comments?post=8121"}],"version-history":[{"count":3,"href":"https:\/\/www.eoc.ee\/fr\/wp-json\/wp\/v2\/posts\/8121\/revisions"}],"predecessor-version":[{"id":9509,"href":"https:\/\/www.eoc.ee\/fr\/wp-json\/wp\/v2\/posts\/8121\/revisions\/9509"}],"wp:attachment":[{"href":"https:\/\/www.eoc.ee\/fr\/wp-json\/wp\/v2\/media?parent=8121"}],"wp:term":[{"taxonomy":"category","embeddable":true,"href":"https:\/\/www.eoc.ee\/fr\/wp-json\/wp\/v2\/categories?post=8121"},{"taxonomy":"post_tag","embeddable":true,"href":"https:\/\/www.eoc.ee\/fr\/wp-json\/wp\/v2\/tags?post=8121"}],"curies":[{"name":"wp","href":"https:\/\/api.w.org\/{rel}","templated":true}]}}