{"id":8123,"date":"2015-01-27T09:46:12","date_gmt":"2015-01-27T07:46:12","guid":{"rendered":"http:\/\/www.eoc.ee\/?p=8123"},"modified":"2015-03-06T12:32:49","modified_gmt":"2015-03-06T10:32:49","slug":"message-de-noel-de-l-an-de-graces-2009","status":"publish","type":"post","link":"https:\/\/www.eoc.ee\/fr\/messages\/message-de-noel-de-l-an-de-graces-2009\/","title":{"rendered":"MESSAGE DE NO\u00cbL DE L\u2019AN DE GR\u00c2CES 2009"},"content":{"rendered":"<p>Chers fr\u00e8res et soeurs en Christ, pr\u00eatres, diacres et fid\u00e8les de notre Sainte \u00c9glise Orthodoxe,<\/p>\n<p>\u00ab\u00a0C\u00e9l\u00e9brez l&rsquo;\u00e9ternel, car il est bon; car sa mis\u00e9ricorde dure \u00e0 jamais (Ps 136,1)\u00a0\u00bb. Il a fait jaillir la Lumi\u00e8re devant les yeux de ceux qui demeuraient dans les t\u00e9n\u00e8bres pour \u00e9clairer toutes les nations ainsi que son peuple Israel. En rendant gr\u00e2ce souvenons-nous de Celui qui est la Lumi\u00e8re du monde, \u00ab\u00a0J\u00e9sus-Christ, lequel existantt en forme de Dieu, n&rsquo;a point regard\u00e9 comme une proie \u00e0 arracher d&rsquo;\u00eatre \u00e9gal avec Dieu, mais s&rsquo;est d\u00e9pouill\u00e9 lui-m\u00eame, en prenant une forme de serviteur, en devenant semblable aux hommes; et apr\u00e8s s&rsquo;\u00eatre trouv\u00e9 dans la situation d&rsquo;un homme, il s&rsquo;est humili\u00e9 lui-m\u00eame, se rendant ob\u00e9issant jusqu&rsquo; \u00e0 la mort, m\u00eame jusqu&rsquo;\u00e0 la mort m\u00eame de la croix (Philippiens 2, 5-8)\u00a0\u00bb.<\/p>\n<p>Celui qui tourne ses pens\u00e9es vers Dieu doit \u00eatre pr\u00eat \u00e0 ce que la puissance du Seigneur illumine et guide le chemin de sa vie. Ce qui nous arrivera, Dieu Lui-m\u00eame nous l&rsquo;a pr\u00e9dit : \u00ab\u00a0il suffit au disciple d&rsquo;\u00eatre trait\u00e9 comme son ma\u00eetre, et au serviteur comme son seigneur (Mt. 10,25)\u00a0\u00bb En \u00e9tant attentifs \u00e0 cette parole du Seigneur nous pouvons nous aussi, si nous le d\u00e9sirons, voir quel fut le destin de ceux sur lesquels avait jailli avant nous la Lumi\u00e8re vivifiante.<\/p>\n<p>J\u00e9sus \u00e9tant n\u00e9, le roi H\u00e9rode \u00ab\u00a0se mit dans une grande col\u00e8re, et il envoya tuer tous les enfants de deux ans et au-dessous qui se trouvaient \u00e0 Bethl\u00e9hem et dans tout son territoire, selon la date dont il s&rsquo;\u00e9tait soigneusement enquis aupr\u00e8s des mages (Mt. 2,16)\u00a0\u00bb. Deux jours apr\u00e8s la f\u00eate de la naissance selon la chair de J\u00e9sus, l\u2019\u00c9glise Orthodoxe c\u00e9l\u00e8bre la comm\u00e9moration de l\u2019archidiacre St\u00e9phane, lequel \u00ab\u00a0a vu les cieux ouverts, et le Fils de l&rsquo;homme debout \u00e0 la droite de Dieu (Actes 7,56)\u00a0\u00bb et fut dilapid\u00e9 dans le synedrion par les chefs incr\u00e9dules du peuple. Par ceux-l\u00e0 m\u00eame qui n\u2019ont pas \u00e9t\u00e9 en mesure de supporter l\u2019\u00e9clat de la Lumi\u00e8re supra-c\u00e9leste.\u2028Les m\u00eames col\u00e8re et haine, qui ont ont r\u00e9gn\u00e9 il y a plus de deux mille ans, se sont renouvel\u00e9es de nouveau au si\u00e8cle pass\u00e9, plus pr\u00e9cis\u00e9ment au cours de l&rsquo; ann\u00e9e 1919, juste apr\u00e8s la f\u00eate de la Nativit\u00e9 de notre R\u00e9dempteur et Sauveur, lorsque, sous la guidance de \u201cjuges\u201d iniques, ont subi le martyr l&rsquo;\u00e9v\u00eaque de Tallinn Platon et ses compagons les archipr\u00eatres Michel et Nicolas de Tartu, l&rsquo;archipr\u00eatre Basile de Saatse et tant et tant d\u2019autres Orthodoxes lesquels, par le don supr\u00eame de leur propre existence, t\u00e9moign\u00e8rent \u00ab\u00a0de la paix de Dieu, qui surpasse toute intelligence (Philippiens. 4,7)\u00a0\u00bb. Ainsi, de la m\u00eame fa\u00e7on que les premi\u00e8rs martyrs &#8211; depuis les petits enfants innocents jusqu\u2019a l\u2019archidiacre plein de force et de vitalit\u00e9 &#8211; ont \u00e9t\u00e9 consid\u00e9r\u00e9s dignes de perdre leur vie pour la bonne nouvelle de la paix et de la joie (Marc 8,35), de cette m\u00eame fa\u00e7on les pasteurs et les brebis de notre \u00c9glise Orthodoxe d\u2019Estonie sont rest\u00e9s ob\u00e9issants jusqu\u2019\u00e0 la mort en cette ann\u00e9ee-l\u00e0 o\u00f9 le Tout-puissant, dont les voies sont imp\u00e9n\u00e9trables, consentit \u00e0 ce que son peuple soit \u00e9prouv\u00e9 encore une fois et qu&rsquo;il soit \u00ab\u00a0fait passer au creuset comme l&rsquo;argent (Ps 66,10)\u00a0\u00bb.<\/p>\n<p>Nos saints martyrs, \u00e0 l&rsquo;instar du divin Sauveur, ont connu l&rsquo;humiliation, mais comment? En subissant avec fermet\u00e9 des souffrances et des offenses, en t\u00e9moignant avec d\u00e9terminaison de leur foi et de leur esp\u00e9rance. Plus que tout, en manifestant de l&rsquo;amour envers leurs pers\u00e9cuteurs et en pardonnant \u00e0 ces insens\u00e9s. Ils se sont ainsi mis \u00e0 la suite de Notre-Seigneur J\u00e9sus-Christ et par Lui ils sont arriv\u00e9s \u00e0 la vie \u00e9ternelle.<\/p>\n<p>L\u2019appel de l\u2019ap\u00f4tre n&rsquo;est rien d&rsquo;autre qu&rsquo;un questionnement sur la vie et la mort, autrement dit : ob\u00e9ir \u00e0 Dieu et s&rsquo;humilier comme s&rsquo;est humili\u00e9 notre grand pr\u00eatre J\u00e9sus-Christ nous conduit \u00e0 la vie \u00e9ternelle, \u00ab\u00a0car celui qui voudra sauver sa vie la perdra (Math. 16,25)\u00a0\u00bb.<\/p>\n<p>Gloire \u00e0 Dieu dans les cieux qui nous donne sur cette terre de c\u00e9l\u00e9brer avec un coeur pur le myst\u00e8re inaccessible de l\u2019incarnation de son Fils unique!<\/p>\n<p>Avec notre b\u00e9n\u00e9diction et notre amour en J\u00e9sus-Christ, qui pour notre salut est devenu Homme.<\/p>\n<p>&nbsp;<\/p>\n<p><b>Nativit\u00e9 de Notre Sauveur de l\u2019An de gr\u00e2ces 2009.<\/b><\/p>\n<p><b>+ Stephanos, M\u00e9tropolite de Tallinn et de toute l\u2019Estonie,<\/b><br \/>\n<b>\u2028+ Elias, Ev\u00eaque de Tartu\u2028,<\/b><br \/>\n<b>+ Alexandre, Ev\u00eaque de P\u00e4rnu et Saare<\/b><\/p>\n","protected":false},"excerpt":{"rendered":"<p>Chers fr\u00e8res et soeurs en Christ, pr\u00eatres, diacres et fid\u00e8les de notre Sainte \u00c9glise Orthodoxe, \u00ab\u00a0C\u00e9l\u00e9brez l&rsquo;\u00e9ternel, car il est bon; car sa mis\u00e9ricorde dure \u00e0 jamais (Ps 136,1)\u00a0\u00bb. Il a fait jaillir la Lumi\u00e8re devant les yeux de ceux qui demeuraient dans les t\u00e9n\u00e8bres pour \u00e9clairer toutes les nations ainsi que son peuple Israel. [&hellip;]<\/p>\n","protected":false},"author":7,"featured_media":0,"comment_status":"closed","ping_status":"open","sticky":false,"template":"","format":"standard","meta":{"_exactmetrics_skip_tracking":false,"_exactmetrics_sitenote_active":false,"_exactmetrics_sitenote_note":"","_exactmetrics_sitenote_category":0,"_monsterinsights_skip_tracking":false,"_monsterinsights_sitenote_active":false,"_monsterinsights_sitenote_note":"","_monsterinsights_sitenote_category":0,"footnotes":""},"categories":[186],"tags":[130,128,127,145,146],"class_list":["post-8123","post","type-post","status-publish","format-standard","hentry","category-messages","tag-eglise","tag-estonie","tag-metropolite-2","tag-nativite","tag-noel"],"yoast_head":"<!-- This site is optimized with the Yoast SEO plugin v27.5 - https:\/\/yoast.com\/product\/yoast-seo-wordpress\/ -->\n<title>MESSAGE DE NO\u00cbL DE L\u2019AN DE GR\u00c2CES 2009 &#8211; \u00c9glise Orthodoxe d&#039;Estonie<\/title>\n<meta name=\"robots\" content=\"index, follow, max-snippet:-1, max-image-preview:large, max-video-preview:-1\" \/>\n<link rel=\"canonical\" href=\"https:\/\/www.eoc.ee\/fr\/metropolite\/messages\/message-de-noel-de-l-an-de-graces-2009\/\" \/>\n<meta property=\"og:locale\" content=\"fr_FR\" \/>\n<meta property=\"og:type\" content=\"article\" \/>\n<meta property=\"og:title\" content=\"MESSAGE DE NO\u00cbL DE L\u2019AN DE GR\u00c2CES 2009 &#8211; \u00c9glise Orthodoxe d&#039;Estonie\" \/>\n<meta property=\"og:description\" content=\"Chers fr\u00e8res et soeurs en Christ, pr\u00eatres, diacres et fid\u00e8les de notre Sainte \u00c9glise Orthodoxe, \u00ab\u00a0C\u00e9l\u00e9brez l&rsquo;\u00e9ternel, car il est bon; car sa mis\u00e9ricorde dure \u00e0 jamais (Ps 136,1)\u00a0\u00bb. Il a fait jaillir la Lumi\u00e8re devant les yeux de ceux qui demeuraient dans les t\u00e9n\u00e8bres pour \u00e9clairer toutes les nations ainsi que son peuple Israel. [&hellip;]\" \/>\n<meta property=\"og:url\" content=\"https:\/\/www.eoc.ee\/fr\/metropolite\/messages\/message-de-noel-de-l-an-de-graces-2009\/\" \/>\n<meta property=\"og:site_name\" content=\"\u00c9glise Orthodoxe d&#039;Estonie\" \/>\n<meta property=\"article:published_time\" content=\"2015-01-27T07:46:12+00:00\" \/>\n<meta property=\"article:modified_time\" content=\"2015-03-06T10:32:49+00:00\" \/>\n<meta name=\"author\" content=\"Heike H\u00e4rma\" \/>\n<meta name=\"twitter:label1\" content=\"\u00c9crit par\" \/>\n\t<meta name=\"twitter:data1\" content=\"Heike H\u00e4rma\" \/>\n\t<meta name=\"twitter:label2\" content=\"Dur\u00e9e de lecture estim\u00e9e\" \/>\n\t<meta name=\"twitter:data2\" content=\"4 minutes\" \/>\n<script type=\"application\/ld+json\" class=\"yoast-schema-graph\">{\"@context\":\"https:\\\/\\\/schema.org\",\"@graph\":[{\"@type\":\"Article\",\"@id\":\"https:\\\/\\\/www.eoc.ee\\\/fr\\\/metropolite\\\/messages\\\/message-de-noel-de-l-an-de-graces-2009\\\/#article\",\"isPartOf\":{\"@id\":\"https:\\\/\\\/www.eoc.ee\\\/fr\\\/metropolite\\\/messages\\\/message-de-noel-de-l-an-de-graces-2009\\\/\"},\"author\":{\"name\":\"Heike H\u00e4rma\",\"@id\":\"https:\\\/\\\/www.eoc.ee\\\/#\\\/schema\\\/person\\\/bfa03b2406703aa1a9256392aaa001b3\"},\"headline\":\"MESSAGE DE NO\u00cbL DE L\u2019AN DE GR\u00c2CES 2009\",\"datePublished\":\"2015-01-27T07:46:12+00:00\",\"dateModified\":\"2015-03-06T10:32:49+00:00\",\"mainEntityOfPage\":{\"@id\":\"https:\\\/\\\/www.eoc.ee\\\/fr\\\/metropolite\\\/messages\\\/message-de-noel-de-l-an-de-graces-2009\\\/\"},\"wordCount\":827,\"keywords\":[\"\u00e9glise\",\"Estonie\",\"m\u00e9tropolite\",\"nativit\u00e9\",\"noel\"],\"articleSection\":[\"Messages\"],\"inLanguage\":\"fr-FR\"},{\"@type\":\"WebPage\",\"@id\":\"https:\\\/\\\/www.eoc.ee\\\/fr\\\/metropolite\\\/messages\\\/message-de-noel-de-l-an-de-graces-2009\\\/\",\"url\":\"https:\\\/\\\/www.eoc.ee\\\/fr\\\/metropolite\\\/messages\\\/message-de-noel-de-l-an-de-graces-2009\\\/\",\"name\":\"MESSAGE DE NO\u00cbL DE L\u2019AN DE GR\u00c2CES 2009 &#8211; \u00c9glise Orthodoxe d'Estonie\",\"isPartOf\":{\"@id\":\"https:\\\/\\\/www.eoc.ee\\\/#website\"},\"datePublished\":\"2015-01-27T07:46:12+00:00\",\"dateModified\":\"2015-03-06T10:32:49+00:00\",\"author\":{\"@id\":\"https:\\\/\\\/www.eoc.ee\\\/#\\\/schema\\\/person\\\/bfa03b2406703aa1a9256392aaa001b3\"},\"breadcrumb\":{\"@id\":\"https:\\\/\\\/www.eoc.ee\\\/fr\\\/metropolite\\\/messages\\\/message-de-noel-de-l-an-de-graces-2009\\\/#breadcrumb\"},\"inLanguage\":\"fr-FR\",\"potentialAction\":[{\"@type\":\"ReadAction\",\"target\":[\"https:\\\/\\\/www.eoc.ee\\\/fr\\\/metropolite\\\/messages\\\/message-de-noel-de-l-an-de-graces-2009\\\/\"]}]},{\"@type\":\"BreadcrumbList\",\"@id\":\"https:\\\/\\\/www.eoc.ee\\\/fr\\\/metropolite\\\/messages\\\/message-de-noel-de-l-an-de-graces-2009\\\/#breadcrumb\",\"itemListElement\":[{\"@type\":\"ListItem\",\"position\":1,\"name\":\"Home\",\"item\":\"https:\\\/\\\/www.eoc.ee\\\/\"},{\"@type\":\"ListItem\",\"position\":2,\"name\":\"MESSAGE DE NO\u00cbL DE L\u2019AN DE GR\u00c2CES 2009\"}]},{\"@type\":\"WebSite\",\"@id\":\"https:\\\/\\\/www.eoc.ee\\\/#website\",\"url\":\"https:\\\/\\\/www.eoc.ee\\\/\",\"name\":\"\u00c9glise Orthodoxe d'Estonie\",\"description\":\"Eesti Apostlik-\u00d5igeusu Kirik\",\"potentialAction\":[{\"@type\":\"SearchAction\",\"target\":{\"@type\":\"EntryPoint\",\"urlTemplate\":\"https:\\\/\\\/www.eoc.ee\\\/?s={search_term_string}\"},\"query-input\":{\"@type\":\"PropertyValueSpecification\",\"valueRequired\":true,\"valueName\":\"search_term_string\"}}],\"inLanguage\":\"fr-FR\"},{\"@type\":\"Person\",\"@id\":\"https:\\\/\\\/www.eoc.ee\\\/#\\\/schema\\\/person\\\/bfa03b2406703aa1a9256392aaa001b3\",\"name\":\"Heike H\u00e4rma\",\"image\":{\"@type\":\"ImageObject\",\"inLanguage\":\"fr-FR\",\"@id\":\"https:\\\/\\\/secure.gravatar.com\\\/avatar\\\/8eb3cb357606a6c8ed98d4b92714824fc7d2f06e57b58d2b730a00e0199effb6?s=96&d=mm&r=g\",\"url\":\"https:\\\/\\\/secure.gravatar.com\\\/avatar\\\/8eb3cb357606a6c8ed98d4b92714824fc7d2f06e57b58d2b730a00e0199effb6?s=96&d=mm&r=g\",\"contentUrl\":\"https:\\\/\\\/secure.gravatar.com\\\/avatar\\\/8eb3cb357606a6c8ed98d4b92714824fc7d2f06e57b58d2b730a00e0199effb6?s=96&d=mm&r=g\",\"caption\":\"Heike H\u00e4rma\"},\"url\":\"https:\\\/\\\/www.eoc.ee\\\/fr\\\/author\\\/heike\\\/\"}]}<\/script>\n<!-- \/ Yoast SEO plugin. -->","yoast_head_json":{"title":"MESSAGE DE NO\u00cbL DE L\u2019AN DE GR\u00c2CES 2009 &#8211; \u00c9glise Orthodoxe d'Estonie","robots":{"index":"index","follow":"follow","max-snippet":"max-snippet:-1","max-image-preview":"max-image-preview:large","max-video-preview":"max-video-preview:-1"},"canonical":"https:\/\/www.eoc.ee\/fr\/metropolite\/messages\/message-de-noel-de-l-an-de-graces-2009\/","og_locale":"fr_FR","og_type":"article","og_title":"MESSAGE DE NO\u00cbL DE L\u2019AN DE GR\u00c2CES 2009 &#8211; \u00c9glise Orthodoxe d'Estonie","og_description":"Chers fr\u00e8res et soeurs en Christ, pr\u00eatres, diacres et fid\u00e8les de notre Sainte \u00c9glise Orthodoxe, \u00ab\u00a0C\u00e9l\u00e9brez l&rsquo;\u00e9ternel, car il est bon; car sa mis\u00e9ricorde dure \u00e0 jamais (Ps 136,1)\u00a0\u00bb. Il a fait jaillir la Lumi\u00e8re devant les yeux de ceux qui demeuraient dans les t\u00e9n\u00e8bres pour \u00e9clairer toutes les nations ainsi que son peuple Israel. [&hellip;]","og_url":"https:\/\/www.eoc.ee\/fr\/metropolite\/messages\/message-de-noel-de-l-an-de-graces-2009\/","og_site_name":"\u00c9glise Orthodoxe d'Estonie","article_published_time":"2015-01-27T07:46:12+00:00","article_modified_time":"2015-03-06T10:32:49+00:00","author":"Heike H\u00e4rma","twitter_misc":{"\u00c9crit par":"Heike H\u00e4rma","Dur\u00e9e de lecture estim\u00e9e":"4 minutes"},"schema":{"@context":"https:\/\/schema.org","@graph":[{"@type":"Article","@id":"https:\/\/www.eoc.ee\/fr\/metropolite\/messages\/message-de-noel-de-l-an-de-graces-2009\/#article","isPartOf":{"@id":"https:\/\/www.eoc.ee\/fr\/metropolite\/messages\/message-de-noel-de-l-an-de-graces-2009\/"},"author":{"name":"Heike H\u00e4rma","@id":"https:\/\/www.eoc.ee\/#\/schema\/person\/bfa03b2406703aa1a9256392aaa001b3"},"headline":"MESSAGE DE NO\u00cbL DE L\u2019AN DE GR\u00c2CES 2009","datePublished":"2015-01-27T07:46:12+00:00","dateModified":"2015-03-06T10:32:49+00:00","mainEntityOfPage":{"@id":"https:\/\/www.eoc.ee\/fr\/metropolite\/messages\/message-de-noel-de-l-an-de-graces-2009\/"},"wordCount":827,"keywords":["\u00e9glise","Estonie","m\u00e9tropolite","nativit\u00e9","noel"],"articleSection":["Messages"],"inLanguage":"fr-FR"},{"@type":"WebPage","@id":"https:\/\/www.eoc.ee\/fr\/metropolite\/messages\/message-de-noel-de-l-an-de-graces-2009\/","url":"https:\/\/www.eoc.ee\/fr\/metropolite\/messages\/message-de-noel-de-l-an-de-graces-2009\/","name":"MESSAGE DE NO\u00cbL DE L\u2019AN DE GR\u00c2CES 2009 &#8211; \u00c9glise Orthodoxe d'Estonie","isPartOf":{"@id":"https:\/\/www.eoc.ee\/#website"},"datePublished":"2015-01-27T07:46:12+00:00","dateModified":"2015-03-06T10:32:49+00:00","author":{"@id":"https:\/\/www.eoc.ee\/#\/schema\/person\/bfa03b2406703aa1a9256392aaa001b3"},"breadcrumb":{"@id":"https:\/\/www.eoc.ee\/fr\/metropolite\/messages\/message-de-noel-de-l-an-de-graces-2009\/#breadcrumb"},"inLanguage":"fr-FR","potentialAction":[{"@type":"ReadAction","target":["https:\/\/www.eoc.ee\/fr\/metropolite\/messages\/message-de-noel-de-l-an-de-graces-2009\/"]}]},{"@type":"BreadcrumbList","@id":"https:\/\/www.eoc.ee\/fr\/metropolite\/messages\/message-de-noel-de-l-an-de-graces-2009\/#breadcrumb","itemListElement":[{"@type":"ListItem","position":1,"name":"Home","item":"https:\/\/www.eoc.ee\/"},{"@type":"ListItem","position":2,"name":"MESSAGE DE NO\u00cbL DE L\u2019AN DE GR\u00c2CES 2009"}]},{"@type":"WebSite","@id":"https:\/\/www.eoc.ee\/#website","url":"https:\/\/www.eoc.ee\/","name":"\u00c9glise Orthodoxe d'Estonie","description":"Eesti Apostlik-\u00d5igeusu Kirik","potentialAction":[{"@type":"SearchAction","target":{"@type":"EntryPoint","urlTemplate":"https:\/\/www.eoc.ee\/?s={search_term_string}"},"query-input":{"@type":"PropertyValueSpecification","valueRequired":true,"valueName":"search_term_string"}}],"inLanguage":"fr-FR"},{"@type":"Person","@id":"https:\/\/www.eoc.ee\/#\/schema\/person\/bfa03b2406703aa1a9256392aaa001b3","name":"Heike H\u00e4rma","image":{"@type":"ImageObject","inLanguage":"fr-FR","@id":"https:\/\/secure.gravatar.com\/avatar\/8eb3cb357606a6c8ed98d4b92714824fc7d2f06e57b58d2b730a00e0199effb6?s=96&d=mm&r=g","url":"https:\/\/secure.gravatar.com\/avatar\/8eb3cb357606a6c8ed98d4b92714824fc7d2f06e57b58d2b730a00e0199effb6?s=96&d=mm&r=g","contentUrl":"https:\/\/secure.gravatar.com\/avatar\/8eb3cb357606a6c8ed98d4b92714824fc7d2f06e57b58d2b730a00e0199effb6?s=96&d=mm&r=g","caption":"Heike H\u00e4rma"},"url":"https:\/\/www.eoc.ee\/fr\/author\/heike\/"}]}},"_links":{"self":[{"href":"https:\/\/www.eoc.ee\/fr\/wp-json\/wp\/v2\/posts\/8123","targetHints":{"allow":["GET"]}}],"collection":[{"href":"https:\/\/www.eoc.ee\/fr\/wp-json\/wp\/v2\/posts"}],"about":[{"href":"https:\/\/www.eoc.ee\/fr\/wp-json\/wp\/v2\/types\/post"}],"author":[{"embeddable":true,"href":"https:\/\/www.eoc.ee\/fr\/wp-json\/wp\/v2\/users\/7"}],"replies":[{"embeddable":true,"href":"https:\/\/www.eoc.ee\/fr\/wp-json\/wp\/v2\/comments?post=8123"}],"version-history":[{"count":4,"href":"https:\/\/www.eoc.ee\/fr\/wp-json\/wp\/v2\/posts\/8123\/revisions"}],"predecessor-version":[{"id":8125,"href":"https:\/\/www.eoc.ee\/fr\/wp-json\/wp\/v2\/posts\/8123\/revisions\/8125"}],"wp:attachment":[{"href":"https:\/\/www.eoc.ee\/fr\/wp-json\/wp\/v2\/media?parent=8123"}],"wp:term":[{"taxonomy":"category","embeddable":true,"href":"https:\/\/www.eoc.ee\/fr\/wp-json\/wp\/v2\/categories?post=8123"},{"taxonomy":"post_tag","embeddable":true,"href":"https:\/\/www.eoc.ee\/fr\/wp-json\/wp\/v2\/tags?post=8123"}],"curies":[{"name":"wp","href":"https:\/\/api.w.org\/{rel}","templated":true}]}}