{"id":8154,"date":"2015-01-27T10:14:28","date_gmt":"2015-01-27T08:14:28","guid":{"rendered":"http:\/\/www.eoc.ee\/?p=8154"},"modified":"2015-01-27T10:14:28","modified_gmt":"2015-01-27T08:14:28","slug":"pour-memoire","status":"publish","type":"post","link":"https:\/\/www.eoc.ee\/fr\/histoire\/pour-memoire\/","title":{"rendered":"Pour M\u00e9moire"},"content":{"rendered":"<p><b><i>Pour M\u00e9moire<\/i><\/b><\/p>\n<p><i>communiqu\u00e9 de presse du 23 octobre 2007<\/i><\/p>\n<p>L\u2019autonomie de l\u2019Eglise Orthodoxe d\u2019Estonie, dont la d\u00e9nomination officielle en estonien est \u00ab EA\u00d5K, c\u2019est.-\u00e0-dire. Eglise Apostolique Orthodoxe d\u2019Estonie \u00bb, \u00e0 \u00e9t\u00e9 accord\u00e9e par le Patriarcat \u0152cum\u00e9nique de Constantinople en 1923 apr\u00e8s la ratification du trait\u00e9 de Tartu du 2 f\u00e9vrier 1920, par lequel la Russie reconnaissait l\u2019ind\u00e9pendance de l\u2019Estonie. Mais, par la suite et tout r\u00e9cemment encore les Autorit\u00e9s russes, tant civiles qu\u2019eccl\u00e9siastiques, n\u2019ont jamais cess\u00e9 de le r\u00e9cuser ouvertement. Selon Elles, l\u2019Etat estonien n\u2019existe que depuis 1991, l\u2019arm\u00e9e stalinienne n\u2019a jamais occup\u00e9 le Pays mais l\u2019a au contraire lib\u00e9r\u00e9 du nazisme et l\u2019Estonie demeure toujours territoire canonique du Patriarcat de Moscou, malgr\u00e9 le fait qu\u2019Elle n\u2019ait jamais \u00e9t\u00e9 incluse \u00e0 l\u2019int\u00e9rieur des fronti\u00e8res du Tomos d\u2019Autoc\u00e9phalie (1589) de l\u2019Eglise de Russie.<\/p>\n<p>En conformit\u00e9 avec le Tomos d\u2019Autonomie (1923)*, de 1923 jusqu\u2019en 1941, tous les Orthodoxes d\u2019Estonie, Estoniens et Russes, constituaient une Eglise unique, celle de l\u2019EA\u00d5K. Le 30 mars 1941, le M\u00e9tropolite Alexandre fut convoqu\u00e9 \u00e0 Moscou et oblig\u00e9 de signer une d\u00e9claration de soumission au Patriarcat de Moscou et de r\u00e9int\u00e9gration de son Eglise \u00ab au sein de l\u2019Eglise-M\u00e8re \u00bb (sic). Cela n\u2019a jamais pu, malgr\u00e9 les pressions du r\u00e9gime d\u2019alors, \u00eatre ratifi\u00e9 par les instances de l\u2019Eglise d\u2019Estonie et le 30 d\u00e9cembre 1942, le M\u00e9tropolite Alexandre r\u00e9futait par lettre circulaire n\u00b0 191 la signature qu\u2019il avait donn\u00e9e sous la contrainte.<\/p>\n<p>En 1944, le M\u00e9tropolite Alexandre est pouss\u00e9 \u00e0 l\u2019exil avec 22 membres de son clerg\u00e9 et 8.000 fid\u00e8les. Il d\u00e9c\u00e8de en 1957 \u00e0 Stockholm (Su\u00e8de).<\/p>\n<p>Le 9 mars 1945 le Patriarcat de Moscou proc\u00e8de \u00e0 la dissolution brutale et non canonique de l\u2019autonomie de l\u2019Eglise Orthodoxe d\u2019Estonie avec le soutien du pouvoir politique et instaure \u00e0 la place un Dioc\u00e8se d\u00e9pendant directement de Lui.<\/p>\n<p>Malgr\u00e9 cela, l\u2019Eglise Orthodoxe de Russie n\u2019est pas parvenue \u00e0 briser ce qui subsistait de l\u2019EA\u00d5K et en 1978 l\u2019actuel Patriarche Alexis II de Moscou, alors en charge du dioc\u00e8se d\u2019Estonie, s\u2019adresse directement \u00e0 Constantinople pour que soit supprim\u00e9 le Tomos d\u2019autonomie \u00ab au nom de l\u2019unit\u00e9 eccl\u00e9siastique \u00bb (sic). Mais Constantinople ne fait seulement que le suspendre (13.04.1978) en raison de la situation politique locale et ce uniquement pour les seuls chr\u00e9tiens orthodoxes estoniens se situant \u00e0 l\u2019int\u00e9rieur du Pays et non pas pour ceux qui se trouvent en exil.<\/p>\n<p>En 1991, l\u2019Estonie recouvre \u00e0 nouveau son ind\u00e9pendance politique. Le Tomos d\u2019Autonomie est r\u00e9activ\u00e9 le 24.02.1996. Mais en m\u00eame temps le Patriarcat Oecum\u00e9nique de Constantinople accorde par \u00e9conomie \u00e0 l\u2019Eglise orthodoxe de Russie la possibilit\u00e9 de continuer de maintenir en Estonie sa propre juridiction (accord de Zurich de 22.04.1996), dans l\u2019attente et l\u2019espoir qu\u2019un jour il n\u2019y aura plus qu\u2019une seule Eglise orthodoxe en Estonie, comme c\u2019etait bien le cas avant la dissolution de 1945.<\/p>\n<p>Apr\u00e8s tant et tant d\u2019ann\u00e9es de souffrances dues aux nombreuses pers\u00e9cutions dont Elle a \u00e9t\u00e9 victime, l\u2019EA\u00d5K, aujourd\u2019hui enfin libre et r\u00e9tablie dans ses droits canoniques et eccl\u00e9siastiques, n\u2019aspire qu\u2019\u00e0 une chose : vivre en paix et en bonne intelligence avec ses fr\u00e8res orthodoxes du Patriarcat de Moscou pour un t\u00e9moignage commun au nom du Christ et de son Eglise en Terre d\u2019Estonie.<\/p>\n<p>Tallinn, le 23 octobre 2007.\u2028 Communiqu\u00e9 du Bureau de Presse \u2028de l\u2019Eglise Orthodoxe d\u2019Estonie.<\/p>\n<p>* Malgr\u00e9 les affirmations r\u00e9p\u00e9t\u00e9es des repr\u00e9sentants de l\u2019Eglise de Russie, il convient de pr\u00e9ciser que le Patriarche Tikhon de bienheureuse m\u00e9moire n\u2019a fait qu\u2019accorder aux Estoniens une plus large autonomie interne de forme dioc\u00e9saine dans les domaines essentiellement de la pastorale, de l\u2019\u00e9ducation et de la gestion \u00e9conomique, mais n\u2019a jamais promulgu\u00e9 de Tomos et n\u2019a jamais accord\u00e9 une autonomie r\u00e9elle et canonique. Le seul Tomos d\u2019Autonomie est donc bien celui du mois de juillet 1923, promulgu\u00e9 par le Patriarche \u0152cum\u00e9nique de Constantinople Meletios et les Membres de son Saint Synode.a<\/p>\n","protected":false},"excerpt":{"rendered":"<p>Pour M\u00e9moire communiqu\u00e9 de presse du 23 octobre 2007 L\u2019autonomie de l\u2019Eglise Orthodoxe d\u2019Estonie, dont la d\u00e9nomination officielle en estonien est \u00ab EA\u00d5K, c\u2019est.-\u00e0-dire. Eglise Apostolique Orthodoxe d\u2019Estonie \u00bb, \u00e0 \u00e9t\u00e9 accord\u00e9e par le Patriarcat \u0152cum\u00e9nique de Constantinople en 1923 apr\u00e8s la ratification du trait\u00e9 de Tartu du 2 f\u00e9vrier 1920, par lequel la Russie [&hellip;]<\/p>\n","protected":false},"author":7,"featured_media":0,"comment_status":"closed","ping_status":"open","sticky":false,"template":"","format":"standard","meta":{"_exactmetrics_skip_tracking":false,"_exactmetrics_sitenote_active":false,"_exactmetrics_sitenote_note":"","_exactmetrics_sitenote_category":0,"_monsterinsights_skip_tracking":false,"_monsterinsights_sitenote_active":false,"_monsterinsights_sitenote_note":"","_monsterinsights_sitenote_category":0,"footnotes":""},"categories":[120],"tags":[128,168,162],"class_list":["post-8154","post","type-post","status-publish","format-standard","hentry","category-histoire","tag-estonie","tag-histoire-2","tag-russie"],"yoast_head":"<!-- This site is optimized with the Yoast SEO plugin v27.5 - https:\/\/yoast.com\/product\/yoast-seo-wordpress\/ -->\n<title>Pour M\u00e9moire &#8211; \u00c9glise Orthodoxe d&#039;Estonie<\/title>\n<meta name=\"robots\" content=\"index, follow, max-snippet:-1, max-image-preview:large, max-video-preview:-1\" \/>\n<link rel=\"canonical\" href=\"https:\/\/www.eoc.ee\/fr\/histoire\/pour-memoire\/\" \/>\n<meta property=\"og:locale\" content=\"fr_FR\" \/>\n<meta property=\"og:type\" content=\"article\" \/>\n<meta property=\"og:title\" content=\"Pour M\u00e9moire &#8211; \u00c9glise Orthodoxe d&#039;Estonie\" \/>\n<meta property=\"og:description\" content=\"Pour M\u00e9moire communiqu\u00e9 de presse du 23 octobre 2007 L\u2019autonomie de l\u2019Eglise Orthodoxe d\u2019Estonie, dont la d\u00e9nomination officielle en estonien est \u00ab EA\u00d5K, c\u2019est.-\u00e0-dire. Eglise Apostolique Orthodoxe d\u2019Estonie \u00bb, \u00e0 \u00e9t\u00e9 accord\u00e9e par le Patriarcat \u0152cum\u00e9nique de Constantinople en 1923 apr\u00e8s la ratification du trait\u00e9 de Tartu du 2 f\u00e9vrier 1920, par lequel la Russie [&hellip;]\" \/>\n<meta property=\"og:url\" content=\"https:\/\/www.eoc.ee\/fr\/histoire\/pour-memoire\/\" \/>\n<meta property=\"og:site_name\" content=\"\u00c9glise Orthodoxe d&#039;Estonie\" \/>\n<meta property=\"article:published_time\" content=\"2015-01-27T08:14:28+00:00\" \/>\n<meta name=\"author\" content=\"Heike H\u00e4rma\" \/>\n<meta name=\"twitter:label1\" content=\"\u00c9crit par\" \/>\n\t<meta name=\"twitter:data1\" content=\"Heike H\u00e4rma\" \/>\n\t<meta name=\"twitter:label2\" content=\"Dur\u00e9e de lecture estim\u00e9e\" \/>\n\t<meta name=\"twitter:data2\" content=\"4 minutes\" \/>\n<script type=\"application\/ld+json\" class=\"yoast-schema-graph\">{\"@context\":\"https:\\\/\\\/schema.org\",\"@graph\":[{\"@type\":\"Article\",\"@id\":\"https:\\\/\\\/www.eoc.ee\\\/fr\\\/histoire\\\/pour-memoire\\\/#article\",\"isPartOf\":{\"@id\":\"https:\\\/\\\/www.eoc.ee\\\/fr\\\/histoire\\\/pour-memoire\\\/\"},\"author\":{\"name\":\"Heike H\u00e4rma\",\"@id\":\"https:\\\/\\\/www.eoc.ee\\\/#\\\/schema\\\/person\\\/bfa03b2406703aa1a9256392aaa001b3\"},\"headline\":\"Pour M\u00e9moire\",\"datePublished\":\"2015-01-27T08:14:28+00:00\",\"mainEntityOfPage\":{\"@id\":\"https:\\\/\\\/www.eoc.ee\\\/fr\\\/histoire\\\/pour-memoire\\\/\"},\"wordCount\":716,\"keywords\":[\"Estonie\",\"histoire\",\"Russie\"],\"articleSection\":[\"Histoire\"],\"inLanguage\":\"fr-FR\"},{\"@type\":\"WebPage\",\"@id\":\"https:\\\/\\\/www.eoc.ee\\\/fr\\\/histoire\\\/pour-memoire\\\/\",\"url\":\"https:\\\/\\\/www.eoc.ee\\\/fr\\\/histoire\\\/pour-memoire\\\/\",\"name\":\"Pour M\u00e9moire &#8211; \u00c9glise Orthodoxe d'Estonie\",\"isPartOf\":{\"@id\":\"https:\\\/\\\/www.eoc.ee\\\/#website\"},\"datePublished\":\"2015-01-27T08:14:28+00:00\",\"author\":{\"@id\":\"https:\\\/\\\/www.eoc.ee\\\/#\\\/schema\\\/person\\\/bfa03b2406703aa1a9256392aaa001b3\"},\"breadcrumb\":{\"@id\":\"https:\\\/\\\/www.eoc.ee\\\/fr\\\/histoire\\\/pour-memoire\\\/#breadcrumb\"},\"inLanguage\":\"fr-FR\",\"potentialAction\":[{\"@type\":\"ReadAction\",\"target\":[\"https:\\\/\\\/www.eoc.ee\\\/fr\\\/histoire\\\/pour-memoire\\\/\"]}]},{\"@type\":\"BreadcrumbList\",\"@id\":\"https:\\\/\\\/www.eoc.ee\\\/fr\\\/histoire\\\/pour-memoire\\\/#breadcrumb\",\"itemListElement\":[{\"@type\":\"ListItem\",\"position\":1,\"name\":\"Home\",\"item\":\"https:\\\/\\\/www.eoc.ee\\\/\"},{\"@type\":\"ListItem\",\"position\":2,\"name\":\"Pour M\u00e9moire\"}]},{\"@type\":\"WebSite\",\"@id\":\"https:\\\/\\\/www.eoc.ee\\\/#website\",\"url\":\"https:\\\/\\\/www.eoc.ee\\\/\",\"name\":\"\u00c9glise Orthodoxe d'Estonie\",\"description\":\"Eesti Apostlik-\u00d5igeusu Kirik\",\"potentialAction\":[{\"@type\":\"SearchAction\",\"target\":{\"@type\":\"EntryPoint\",\"urlTemplate\":\"https:\\\/\\\/www.eoc.ee\\\/?s={search_term_string}\"},\"query-input\":{\"@type\":\"PropertyValueSpecification\",\"valueRequired\":true,\"valueName\":\"search_term_string\"}}],\"inLanguage\":\"fr-FR\"},{\"@type\":\"Person\",\"@id\":\"https:\\\/\\\/www.eoc.ee\\\/#\\\/schema\\\/person\\\/bfa03b2406703aa1a9256392aaa001b3\",\"name\":\"Heike H\u00e4rma\",\"image\":{\"@type\":\"ImageObject\",\"inLanguage\":\"fr-FR\",\"@id\":\"https:\\\/\\\/secure.gravatar.com\\\/avatar\\\/8eb3cb357606a6c8ed98d4b92714824fc7d2f06e57b58d2b730a00e0199effb6?s=96&d=mm&r=g\",\"url\":\"https:\\\/\\\/secure.gravatar.com\\\/avatar\\\/8eb3cb357606a6c8ed98d4b92714824fc7d2f06e57b58d2b730a00e0199effb6?s=96&d=mm&r=g\",\"contentUrl\":\"https:\\\/\\\/secure.gravatar.com\\\/avatar\\\/8eb3cb357606a6c8ed98d4b92714824fc7d2f06e57b58d2b730a00e0199effb6?s=96&d=mm&r=g\",\"caption\":\"Heike H\u00e4rma\"},\"url\":\"https:\\\/\\\/www.eoc.ee\\\/fr\\\/author\\\/heike\\\/\"}]}<\/script>\n<!-- \/ Yoast SEO plugin. -->","yoast_head_json":{"title":"Pour M\u00e9moire &#8211; \u00c9glise Orthodoxe d'Estonie","robots":{"index":"index","follow":"follow","max-snippet":"max-snippet:-1","max-image-preview":"max-image-preview:large","max-video-preview":"max-video-preview:-1"},"canonical":"https:\/\/www.eoc.ee\/fr\/histoire\/pour-memoire\/","og_locale":"fr_FR","og_type":"article","og_title":"Pour M\u00e9moire &#8211; \u00c9glise Orthodoxe d'Estonie","og_description":"Pour M\u00e9moire communiqu\u00e9 de presse du 23 octobre 2007 L\u2019autonomie de l\u2019Eglise Orthodoxe d\u2019Estonie, dont la d\u00e9nomination officielle en estonien est \u00ab EA\u00d5K, c\u2019est.-\u00e0-dire. Eglise Apostolique Orthodoxe d\u2019Estonie \u00bb, \u00e0 \u00e9t\u00e9 accord\u00e9e par le Patriarcat \u0152cum\u00e9nique de Constantinople en 1923 apr\u00e8s la ratification du trait\u00e9 de Tartu du 2 f\u00e9vrier 1920, par lequel la Russie [&hellip;]","og_url":"https:\/\/www.eoc.ee\/fr\/histoire\/pour-memoire\/","og_site_name":"\u00c9glise Orthodoxe d'Estonie","article_published_time":"2015-01-27T08:14:28+00:00","author":"Heike H\u00e4rma","twitter_misc":{"\u00c9crit par":"Heike H\u00e4rma","Dur\u00e9e de lecture estim\u00e9e":"4 minutes"},"schema":{"@context":"https:\/\/schema.org","@graph":[{"@type":"Article","@id":"https:\/\/www.eoc.ee\/fr\/histoire\/pour-memoire\/#article","isPartOf":{"@id":"https:\/\/www.eoc.ee\/fr\/histoire\/pour-memoire\/"},"author":{"name":"Heike H\u00e4rma","@id":"https:\/\/www.eoc.ee\/#\/schema\/person\/bfa03b2406703aa1a9256392aaa001b3"},"headline":"Pour M\u00e9moire","datePublished":"2015-01-27T08:14:28+00:00","mainEntityOfPage":{"@id":"https:\/\/www.eoc.ee\/fr\/histoire\/pour-memoire\/"},"wordCount":716,"keywords":["Estonie","histoire","Russie"],"articleSection":["Histoire"],"inLanguage":"fr-FR"},{"@type":"WebPage","@id":"https:\/\/www.eoc.ee\/fr\/histoire\/pour-memoire\/","url":"https:\/\/www.eoc.ee\/fr\/histoire\/pour-memoire\/","name":"Pour M\u00e9moire &#8211; \u00c9glise Orthodoxe d'Estonie","isPartOf":{"@id":"https:\/\/www.eoc.ee\/#website"},"datePublished":"2015-01-27T08:14:28+00:00","author":{"@id":"https:\/\/www.eoc.ee\/#\/schema\/person\/bfa03b2406703aa1a9256392aaa001b3"},"breadcrumb":{"@id":"https:\/\/www.eoc.ee\/fr\/histoire\/pour-memoire\/#breadcrumb"},"inLanguage":"fr-FR","potentialAction":[{"@type":"ReadAction","target":["https:\/\/www.eoc.ee\/fr\/histoire\/pour-memoire\/"]}]},{"@type":"BreadcrumbList","@id":"https:\/\/www.eoc.ee\/fr\/histoire\/pour-memoire\/#breadcrumb","itemListElement":[{"@type":"ListItem","position":1,"name":"Home","item":"https:\/\/www.eoc.ee\/"},{"@type":"ListItem","position":2,"name":"Pour M\u00e9moire"}]},{"@type":"WebSite","@id":"https:\/\/www.eoc.ee\/#website","url":"https:\/\/www.eoc.ee\/","name":"\u00c9glise Orthodoxe d'Estonie","description":"Eesti Apostlik-\u00d5igeusu Kirik","potentialAction":[{"@type":"SearchAction","target":{"@type":"EntryPoint","urlTemplate":"https:\/\/www.eoc.ee\/?s={search_term_string}"},"query-input":{"@type":"PropertyValueSpecification","valueRequired":true,"valueName":"search_term_string"}}],"inLanguage":"fr-FR"},{"@type":"Person","@id":"https:\/\/www.eoc.ee\/#\/schema\/person\/bfa03b2406703aa1a9256392aaa001b3","name":"Heike H\u00e4rma","image":{"@type":"ImageObject","inLanguage":"fr-FR","@id":"https:\/\/secure.gravatar.com\/avatar\/8eb3cb357606a6c8ed98d4b92714824fc7d2f06e57b58d2b730a00e0199effb6?s=96&d=mm&r=g","url":"https:\/\/secure.gravatar.com\/avatar\/8eb3cb357606a6c8ed98d4b92714824fc7d2f06e57b58d2b730a00e0199effb6?s=96&d=mm&r=g","contentUrl":"https:\/\/secure.gravatar.com\/avatar\/8eb3cb357606a6c8ed98d4b92714824fc7d2f06e57b58d2b730a00e0199effb6?s=96&d=mm&r=g","caption":"Heike H\u00e4rma"},"url":"https:\/\/www.eoc.ee\/fr\/author\/heike\/"}]}},"_links":{"self":[{"href":"https:\/\/www.eoc.ee\/fr\/wp-json\/wp\/v2\/posts\/8154","targetHints":{"allow":["GET"]}}],"collection":[{"href":"https:\/\/www.eoc.ee\/fr\/wp-json\/wp\/v2\/posts"}],"about":[{"href":"https:\/\/www.eoc.ee\/fr\/wp-json\/wp\/v2\/types\/post"}],"author":[{"embeddable":true,"href":"https:\/\/www.eoc.ee\/fr\/wp-json\/wp\/v2\/users\/7"}],"replies":[{"embeddable":true,"href":"https:\/\/www.eoc.ee\/fr\/wp-json\/wp\/v2\/comments?post=8154"}],"version-history":[{"count":2,"href":"https:\/\/www.eoc.ee\/fr\/wp-json\/wp\/v2\/posts\/8154\/revisions"}],"predecessor-version":[{"id":8156,"href":"https:\/\/www.eoc.ee\/fr\/wp-json\/wp\/v2\/posts\/8154\/revisions\/8156"}],"wp:attachment":[{"href":"https:\/\/www.eoc.ee\/fr\/wp-json\/wp\/v2\/media?parent=8154"}],"wp:term":[{"taxonomy":"category","embeddable":true,"href":"https:\/\/www.eoc.ee\/fr\/wp-json\/wp\/v2\/categories?post=8154"},{"taxonomy":"post_tag","embeddable":true,"href":"https:\/\/www.eoc.ee\/fr\/wp-json\/wp\/v2\/tags?post=8154"}],"curies":[{"name":"wp","href":"https:\/\/api.w.org\/{rel}","templated":true}]}}