{"id":8160,"date":"2015-01-27T10:40:48","date_gmt":"2015-01-27T08:40:48","guid":{"rendered":"http:\/\/www.eoc.ee\/?p=8160"},"modified":"2015-01-27T10:40:48","modified_gmt":"2015-01-27T08:40:48","slug":"homelie-catechetique-a-l-occasion-du-saint-et-grand-careme","status":"publish","type":"post","link":"https:\/\/www.eoc.ee\/fr\/orthodoxie\/catechese\/homelie-catechetique-a-l-occasion-du-saint-et-grand-careme\/","title":{"rendered":"HOMELIE CATECHETIQUE A L\u2019OCCASION DU SAINT ET GRAND CAREME"},"content":{"rendered":"<p>N\u00b0 de protocole 293<\/p>\n<p><b><i>HOMELIE CATECHETIQUE<\/i><\/b><br \/>\n<b><i>A L\u2019OCCASION DU SAINT ET GRAND CAREME<\/i><\/b><\/p>\n<p><b>BARTHOLOMEE, \u2028PAR LA GRACE DE DIEU ARCHEVEQUE DE CONSTANTINOPLE, \u2028NOUVELLE ROME ET PATRIARCHE \u0152CUMENIQUE, \u2028QUE LA GRACE ET LA PAIX DE NOTRE SEIGNEUR ET SAUVEUR JESUS CHRIST, AINSI QUE NOTRE PRI\u00c8RE, BENEDICTION ET ABSOLUTION SOIENT AVEC TOUT LE PLEROME DE L\u2019EGLISE<\/b><\/p>\n<p>Durant la p\u00e9riode du saint et grand car\u00eame, notre Eglise nous invite au repentir. Certes, l\u2019homme contemporain ne se sent pas \u00e0 l\u2019aise en \u00e9coutant cet appel, habitu\u00e9 \u00e0 un genre de vie qu\u2019il ne veut surtout pas remettre en cause. Cette remise en question cr\u00e9e, en effet, chez lui un sentiment d\u2019ins\u00e9curit\u00e9, car cela risquerait d\u2019\u00e9branler l\u2019\u00e9difice id\u00e9ologique dans lequel il se r\u00e9fugie.\u2028Cependant, il suffit d\u2019y regarder d\u2019un peu plus pr\u00e8s pour s\u2019apercevoir que bien des convictions humaines ne sont pas objectives, qu\u2019elles ne sont pas le fruit d\u2019un discernement spirituel authentique, mais qu\u2019elles seraient plut\u00f4t formul\u00e9es en vue de ne justifier que ce qui est plaisant et donc de donner pr\u00e9texte \u00e0 p\u00e9cher. Or, il n\u2019est rien d\u2019aussi pr\u00e9judiciable \u00e0 l\u2019homme que d\u2019excuser ses actes en se justifiant sur la base d\u2019axiomes erron\u00e9s, car lorsque le moment de v\u00e9rit\u00e9 arrivera, il n\u2019aura plus d\u2019excuses. Il n\u2019aura, peut-\u00eatre, plus le temps de r\u00e9viser ses propres convictions, c\u2019est-\u00e0-dire d\u2019expier certains p\u00e9ch\u00e9s commis, ni de se repentir des fausse croyances pr\u00f4n\u00e9es pour justifier son comportement.<\/p>\n<p>En revanche, nous les chr\u00e9tiens sommes habitu\u00e9s \u00e0 l\u2019id\u00e9e et \u00e0 la pratique de la p\u00e9nitence. L\u2019appel de l\u2019Eglise au repentir ne nous trouble donc pas. Il faut cependant r\u00e9aliser nous aussi que le vrai repentir a deux objectifs.<\/p>\n<p>Le premier est de renoncer au p\u00e9ch\u00e9, c\u2019est-\u00e0-dire de d\u00e9cider de mettre fin \u00e0 nos habitudes et \u00e0 nos actes p\u00e9cheurs et de r\u00e9parer leurs effets. L\u2019exemple de Zach\u00e9e, ce collecteur d\u2019imp\u00f4ts, illustre \u00e0 merveille cette id\u00e9e : lors de sa rencontre avec le Christ, il a sinc\u00e8rement fait p\u00e9nitence en rendant au quadruple \u00e0 qui il avait fait du tort.<\/p>\n<p>Le second objectif du repentir est de changer fondamentalement de mentalit\u00e9 en substituant \u00e0 nos id\u00e9es d\u2019autres pens\u00e9es plus nobles et surtout plus \u00e9lev\u00e9es, selon cette parole du psalmiste : \u00ab il a dispos\u00e9 en son c\u0153ur des ascensions \u00bb. M\u00eame ceux qui pensent n\u2019avoir pas de p\u00e9ch\u00e9s pr\u00e9cis qui p\u00e8seraient sur leur conscience doivent cependant poursuivre ce second objectif, car, par exemple, notre id\u00e9e de l\u2019amour est certainement pleine de lacunes, ainsi que notre id\u00e9e de l\u2019humilit\u00e9. En comparant notre \u00e9tat spirituel \u00e0 la perfection de Dieu que nous sommes invit\u00e9s \u00e0 imiter, nous percevons certainement notre d\u00e9ficience et l\u2019infini chemin qu\u2019il nous reste \u00e0 parcourir pour marcher dans les pas des imitateurs du Christ.<\/p>\n<p>En examinant la qualit\u00e9 de notre paix int\u00e9rieure, nous constatons que nous sommes loin de cette paix du Christ qui transcende toute intelligence. En nous demandant \u00e0 quel point nous confions notre vie \u00e0 la Providence de Dieu, nous constatons avec regret que nous sommes souvent pris par l\u2019angoisse et le doute face \u00e0 l\u2019avenir, comme si nous \u00e9tions des \u00eatres de peu de foi, voire m\u00eame comme si nous \u00e9tions incroyants. G\u00e9n\u00e9ralement parlant, en examinant la puret\u00e9 de notre conscience, nous voyons que tr\u00e8s souvent nous sommes insensibles \u00e0 certaines attitudes qui peuvent nuire grandement \u00e0 notre \u00e9tat int\u00e9rieur et que m\u00eame nous les consid\u00e9rons parfois comme saines. Il vaut donc mieux \u00e9claircir le discernement de notre conscience \u00e0 la clart\u00e9 des enseignements des P\u00e8res et de l\u2019Evangile pour que les jugements sur soi et sur nos manquements soient plus justes et plus conformes \u00e0 la volont\u00e9 de Dieu. Puisque nul ne peut pr\u00e9tendre avoir la perfection du jugement sur soi, nul ne peut affirmer n\u2019avoir pas besoin d\u2019une nouvelle forme d\u2019intelligence plus \u00e9clair\u00e9e et d\u2019un changement, d\u2019une am\u00e9lioration de mentalit\u00e9, c\u2019est-\u00e0-dire du repentir.<\/p>\n<p>Par cons\u00e9quent nous devons saisir que notre Eglise Orthodoxe qui nous appelle au repentir ne nous invite pas seulement \u00e0 nous faire reproche. Certes, l\u2019autocritique est n\u00e9cessaire, la contrition du c\u0153ur est n\u00e9cessaire, les larmes de p\u00e9nitence sont n\u00e9cessaires aussi, mais cela ne suffit pas. Il faut en outre avoir la joie du pardon de Dieu, ce sentiment d\u2019\u00eatre lib\u00e9r\u00e9 des liens qui nous accablent \u00e0 cause de nos p\u00e9ch\u00e9s et surtout de l\u2019amour de Dieu envers nous. Notre repentir n\u2019est pas quelque chose qui nous prive de la joie de vivre, au point d\u2019\u00eatre contrari\u00e9s \u00e0 l\u2019\u00e9coute d\u2019un appel \u00e0 la p\u00e9nitence. Le repentir est une catharsis et une illumination de l\u2019esprit, c\u2019est le r\u00e9chauffement de notre amour envers le Christ et Sa cr\u00e9ation. C\u2019est la libert\u00e9 et la joie de la nouvelle cr\u00e9ation dans laquelle nous entrons par le repentir continuel.<br \/>\nCelui qui fait sans cesse p\u00e9nitence progresse continuellement. Il se r\u00e9jouit continuellement de nouvelles ascensions et se satisfait continuellement d\u2019une connaissance plus profonde acquise sur toute chose. En changeant de mentalit\u00e9 et de conceptions, celui qui fait acte de repentir comprend mieux le monde dans son entier, acquiert plus de sagesse, d\u2019intelligence et de discernement spirituel. Il s\u2019\u00e9l\u00e8ve et devient ami du Christ. En ce sens, la pr\u00e9dication du repentir pourrait \u00eatre favorablement accueillie par les \u00eatres humains les plus intelligents, capables ainsi d\u2019appr\u00e9cier la profonde am\u00e9lioration humaine qu\u2019apporte cette renaissance par le repentir.<\/p>\n<p>Par cons\u00e9quent, fr\u00e8res et enfants bien-aim\u00e9s dans le Seigneur, accueillons nous aussi l\u2019appel au repentir que notre Eglise nous adresse. Purifions-nous de nos p\u00e9ch\u00e9s ; ceux qui en commis, par la confession ; les autres, par l\u2019examen profond de leur vision des choses, de sorte que tout jugement et pens\u00e9e viennent de Dieu, afin d\u2019\u00eatre purs, vrais et juste.<\/p>\n<p>En conclusion, nous vous souhaitons paternellement toute l\u2019aide du Seigneur sur votre chemin du repentir et sur toute votre vie renouvel\u00e9e en Christ.<\/p>\n<p>&nbsp;<\/p>\n<p><b>Saint et Grand Car\u00eame 2008<\/b><br \/>\n<b>Bartholom\u00e9e de Constantinople,<\/b><br \/>\n<b>Fervent intercesseur aupr\u00e8s de Dieu pour vous tous.<\/b><\/p>\n<p>&nbsp;<\/p>\n<p>Lecture en soit donn\u00e9e en \u00e9glise, le dimanche des Laitages, 9 mars, aussit\u00f4t apr\u00e8s la lecture du Saint Evangile.<\/p>\n","protected":false},"excerpt":{"rendered":"<p>N\u00b0 de protocole 293 HOMELIE CATECHETIQUE A L\u2019OCCASION DU SAINT ET GRAND CAREME BARTHOLOMEE, \u2028PAR LA GRACE DE DIEU ARCHEVEQUE DE CONSTANTINOPLE, \u2028NOUVELLE ROME ET PATRIARCHE \u0152CUMENIQUE, \u2028QUE LA GRACE ET LA PAIX DE NOTRE SEIGNEUR ET SAUVEUR JESUS CHRIST, AINSI QUE NOTRE PRI\u00c8RE, BENEDICTION ET ABSOLUTION SOIENT AVEC TOUT LE PLEROME DE L\u2019EGLISE Durant [&hellip;]<\/p>\n","protected":false},"author":7,"featured_media":0,"comment_status":"closed","ping_status":"open","sticky":false,"template":"","format":"standard","meta":{"_exactmetrics_skip_tracking":false,"_exactmetrics_sitenote_active":false,"_exactmetrics_sitenote_note":"","_exactmetrics_sitenote_category":0,"_monsterinsights_skip_tracking":false,"_monsterinsights_sitenote_active":false,"_monsterinsights_sitenote_note":"","_monsterinsights_sitenote_category":0,"footnotes":""},"categories":[117],"tags":[143,158,137,131,155],"class_list":["post-8160","post","type-post","status-publish","format-standard","hentry","category-catechese","tag-careme","tag-catechese-2","tag-foi","tag-orthodoxie-2","tag-patriarcat"],"yoast_head":"<!-- This site is optimized with the Yoast SEO plugin v27.4 - https:\/\/yoast.com\/product\/yoast-seo-wordpress\/ -->\n<title>HOMELIE CATECHETIQUE A L\u2019OCCASION DU SAINT ET GRAND CAREME &#8211; \u00c9glise Orthodoxe d&#039;Estonie<\/title>\n<meta name=\"robots\" content=\"index, follow, max-snippet:-1, max-image-preview:large, max-video-preview:-1\" \/>\n<link rel=\"canonical\" href=\"https:\/\/www.eoc.ee\/fr\/orthodoxie\/catechese\/homelie-catechetique-a-l-occasion-du-saint-et-grand-careme\/\" \/>\n<meta property=\"og:locale\" content=\"fr_FR\" \/>\n<meta property=\"og:type\" content=\"article\" \/>\n<meta property=\"og:title\" content=\"HOMELIE CATECHETIQUE A L\u2019OCCASION DU SAINT ET GRAND CAREME &#8211; \u00c9glise Orthodoxe d&#039;Estonie\" \/>\n<meta property=\"og:description\" content=\"N\u00b0 de protocole 293 HOMELIE CATECHETIQUE A L\u2019OCCASION DU SAINT ET GRAND CAREME BARTHOLOMEE, \u2028PAR LA GRACE DE DIEU ARCHEVEQUE DE CONSTANTINOPLE, \u2028NOUVELLE ROME ET PATRIARCHE \u0152CUMENIQUE, \u2028QUE LA GRACE ET LA PAIX DE NOTRE SEIGNEUR ET SAUVEUR JESUS CHRIST, AINSI QUE NOTRE PRI\u00c8RE, BENEDICTION ET ABSOLUTION SOIENT AVEC TOUT LE PLEROME DE L\u2019EGLISE Durant [&hellip;]\" \/>\n<meta property=\"og:url\" content=\"https:\/\/www.eoc.ee\/fr\/orthodoxie\/catechese\/homelie-catechetique-a-l-occasion-du-saint-et-grand-careme\/\" \/>\n<meta property=\"og:site_name\" content=\"\u00c9glise Orthodoxe d&#039;Estonie\" \/>\n<meta property=\"article:published_time\" content=\"2015-01-27T08:40:48+00:00\" \/>\n<meta name=\"author\" content=\"Heike H\u00e4rma\" \/>\n<meta name=\"twitter:label1\" content=\"\u00c9crit par\" \/>\n\t<meta name=\"twitter:data1\" content=\"Heike H\u00e4rma\" \/>\n\t<meta name=\"twitter:label2\" content=\"Dur\u00e9e de lecture estim\u00e9e\" \/>\n\t<meta name=\"twitter:data2\" content=\"6 minutes\" \/>\n<script type=\"application\/ld+json\" class=\"yoast-schema-graph\">{\"@context\":\"https:\\\/\\\/schema.org\",\"@graph\":[{\"@type\":\"Article\",\"@id\":\"https:\\\/\\\/www.eoc.ee\\\/fr\\\/orthodoxie\\\/catechese\\\/homelie-catechetique-a-l-occasion-du-saint-et-grand-careme\\\/#article\",\"isPartOf\":{\"@id\":\"https:\\\/\\\/www.eoc.ee\\\/fr\\\/orthodoxie\\\/catechese\\\/homelie-catechetique-a-l-occasion-du-saint-et-grand-careme\\\/\"},\"author\":{\"name\":\"Heike H\u00e4rma\",\"@id\":\"https:\\\/\\\/www.eoc.ee\\\/#\\\/schema\\\/person\\\/bfa03b2406703aa1a9256392aaa001b3\"},\"headline\":\"HOMELIE CATECHETIQUE A L\u2019OCCASION DU SAINT ET GRAND CAREME\",\"datePublished\":\"2015-01-27T08:40:48+00:00\",\"mainEntityOfPage\":{\"@id\":\"https:\\\/\\\/www.eoc.ee\\\/fr\\\/orthodoxie\\\/catechese\\\/homelie-catechetique-a-l-occasion-du-saint-et-grand-careme\\\/\"},\"wordCount\":1122,\"keywords\":[\"Car\u00eame\",\"cat\u00e9ch\u00e8se\",\"foi\",\"orthodoxie\",\"patriarcat\"],\"articleSection\":[\"Cat\u00e9ch\u00e8se\"],\"inLanguage\":\"fr-FR\"},{\"@type\":\"WebPage\",\"@id\":\"https:\\\/\\\/www.eoc.ee\\\/fr\\\/orthodoxie\\\/catechese\\\/homelie-catechetique-a-l-occasion-du-saint-et-grand-careme\\\/\",\"url\":\"https:\\\/\\\/www.eoc.ee\\\/fr\\\/orthodoxie\\\/catechese\\\/homelie-catechetique-a-l-occasion-du-saint-et-grand-careme\\\/\",\"name\":\"HOMELIE CATECHETIQUE A L\u2019OCCASION DU SAINT ET GRAND CAREME &#8211; \u00c9glise Orthodoxe d'Estonie\",\"isPartOf\":{\"@id\":\"https:\\\/\\\/www.eoc.ee\\\/#website\"},\"datePublished\":\"2015-01-27T08:40:48+00:00\",\"author\":{\"@id\":\"https:\\\/\\\/www.eoc.ee\\\/#\\\/schema\\\/person\\\/bfa03b2406703aa1a9256392aaa001b3\"},\"breadcrumb\":{\"@id\":\"https:\\\/\\\/www.eoc.ee\\\/fr\\\/orthodoxie\\\/catechese\\\/homelie-catechetique-a-l-occasion-du-saint-et-grand-careme\\\/#breadcrumb\"},\"inLanguage\":\"fr-FR\",\"potentialAction\":[{\"@type\":\"ReadAction\",\"target\":[\"https:\\\/\\\/www.eoc.ee\\\/fr\\\/orthodoxie\\\/catechese\\\/homelie-catechetique-a-l-occasion-du-saint-et-grand-careme\\\/\"]}]},{\"@type\":\"BreadcrumbList\",\"@id\":\"https:\\\/\\\/www.eoc.ee\\\/fr\\\/orthodoxie\\\/catechese\\\/homelie-catechetique-a-l-occasion-du-saint-et-grand-careme\\\/#breadcrumb\",\"itemListElement\":[{\"@type\":\"ListItem\",\"position\":1,\"name\":\"Home\",\"item\":\"https:\\\/\\\/www.eoc.ee\\\/\"},{\"@type\":\"ListItem\",\"position\":2,\"name\":\"HOMELIE CATECHETIQUE A L\u2019OCCASION DU SAINT ET GRAND CAREME\"}]},{\"@type\":\"WebSite\",\"@id\":\"https:\\\/\\\/www.eoc.ee\\\/#website\",\"url\":\"https:\\\/\\\/www.eoc.ee\\\/\",\"name\":\"\u00c9glise Orthodoxe d'Estonie\",\"description\":\"Eesti Apostlik-\u00d5igeusu Kirik\",\"potentialAction\":[{\"@type\":\"SearchAction\",\"target\":{\"@type\":\"EntryPoint\",\"urlTemplate\":\"https:\\\/\\\/www.eoc.ee\\\/?s={search_term_string}\"},\"query-input\":{\"@type\":\"PropertyValueSpecification\",\"valueRequired\":true,\"valueName\":\"search_term_string\"}}],\"inLanguage\":\"fr-FR\"},{\"@type\":\"Person\",\"@id\":\"https:\\\/\\\/www.eoc.ee\\\/#\\\/schema\\\/person\\\/bfa03b2406703aa1a9256392aaa001b3\",\"name\":\"Heike H\u00e4rma\",\"image\":{\"@type\":\"ImageObject\",\"inLanguage\":\"fr-FR\",\"@id\":\"https:\\\/\\\/secure.gravatar.com\\\/avatar\\\/8eb3cb357606a6c8ed98d4b92714824fc7d2f06e57b58d2b730a00e0199effb6?s=96&d=mm&r=g\",\"url\":\"https:\\\/\\\/secure.gravatar.com\\\/avatar\\\/8eb3cb357606a6c8ed98d4b92714824fc7d2f06e57b58d2b730a00e0199effb6?s=96&d=mm&r=g\",\"contentUrl\":\"https:\\\/\\\/secure.gravatar.com\\\/avatar\\\/8eb3cb357606a6c8ed98d4b92714824fc7d2f06e57b58d2b730a00e0199effb6?s=96&d=mm&r=g\",\"caption\":\"Heike H\u00e4rma\"},\"url\":\"https:\\\/\\\/www.eoc.ee\\\/fr\\\/author\\\/heike\\\/\"}]}<\/script>\n<!-- \/ Yoast SEO plugin. -->","yoast_head_json":{"title":"HOMELIE CATECHETIQUE A L\u2019OCCASION DU SAINT ET GRAND CAREME &#8211; \u00c9glise Orthodoxe d'Estonie","robots":{"index":"index","follow":"follow","max-snippet":"max-snippet:-1","max-image-preview":"max-image-preview:large","max-video-preview":"max-video-preview:-1"},"canonical":"https:\/\/www.eoc.ee\/fr\/orthodoxie\/catechese\/homelie-catechetique-a-l-occasion-du-saint-et-grand-careme\/","og_locale":"fr_FR","og_type":"article","og_title":"HOMELIE CATECHETIQUE A L\u2019OCCASION DU SAINT ET GRAND CAREME &#8211; \u00c9glise Orthodoxe d'Estonie","og_description":"N\u00b0 de protocole 293 HOMELIE CATECHETIQUE A L\u2019OCCASION DU SAINT ET GRAND CAREME BARTHOLOMEE, \u2028PAR LA GRACE DE DIEU ARCHEVEQUE DE CONSTANTINOPLE, \u2028NOUVELLE ROME ET PATRIARCHE \u0152CUMENIQUE, \u2028QUE LA GRACE ET LA PAIX DE NOTRE SEIGNEUR ET SAUVEUR JESUS CHRIST, AINSI QUE NOTRE PRI\u00c8RE, BENEDICTION ET ABSOLUTION SOIENT AVEC TOUT LE PLEROME DE L\u2019EGLISE Durant [&hellip;]","og_url":"https:\/\/www.eoc.ee\/fr\/orthodoxie\/catechese\/homelie-catechetique-a-l-occasion-du-saint-et-grand-careme\/","og_site_name":"\u00c9glise Orthodoxe d'Estonie","article_published_time":"2015-01-27T08:40:48+00:00","author":"Heike H\u00e4rma","twitter_misc":{"\u00c9crit par":"Heike H\u00e4rma","Dur\u00e9e de lecture estim\u00e9e":"6 minutes"},"schema":{"@context":"https:\/\/schema.org","@graph":[{"@type":"Article","@id":"https:\/\/www.eoc.ee\/fr\/orthodoxie\/catechese\/homelie-catechetique-a-l-occasion-du-saint-et-grand-careme\/#article","isPartOf":{"@id":"https:\/\/www.eoc.ee\/fr\/orthodoxie\/catechese\/homelie-catechetique-a-l-occasion-du-saint-et-grand-careme\/"},"author":{"name":"Heike H\u00e4rma","@id":"https:\/\/www.eoc.ee\/#\/schema\/person\/bfa03b2406703aa1a9256392aaa001b3"},"headline":"HOMELIE CATECHETIQUE A L\u2019OCCASION DU SAINT ET GRAND CAREME","datePublished":"2015-01-27T08:40:48+00:00","mainEntityOfPage":{"@id":"https:\/\/www.eoc.ee\/fr\/orthodoxie\/catechese\/homelie-catechetique-a-l-occasion-du-saint-et-grand-careme\/"},"wordCount":1122,"keywords":["Car\u00eame","cat\u00e9ch\u00e8se","foi","orthodoxie","patriarcat"],"articleSection":["Cat\u00e9ch\u00e8se"],"inLanguage":"fr-FR"},{"@type":"WebPage","@id":"https:\/\/www.eoc.ee\/fr\/orthodoxie\/catechese\/homelie-catechetique-a-l-occasion-du-saint-et-grand-careme\/","url":"https:\/\/www.eoc.ee\/fr\/orthodoxie\/catechese\/homelie-catechetique-a-l-occasion-du-saint-et-grand-careme\/","name":"HOMELIE CATECHETIQUE A L\u2019OCCASION DU SAINT ET GRAND CAREME &#8211; \u00c9glise Orthodoxe d'Estonie","isPartOf":{"@id":"https:\/\/www.eoc.ee\/#website"},"datePublished":"2015-01-27T08:40:48+00:00","author":{"@id":"https:\/\/www.eoc.ee\/#\/schema\/person\/bfa03b2406703aa1a9256392aaa001b3"},"breadcrumb":{"@id":"https:\/\/www.eoc.ee\/fr\/orthodoxie\/catechese\/homelie-catechetique-a-l-occasion-du-saint-et-grand-careme\/#breadcrumb"},"inLanguage":"fr-FR","potentialAction":[{"@type":"ReadAction","target":["https:\/\/www.eoc.ee\/fr\/orthodoxie\/catechese\/homelie-catechetique-a-l-occasion-du-saint-et-grand-careme\/"]}]},{"@type":"BreadcrumbList","@id":"https:\/\/www.eoc.ee\/fr\/orthodoxie\/catechese\/homelie-catechetique-a-l-occasion-du-saint-et-grand-careme\/#breadcrumb","itemListElement":[{"@type":"ListItem","position":1,"name":"Home","item":"https:\/\/www.eoc.ee\/"},{"@type":"ListItem","position":2,"name":"HOMELIE CATECHETIQUE A L\u2019OCCASION DU SAINT ET GRAND CAREME"}]},{"@type":"WebSite","@id":"https:\/\/www.eoc.ee\/#website","url":"https:\/\/www.eoc.ee\/","name":"\u00c9glise Orthodoxe d'Estonie","description":"Eesti Apostlik-\u00d5igeusu Kirik","potentialAction":[{"@type":"SearchAction","target":{"@type":"EntryPoint","urlTemplate":"https:\/\/www.eoc.ee\/?s={search_term_string}"},"query-input":{"@type":"PropertyValueSpecification","valueRequired":true,"valueName":"search_term_string"}}],"inLanguage":"fr-FR"},{"@type":"Person","@id":"https:\/\/www.eoc.ee\/#\/schema\/person\/bfa03b2406703aa1a9256392aaa001b3","name":"Heike H\u00e4rma","image":{"@type":"ImageObject","inLanguage":"fr-FR","@id":"https:\/\/secure.gravatar.com\/avatar\/8eb3cb357606a6c8ed98d4b92714824fc7d2f06e57b58d2b730a00e0199effb6?s=96&d=mm&r=g","url":"https:\/\/secure.gravatar.com\/avatar\/8eb3cb357606a6c8ed98d4b92714824fc7d2f06e57b58d2b730a00e0199effb6?s=96&d=mm&r=g","contentUrl":"https:\/\/secure.gravatar.com\/avatar\/8eb3cb357606a6c8ed98d4b92714824fc7d2f06e57b58d2b730a00e0199effb6?s=96&d=mm&r=g","caption":"Heike H\u00e4rma"},"url":"https:\/\/www.eoc.ee\/fr\/author\/heike\/"}]}},"_links":{"self":[{"href":"https:\/\/www.eoc.ee\/fr\/wp-json\/wp\/v2\/posts\/8160","targetHints":{"allow":["GET"]}}],"collection":[{"href":"https:\/\/www.eoc.ee\/fr\/wp-json\/wp\/v2\/posts"}],"about":[{"href":"https:\/\/www.eoc.ee\/fr\/wp-json\/wp\/v2\/types\/post"}],"author":[{"embeddable":true,"href":"https:\/\/www.eoc.ee\/fr\/wp-json\/wp\/v2\/users\/7"}],"replies":[{"embeddable":true,"href":"https:\/\/www.eoc.ee\/fr\/wp-json\/wp\/v2\/comments?post=8160"}],"version-history":[{"count":2,"href":"https:\/\/www.eoc.ee\/fr\/wp-json\/wp\/v2\/posts\/8160\/revisions"}],"predecessor-version":[{"id":8162,"href":"https:\/\/www.eoc.ee\/fr\/wp-json\/wp\/v2\/posts\/8160\/revisions\/8162"}],"wp:attachment":[{"href":"https:\/\/www.eoc.ee\/fr\/wp-json\/wp\/v2\/media?parent=8160"}],"wp:term":[{"taxonomy":"category","embeddable":true,"href":"https:\/\/www.eoc.ee\/fr\/wp-json\/wp\/v2\/categories?post=8160"},{"taxonomy":"post_tag","embeddable":true,"href":"https:\/\/www.eoc.ee\/fr\/wp-json\/wp\/v2\/tags?post=8160"}],"curies":[{"name":"wp","href":"https:\/\/api.w.org\/{rel}","templated":true}]}}