{"id":9867,"date":"2015-03-24T15:54:05","date_gmt":"2015-03-24T13:54:05","guid":{"rendered":"http:\/\/www.eoc.ee\/?p=9867"},"modified":"2015-03-24T15:54:05","modified_gmt":"2015-03-24T13:54:05","slug":"lintervention-du-metropolite-stephanos-au-salon-du-livre-paris","status":"publish","type":"post","link":"https:\/\/www.eoc.ee\/fr\/orthodoxie\/societe\/lintervention-du-metropolite-stephanos-au-salon-du-livre-paris\/","title":{"rendered":"L&rsquo;intervention du m\u00e9tropolite St\u00e9phanos au salon du livre \u0101 Paris"},"content":{"rendered":"<p>Mgr St\u00e9phane de Tallinn et de toute l\u2019Estonie et Carol Saba : \u00ab Face aux d\u00e9fis du temps pr\u00e9sent : quelle \u00e9dition orthodoxe ? \u00bb<\/p>\n<div>\n<p>Nous vous proposons de regarder l&rsquo;enregistrement vid\u00e9o de la double conference du m\u00e9tropolite St\u00e9phane de Tallinn et de toute l&rsquo;Estonie et de Carol Saba sur le th\u00e8me <strong>\u00ab Face aux d\u00e9fis du temps pr\u00e9sent : quelle \u00e9dition orthodoxe ? \u00bb<\/strong> qui a eu lieu lors du\u00a02e Salon du livre orthodoxe \u0101 Paris le 25 et 26 avril 2014.<\/p>\n<p>Veuillez trouver l&rsquo;enregistrement vid\u00e9o ici:\u00a0<a href=\"http:\/\/orthodoxie.com\/mgr-stephane-de-tallinn-et-de-toute-lestonie-et-carol-saba-face-aux-defis-du-temps-present-quelle-edition-orthodoxe\/\">\u00abFace aux d\u00e9fis du temps pr\u00e9sent : quelle \u00e9dition orthodoxe ?\u00bb par Mgr St\u00e9phanos<\/a><\/p>\n<\/div>\n","protected":false},"excerpt":{"rendered":"<p>Mgr St\u00e9phane de Tallinn et de toute l\u2019Estonie et Carol Saba : \u00ab Face aux d\u00e9fis du temps pr\u00e9sent : quelle \u00e9dition orthodoxe ? \u00bb Nous vous proposons de regarder l&rsquo;enregistrement vid\u00e9o de la double conference du m\u00e9tropolite St\u00e9phane de Tallinn et de toute l&rsquo;Estonie et de Carol Saba sur le th\u00e8me \u00ab Face aux [&hellip;]<\/p>\n","protected":false},"author":7,"featured_media":0,"comment_status":"closed","ping_status":"open","sticky":false,"template":"","format":"standard","meta":{"_exactmetrics_skip_tracking":false,"_exactmetrics_sitenote_active":false,"_exactmetrics_sitenote_note":"","_exactmetrics_sitenote_category":0,"_monsterinsights_skip_tracking":false,"_monsterinsights_sitenote_active":false,"_monsterinsights_sitenote_note":"","_monsterinsights_sitenote_category":0,"footnotes":""},"categories":[184,163],"tags":[],"class_list":["post-9867","post","type-post","status-publish","format-standard","hentry","category-calendrier-liturgique","category-societe"],"yoast_head":"<!-- This site is optimized with the Yoast SEO plugin v27.5 - https:\/\/yoast.com\/product\/yoast-seo-wordpress\/ -->\n<title>L&#039;intervention du m\u00e9tropolite St\u00e9phanos au salon du livre \u0101 Paris &#8211; \u00c9glise Orthodoxe d&#039;Estonie<\/title>\n<meta name=\"robots\" content=\"index, follow, max-snippet:-1, max-image-preview:large, max-video-preview:-1\" \/>\n<link rel=\"canonical\" href=\"https:\/\/www.eoc.ee\/fr\/orthodoxie\/societe\/lintervention-du-metropolite-stephanos-au-salon-du-livre-paris\/\" \/>\n<meta property=\"og:locale\" content=\"fr_FR\" \/>\n<meta property=\"og:type\" content=\"article\" \/>\n<meta property=\"og:title\" content=\"L&#039;intervention du m\u00e9tropolite St\u00e9phanos au salon du livre \u0101 Paris &#8211; \u00c9glise Orthodoxe d&#039;Estonie\" \/>\n<meta property=\"og:description\" content=\"Mgr St\u00e9phane de Tallinn et de toute l\u2019Estonie et Carol Saba : \u00ab Face aux d\u00e9fis du temps pr\u00e9sent : quelle \u00e9dition orthodoxe ? \u00bb Nous vous proposons de regarder l&rsquo;enregistrement vid\u00e9o de la double conference du m\u00e9tropolite St\u00e9phane de Tallinn et de toute l&rsquo;Estonie et de Carol Saba sur le th\u00e8me \u00ab Face aux [&hellip;]\" \/>\n<meta property=\"og:url\" content=\"https:\/\/www.eoc.ee\/fr\/orthodoxie\/societe\/lintervention-du-metropolite-stephanos-au-salon-du-livre-paris\/\" \/>\n<meta property=\"og:site_name\" content=\"\u00c9glise Orthodoxe d&#039;Estonie\" \/>\n<meta property=\"article:published_time\" content=\"2015-03-24T13:54:05+00:00\" \/>\n<meta name=\"author\" content=\"Heike H\u00e4rma\" \/>\n<meta name=\"twitter:label1\" content=\"\u00c9crit par\" \/>\n\t<meta name=\"twitter:data1\" content=\"Heike H\u00e4rma\" \/>\n\t<meta name=\"twitter:label2\" content=\"Dur\u00e9e de lecture estim\u00e9e\" \/>\n\t<meta name=\"twitter:data2\" content=\"1 minute\" \/>\n<script type=\"application\/ld+json\" class=\"yoast-schema-graph\">{\"@context\":\"https:\\\/\\\/schema.org\",\"@graph\":[{\"@type\":\"Article\",\"@id\":\"https:\\\/\\\/www.eoc.ee\\\/fr\\\/orthodoxie\\\/societe\\\/lintervention-du-metropolite-stephanos-au-salon-du-livre-paris\\\/#article\",\"isPartOf\":{\"@id\":\"https:\\\/\\\/www.eoc.ee\\\/fr\\\/orthodoxie\\\/societe\\\/lintervention-du-metropolite-stephanos-au-salon-du-livre-paris\\\/\"},\"author\":{\"name\":\"Heike H\u00e4rma\",\"@id\":\"https:\\\/\\\/www.eoc.ee\\\/#\\\/schema\\\/person\\\/bfa03b2406703aa1a9256392aaa001b3\"},\"headline\":\"L&rsquo;intervention du m\u00e9tropolite St\u00e9phanos au salon du livre \u0101 Paris\",\"datePublished\":\"2015-03-24T13:54:05+00:00\",\"mainEntityOfPage\":{\"@id\":\"https:\\\/\\\/www.eoc.ee\\\/fr\\\/orthodoxie\\\/societe\\\/lintervention-du-metropolite-stephanos-au-salon-du-livre-paris\\\/\"},\"wordCount\":117,\"articleSection\":[\"Articles\",\"Soci\u00e9t\u00e9\"],\"inLanguage\":\"fr-FR\"},{\"@type\":\"WebPage\",\"@id\":\"https:\\\/\\\/www.eoc.ee\\\/fr\\\/orthodoxie\\\/societe\\\/lintervention-du-metropolite-stephanos-au-salon-du-livre-paris\\\/\",\"url\":\"https:\\\/\\\/www.eoc.ee\\\/fr\\\/orthodoxie\\\/societe\\\/lintervention-du-metropolite-stephanos-au-salon-du-livre-paris\\\/\",\"name\":\"L'intervention du m\u00e9tropolite St\u00e9phanos au salon du livre \u0101 Paris &#8211; \u00c9glise Orthodoxe d'Estonie\",\"isPartOf\":{\"@id\":\"https:\\\/\\\/www.eoc.ee\\\/#website\"},\"datePublished\":\"2015-03-24T13:54:05+00:00\",\"author\":{\"@id\":\"https:\\\/\\\/www.eoc.ee\\\/#\\\/schema\\\/person\\\/bfa03b2406703aa1a9256392aaa001b3\"},\"breadcrumb\":{\"@id\":\"https:\\\/\\\/www.eoc.ee\\\/fr\\\/orthodoxie\\\/societe\\\/lintervention-du-metropolite-stephanos-au-salon-du-livre-paris\\\/#breadcrumb\"},\"inLanguage\":\"fr-FR\",\"potentialAction\":[{\"@type\":\"ReadAction\",\"target\":[\"https:\\\/\\\/www.eoc.ee\\\/fr\\\/orthodoxie\\\/societe\\\/lintervention-du-metropolite-stephanos-au-salon-du-livre-paris\\\/\"]}]},{\"@type\":\"BreadcrumbList\",\"@id\":\"https:\\\/\\\/www.eoc.ee\\\/fr\\\/orthodoxie\\\/societe\\\/lintervention-du-metropolite-stephanos-au-salon-du-livre-paris\\\/#breadcrumb\",\"itemListElement\":[{\"@type\":\"ListItem\",\"position\":1,\"name\":\"Home\",\"item\":\"https:\\\/\\\/www.eoc.ee\\\/\"},{\"@type\":\"ListItem\",\"position\":2,\"name\":\"L&rsquo;intervention du m\u00e9tropolite St\u00e9phanos au salon du livre \u0101 Paris\"}]},{\"@type\":\"WebSite\",\"@id\":\"https:\\\/\\\/www.eoc.ee\\\/#website\",\"url\":\"https:\\\/\\\/www.eoc.ee\\\/\",\"name\":\"\u00c9glise Orthodoxe d'Estonie\",\"description\":\"Eesti Apostlik-\u00d5igeusu Kirik\",\"potentialAction\":[{\"@type\":\"SearchAction\",\"target\":{\"@type\":\"EntryPoint\",\"urlTemplate\":\"https:\\\/\\\/www.eoc.ee\\\/?s={search_term_string}\"},\"query-input\":{\"@type\":\"PropertyValueSpecification\",\"valueRequired\":true,\"valueName\":\"search_term_string\"}}],\"inLanguage\":\"fr-FR\"},{\"@type\":\"Person\",\"@id\":\"https:\\\/\\\/www.eoc.ee\\\/#\\\/schema\\\/person\\\/bfa03b2406703aa1a9256392aaa001b3\",\"name\":\"Heike H\u00e4rma\",\"image\":{\"@type\":\"ImageObject\",\"inLanguage\":\"fr-FR\",\"@id\":\"https:\\\/\\\/secure.gravatar.com\\\/avatar\\\/8eb3cb357606a6c8ed98d4b92714824fc7d2f06e57b58d2b730a00e0199effb6?s=96&d=mm&r=g\",\"url\":\"https:\\\/\\\/secure.gravatar.com\\\/avatar\\\/8eb3cb357606a6c8ed98d4b92714824fc7d2f06e57b58d2b730a00e0199effb6?s=96&d=mm&r=g\",\"contentUrl\":\"https:\\\/\\\/secure.gravatar.com\\\/avatar\\\/8eb3cb357606a6c8ed98d4b92714824fc7d2f06e57b58d2b730a00e0199effb6?s=96&d=mm&r=g\",\"caption\":\"Heike H\u00e4rma\"},\"url\":\"https:\\\/\\\/www.eoc.ee\\\/fr\\\/author\\\/heike\\\/\"}]}<\/script>\n<!-- \/ Yoast SEO plugin. -->","yoast_head_json":{"title":"L'intervention du m\u00e9tropolite St\u00e9phanos au salon du livre \u0101 Paris &#8211; \u00c9glise Orthodoxe d'Estonie","robots":{"index":"index","follow":"follow","max-snippet":"max-snippet:-1","max-image-preview":"max-image-preview:large","max-video-preview":"max-video-preview:-1"},"canonical":"https:\/\/www.eoc.ee\/fr\/orthodoxie\/societe\/lintervention-du-metropolite-stephanos-au-salon-du-livre-paris\/","og_locale":"fr_FR","og_type":"article","og_title":"L'intervention du m\u00e9tropolite St\u00e9phanos au salon du livre \u0101 Paris &#8211; \u00c9glise Orthodoxe d'Estonie","og_description":"Mgr St\u00e9phane de Tallinn et de toute l\u2019Estonie et Carol Saba : \u00ab Face aux d\u00e9fis du temps pr\u00e9sent : quelle \u00e9dition orthodoxe ? \u00bb Nous vous proposons de regarder l&rsquo;enregistrement vid\u00e9o de la double conference du m\u00e9tropolite St\u00e9phane de Tallinn et de toute l&rsquo;Estonie et de Carol Saba sur le th\u00e8me \u00ab Face aux [&hellip;]","og_url":"https:\/\/www.eoc.ee\/fr\/orthodoxie\/societe\/lintervention-du-metropolite-stephanos-au-salon-du-livre-paris\/","og_site_name":"\u00c9glise Orthodoxe d'Estonie","article_published_time":"2015-03-24T13:54:05+00:00","author":"Heike H\u00e4rma","twitter_misc":{"\u00c9crit par":"Heike H\u00e4rma","Dur\u00e9e de lecture estim\u00e9e":"1 minute"},"schema":{"@context":"https:\/\/schema.org","@graph":[{"@type":"Article","@id":"https:\/\/www.eoc.ee\/fr\/orthodoxie\/societe\/lintervention-du-metropolite-stephanos-au-salon-du-livre-paris\/#article","isPartOf":{"@id":"https:\/\/www.eoc.ee\/fr\/orthodoxie\/societe\/lintervention-du-metropolite-stephanos-au-salon-du-livre-paris\/"},"author":{"name":"Heike H\u00e4rma","@id":"https:\/\/www.eoc.ee\/#\/schema\/person\/bfa03b2406703aa1a9256392aaa001b3"},"headline":"L&rsquo;intervention du m\u00e9tropolite St\u00e9phanos au salon du livre \u0101 Paris","datePublished":"2015-03-24T13:54:05+00:00","mainEntityOfPage":{"@id":"https:\/\/www.eoc.ee\/fr\/orthodoxie\/societe\/lintervention-du-metropolite-stephanos-au-salon-du-livre-paris\/"},"wordCount":117,"articleSection":["Articles","Soci\u00e9t\u00e9"],"inLanguage":"fr-FR"},{"@type":"WebPage","@id":"https:\/\/www.eoc.ee\/fr\/orthodoxie\/societe\/lintervention-du-metropolite-stephanos-au-salon-du-livre-paris\/","url":"https:\/\/www.eoc.ee\/fr\/orthodoxie\/societe\/lintervention-du-metropolite-stephanos-au-salon-du-livre-paris\/","name":"L'intervention du m\u00e9tropolite St\u00e9phanos au salon du livre \u0101 Paris &#8211; \u00c9glise Orthodoxe d'Estonie","isPartOf":{"@id":"https:\/\/www.eoc.ee\/#website"},"datePublished":"2015-03-24T13:54:05+00:00","author":{"@id":"https:\/\/www.eoc.ee\/#\/schema\/person\/bfa03b2406703aa1a9256392aaa001b3"},"breadcrumb":{"@id":"https:\/\/www.eoc.ee\/fr\/orthodoxie\/societe\/lintervention-du-metropolite-stephanos-au-salon-du-livre-paris\/#breadcrumb"},"inLanguage":"fr-FR","potentialAction":[{"@type":"ReadAction","target":["https:\/\/www.eoc.ee\/fr\/orthodoxie\/societe\/lintervention-du-metropolite-stephanos-au-salon-du-livre-paris\/"]}]},{"@type":"BreadcrumbList","@id":"https:\/\/www.eoc.ee\/fr\/orthodoxie\/societe\/lintervention-du-metropolite-stephanos-au-salon-du-livre-paris\/#breadcrumb","itemListElement":[{"@type":"ListItem","position":1,"name":"Home","item":"https:\/\/www.eoc.ee\/"},{"@type":"ListItem","position":2,"name":"L&rsquo;intervention du m\u00e9tropolite St\u00e9phanos au salon du livre \u0101 Paris"}]},{"@type":"WebSite","@id":"https:\/\/www.eoc.ee\/#website","url":"https:\/\/www.eoc.ee\/","name":"\u00c9glise Orthodoxe d'Estonie","description":"Eesti Apostlik-\u00d5igeusu Kirik","potentialAction":[{"@type":"SearchAction","target":{"@type":"EntryPoint","urlTemplate":"https:\/\/www.eoc.ee\/?s={search_term_string}"},"query-input":{"@type":"PropertyValueSpecification","valueRequired":true,"valueName":"search_term_string"}}],"inLanguage":"fr-FR"},{"@type":"Person","@id":"https:\/\/www.eoc.ee\/#\/schema\/person\/bfa03b2406703aa1a9256392aaa001b3","name":"Heike H\u00e4rma","image":{"@type":"ImageObject","inLanguage":"fr-FR","@id":"https:\/\/secure.gravatar.com\/avatar\/8eb3cb357606a6c8ed98d4b92714824fc7d2f06e57b58d2b730a00e0199effb6?s=96&d=mm&r=g","url":"https:\/\/secure.gravatar.com\/avatar\/8eb3cb357606a6c8ed98d4b92714824fc7d2f06e57b58d2b730a00e0199effb6?s=96&d=mm&r=g","contentUrl":"https:\/\/secure.gravatar.com\/avatar\/8eb3cb357606a6c8ed98d4b92714824fc7d2f06e57b58d2b730a00e0199effb6?s=96&d=mm&r=g","caption":"Heike H\u00e4rma"},"url":"https:\/\/www.eoc.ee\/fr\/author\/heike\/"}]}},"_links":{"self":[{"href":"https:\/\/www.eoc.ee\/fr\/wp-json\/wp\/v2\/posts\/9867","targetHints":{"allow":["GET"]}}],"collection":[{"href":"https:\/\/www.eoc.ee\/fr\/wp-json\/wp\/v2\/posts"}],"about":[{"href":"https:\/\/www.eoc.ee\/fr\/wp-json\/wp\/v2\/types\/post"}],"author":[{"embeddable":true,"href":"https:\/\/www.eoc.ee\/fr\/wp-json\/wp\/v2\/users\/7"}],"replies":[{"embeddable":true,"href":"https:\/\/www.eoc.ee\/fr\/wp-json\/wp\/v2\/comments?post=9867"}],"version-history":[{"count":2,"href":"https:\/\/www.eoc.ee\/fr\/wp-json\/wp\/v2\/posts\/9867\/revisions"}],"predecessor-version":[{"id":9869,"href":"https:\/\/www.eoc.ee\/fr\/wp-json\/wp\/v2\/posts\/9867\/revisions\/9869"}],"wp:attachment":[{"href":"https:\/\/www.eoc.ee\/fr\/wp-json\/wp\/v2\/media?parent=9867"}],"wp:term":[{"taxonomy":"category","embeddable":true,"href":"https:\/\/www.eoc.ee\/fr\/wp-json\/wp\/v2\/categories?post=9867"},{"taxonomy":"post_tag","embeddable":true,"href":"https:\/\/www.eoc.ee\/fr\/wp-json\/wp\/v2\/tags?post=9867"}],"curies":[{"name":"wp","href":"https:\/\/api.w.org\/{rel}","templated":true}]}}